{"id":132788,"date":"2025-05-27T22:13:08","date_gmt":"2025-05-27T22:13:08","guid":{"rendered":"https:\/\/www.europesays.com\/fr\/132788\/"},"modified":"2025-05-27T22:13:08","modified_gmt":"2025-05-27T22:13:08","slug":"a-new-york-une-maison-de-ville-aux-influences-moody-et-maximaliste","status":"publish","type":"post","link":"https:\/\/www.europesays.com\/fr\/132788\/","title":{"rendered":"\u00c0 New York, une maison de ville aux influences moody et maximaliste"},"content":{"rendered":"<p>Deux niveaux plus haut, apr\u00e8s une mezzanine avec une biblioth\u00e8que donnant sur les fen\u00eatres \u00e0 double hauteur, se trouve une cuisine. Ses murs sont recouverts de carreaux vert \u00e9meraude brillants qui vont jusqu&rsquo;au plafond, et les plans de travail, en marbre rosso levanto, ont des tons bordeaux profonds avec des veines blanches. Le contraste est \u00e9blouissant. Au centre de l&rsquo;espace se trouve une table de salle \u00e0 manger Louis XV associ\u00e9e \u00e0 des chaises Thonet vintage tapiss\u00e9es d&rsquo;un velours vert gaufr\u00e9 et \u00e0 une suspension en verre de style Art d\u00e9co fran\u00e7ais. \u00ab C&rsquo;est une collection \u00e9clectique de meubles intemporels \u00bb, explique Amy Kolker. \u00ab C&rsquo;est une cuisine riche et luxueuse \u00bb.<\/p>\n<p>Au m\u00eame niveau se trouve un salon utilis\u00e9 comme salle de presse, avec une t\u00e9l\u00e9vision cach\u00e9e derri\u00e8re des rideaux bleus, des murs bleu marine, des plafonds assortis et une chemin\u00e9e monolithique en marbre allant du sol au plafond, flanqu\u00e9e de miroirs dor\u00e9s. C&rsquo;est la pi\u00e8ce influenc\u00e9e par Adolf Loos et son penchant pour la sym\u00e9trie et les panneaux.<\/p>\n<p>James Haslam, dont la famille poss\u00e8de le Haslam Sports Group, a \u00e9t\u00e9 tellement satisfait des r\u00e9sultats qu&rsquo;il a demand\u00e9 \u00e0 Amy Kolker de concevoir sa maison \u00e0 Miami. \u00ab Elle conna\u00eet son m\u00e9tier \u00bb, dit-il. \u00ab Et j&rsquo;ai \u00e9t\u00e9 impressionn\u00e9 par sa capacit\u00e9 \u00e0 s\u2019\u00e9loigner de son propre style. \u00bb Depuis, Amy Kolker a cr\u00e9\u00e9 son studio de d\u00e9coration d&rsquo;int\u00e9rieur et a accept\u00e9 de nouveaux clients, mais aucun ne s&rsquo;est montr\u00e9 aussi enthousiaste que le premier. \u00ab Beaucoup de gens veulent une maison \u201csafe\u201d, alors que James est extr\u00eamement cr\u00e9atif \u00bb, dit-elle. \u00ab C&rsquo;\u00e9tait une exp\u00e9rience incroyable. \u00bb<\/p>\n<p>L&rsquo;ext\u00e9rieur de la maison de ville, qui s&rsquo;\u00e9tend sur six \u00e9tages et fait pr\u00e8s de 750 m\u00e8tres carr\u00e9s. Amy Kolker a travaill\u00e9 avec AlphaCraft Construction sur les r\u00e9novations de la maison. \u00a9 Photo Nicole Franzen \/ Stylisme Austin Whittle<\/p>\n<p>Le style du salon principal de cette maison de ville de six \u00e9tages, con\u00e7u par Amy Kolker de Jane Street Projects, s&rsquo;inspire de la Maison de Verre \u00e0 Paris, ic\u00f4ne du d\u00e9but de l&rsquo;architecture moderne avec ses immenses vitres en acier. Un canap\u00e9 sectionnel en quatre parties de Vladimir Kagan a \u00e9t\u00e9 associ\u00e9 \u00e0 une table basse de la Maison Lancel.<\/p>\n<p>\u00a9 Photo Nicole Franzen \/ Stylisme Austin Whittle<\/p>\n","protected":false},"excerpt":{"rendered":"Deux niveaux plus haut, apr\u00e8s une mezzanine avec une biblioth\u00e8que donnant sur les fen\u00eatres \u00e0 double hauteur, se&hellip;\n","protected":false},"author":2,"featured_media":132789,"comment_status":"","ping_status":"","sticky":false,"template":"","format":"standard","meta":{"footnotes":""},"categories":[1358],"tags":[10588,1348,1384,1385,1386,58,59,1011,27,415],"class_list":{"0":"post-132788","1":"post","2":"type-post","3":"status-publish","4":"format-standard","5":"has-post-thumbnail","7":"category-arts-et-design","8":"tag-appartement-new-yorkais","9":"tag-arts","10":"tag-arts-and-design","11":"tag-arts-et-design","12":"tag-design","13":"tag-divertissement","14":"tag-entertainment","15":"tag-fr","16":"tag-france","17":"tag-new-york"},"share_on_mastodon":{"url":"https:\/\/pubeurope.com\/@fr\/114582100688344756","error":""},"_links":{"self":[{"href":"https:\/\/www.europesays.com\/fr\/wp-json\/wp\/v2\/posts\/132788","targetHints":{"allow":["GET"]}}],"collection":[{"href":"https:\/\/www.europesays.com\/fr\/wp-json\/wp\/v2\/posts"}],"about":[{"href":"https:\/\/www.europesays.com\/fr\/wp-json\/wp\/v2\/types\/post"}],"author":[{"embeddable":true,"href":"https:\/\/www.europesays.com\/fr\/wp-json\/wp\/v2\/users\/2"}],"replies":[{"embeddable":true,"href":"https:\/\/www.europesays.com\/fr\/wp-json\/wp\/v2\/comments?post=132788"}],"version-history":[{"count":0,"href":"https:\/\/www.europesays.com\/fr\/wp-json\/wp\/v2\/posts\/132788\/revisions"}],"wp:featuredmedia":[{"embeddable":true,"href":"https:\/\/www.europesays.com\/fr\/wp-json\/wp\/v2\/media\/132789"}],"wp:attachment":[{"href":"https:\/\/www.europesays.com\/fr\/wp-json\/wp\/v2\/media?parent=132788"}],"wp:term":[{"taxonomy":"category","embeddable":true,"href":"https:\/\/www.europesays.com\/fr\/wp-json\/wp\/v2\/categories?post=132788"},{"taxonomy":"post_tag","embeddable":true,"href":"https:\/\/www.europesays.com\/fr\/wp-json\/wp\/v2\/tags?post=132788"}],"curies":[{"name":"wp","href":"https:\/\/api.w.org\/{rel}","templated":true}]}}