{"id":132790,"date":"2025-05-27T22:14:13","date_gmt":"2025-05-27T22:14:13","guid":{"rendered":"https:\/\/www.europesays.com\/fr\/132790\/"},"modified":"2025-05-27T22:14:13","modified_gmt":"2025-05-27T22:14:13","slug":"jeremie-moreau-fidele-a-la-pile-de-livres","status":"publish","type":"post","link":"https:\/\/www.europesays.com\/fr\/132790\/","title":{"rendered":"J\u00e9r\u00e9mie Moreau fid\u00e8le \u00e0 La Pile de livres"},"content":{"rendered":"<p>Une soir\u00e9e lecture riche en \u00e9motions s\u2019est tenue vendredi 23\u00a0mai \u00e0 la biblioth\u00e8que. En effet, La Pile de livres accueillait l\u2019\u00e9crivain J\u00e9r\u00e9mie Moreau pour la troisi\u00e8me fois sur la commune. Tourangeau \u00e0 l\u2019enfance douloureuse et difficile, la pr\u00e9sentation de son livre Les Par-dessus de l\u2019enfance \u00e9tait en quelque sorte une suite au livre Ma m\u00e8re, cette utopie car on y retrouve J\u00e9r\u00e9mie, plac\u00e9 en institution par la Protection de l\u2019enfance \u00e0 l\u2019aube de l\u2019adolescence. <\/p>\n<p>Le public a fortement appr\u00e9ci\u00e9 cette soir\u00e9e coanim\u00e9e par Yves Girard, psychanalyste, r\u00e9dacteur de la pr\u00e9face du livre. La prochaine soir\u00e9e lecture se tiendra le 26\u00a0septembre autour de Philippe Paoletti, qui transportera les auditeurs dans le monde de la po\u00e9sie.<\/p>\n","protected":false},"excerpt":{"rendered":"Une soir\u00e9e lecture riche en \u00e9motions s\u2019est tenue vendredi 23\u00a0mai \u00e0 la biblioth\u00e8que. En effet, La Pile de&hellip;\n","protected":false},"author":2,"featured_media":132791,"comment_status":"","ping_status":"","sticky":false,"template":"","format":"standard","meta":{"footnotes":""},"categories":[1357],"tags":[1379,25835,1674,58,59,1011,27,1380],"class_list":{"0":"post-132790","1":"post","2":"type-post","3":"status-publish","4":"format-standard","5":"has-post-thumbnail","7":"category-livres","8":"tag-books","9":"tag-cinq-mars-la-pile","10":"tag-communes","11":"tag-divertissement","12":"tag-entertainment","13":"tag-fr","14":"tag-france","15":"tag-livres"},"share_on_mastodon":{"url":"https:\/\/pubeurope.com\/@fr\/114582104668597275","error":""},"_links":{"self":[{"href":"https:\/\/www.europesays.com\/fr\/wp-json\/wp\/v2\/posts\/132790","targetHints":{"allow":["GET"]}}],"collection":[{"href":"https:\/\/www.europesays.com\/fr\/wp-json\/wp\/v2\/posts"}],"about":[{"href":"https:\/\/www.europesays.com\/fr\/wp-json\/wp\/v2\/types\/post"}],"author":[{"embeddable":true,"href":"https:\/\/www.europesays.com\/fr\/wp-json\/wp\/v2\/users\/2"}],"replies":[{"embeddable":true,"href":"https:\/\/www.europesays.com\/fr\/wp-json\/wp\/v2\/comments?post=132790"}],"version-history":[{"count":0,"href":"https:\/\/www.europesays.com\/fr\/wp-json\/wp\/v2\/posts\/132790\/revisions"}],"wp:featuredmedia":[{"embeddable":true,"href":"https:\/\/www.europesays.com\/fr\/wp-json\/wp\/v2\/media\/132791"}],"wp:attachment":[{"href":"https:\/\/www.europesays.com\/fr\/wp-json\/wp\/v2\/media?parent=132790"}],"wp:term":[{"taxonomy":"category","embeddable":true,"href":"https:\/\/www.europesays.com\/fr\/wp-json\/wp\/v2\/categories?post=132790"},{"taxonomy":"post_tag","embeddable":true,"href":"https:\/\/www.europesays.com\/fr\/wp-json\/wp\/v2\/tags?post=132790"}],"curies":[{"name":"wp","href":"https:\/\/api.w.org\/{rel}","templated":true}]}}