{"id":132802,"date":"2025-05-27T22:20:09","date_gmt":"2025-05-27T22:20:09","guid":{"rendered":"https:\/\/www.europesays.com\/fr\/132802\/"},"modified":"2025-05-27T22:20:09","modified_gmt":"2025-05-27T22:20:09","slug":"il-me-regardait-les-fesses-le-decollete-cest-honteux-ophelie-winter-outree-par-son-passage-dans-cette-celebre-emission-francaise","status":"publish","type":"post","link":"https:\/\/www.europesays.com\/fr\/132802\/","title":{"rendered":"\u00ab\u00a0Il me regardait les fesses, le d\u00e9collet\u00e9\u2026 C\u2019est honteux\u00a0\u00bb : Oph\u00e9lie Winter, outr\u00e9e par son passage dans cette c\u00e9l\u00e8bre \u00e9mission fran\u00e7aise"},"content":{"rendered":"<p>Une mauvaise exp\u00e9rience, qui n\u2019aurait plus lieu aujourd\u2019hui. En 1993, alors qu\u2019elle n\u2019avait m\u00eame pas 20 ans, <a href=\"https:\/\/www.public.fr\/tag\/ophelie-winter\" target=\"_blank\" rel=\"noopener\">Oph\u00e9lie Winter<\/a> \u00e9tait l\u2019invit\u00e9e de l\u2019\u00e9mission <strong>\u00ab\u00a0Yacapa\u00a0\u00bb<\/strong>. Un programme pr\u00e9sent\u00e9, \u00e0 l\u2019\u00e9poque, par Pascal Brunner, dont elle ne garde pas vraiment de bons souvenirs.<\/p>\n<p>Et pour cause, l\u2019interpr\u00e8te de <strong>\u00ab\u00a0Dieu m\u2019a donn\u00e9 la foi\u00a0\u00bb<\/strong> a fait l\u2019objet de machisme et de sexualisation lors de sa venue dans le programme cr\u00e9\u00e9 par Guy Lux et pr\u00e9sent\u00e9 par Vincent Lagaf\u2019, avant Pascal Brunner, diffus\u00e9 du 2 mai 1992 au 12 juin 1994 sur France 3.\u00a0<\/p>\n<p>Oph\u00e9lie Winter, et son passage tr\u00e8s g\u00eanant dans \u00ab\u00a0Yacapa\u00a0\u00bb<\/p>\n<p>Invit\u00e9e de <strong>\u00ab\u00a0C \u00e0 Vous\u00a0\u00bb<\/strong> ce mardi 27 mai 2025, Oph\u00e9lie Winter a justement accept\u00e9 de revenir sur ce passage en 1993. \u00ab\u00a0\u00catre une femme dans les ann\u00e9es 1990, \u00e7a voulait dire aussi <strong>\u00eatre victime d&rsquo;un sexisme absolument d\u00e9complex\u00e9, choquant<\/strong>\u00ab\u00a0, a d\u2019abord rappel\u00e9 <a href=\"https:\/\/www.public.fr\/tag\/anne-elisabeth-lemoine\" target=\"_blank\" rel=\"noopener\">Anne-\u00c9lisabeth Lemoine<\/a> avant de d\u00e9voiler un extrait du passage de son invit\u00e9e, dans l\u2019\u00e9mission <strong>\u00ab\u00a0Yacapa\u00a0\u00bb.<\/strong><\/p>\n<p>\u00ab\u00a0Elle a un CD qui s&rsquo;appelle : \u2018When I Got the Moon\u2019. Elle s&rsquo;appelle Oph\u00e9lie Winter. C&rsquo;est le bolide des bolides. Mesdames et messieurs, Oph\u00e9lie Winter ! On est bien l\u00e0, hein. Oh mon Dieu, non mais je te jure. Bon alors, tu termines ta tourn\u00e9e, ma petite Oph\u00e9lie ?\u00a0\u00bb, l\u00e2che alors l\u2019animateur en s\u2019adressant \u00e0 ses chroniqueurs dans un premier temps, avant de s\u2019adresser \u00e0 la chanteuse, tout en le regardant au niveau de la poitrine.\u00a0<\/p>\n<p>\u00ab\u00a0Il faut rire, tu vois, \u00e0 ce moment-l\u00e0, il faut rire alors que tu te dis : c&rsquo;est une horreur\u00a0\u00bb, a alors r\u00e9agi la chanteuse \u00e2g\u00e9e de 51 ans en se retournant vers Anne-\u00c9lisabeth Lemoine \u00e0 la fin du magn\u00e9to.\u00a0<\/p>\n<p>Avant de poursuivre : \u00ab\u00a0Une horreur. Rien ne va. Ils me regardent, ils me regardent les fesses, ils me regardent la poitrine, de haut en bas. C&rsquo;est, c&rsquo;est honteux. Mais sur le moment, je l&rsquo;ai pas senti, mais j&rsquo;avais bien compris qu&rsquo;on m&rsquo;avait pas choisie pour ma voix en particulier\u00a0\u00bb.<\/p>\n<p>La chanteuse s&rsquo;est toujours sentie \u00ab\u00a0masculine\u00a0\u00bb<\/p>\n<p>Apr\u00e8s s\u2019\u00eatre rem\u00e9mor\u00e9e ces difficiles souvenirs, Oph\u00e9lie Winter a expliqu\u00e9 \u00e0 la pr\u00e9sentatrice de <strong>\u00ab\u00a0C \u00e0 Vous\u00a0\u00bb<\/strong> s\u2019\u00eatre toujours sentie \u00ab\u00a0masculine\u00a0\u00bb. \u00ab\u00a0Et d\u2019\u00eatre aussi masculine, et se trouver dans ce corps hyper f\u00e9minin, c&rsquo;\u00e9tait tr\u00e8s particulier\u00a0\u00bb, a-t-elle reconnu.<\/p>\n<p>D\u2019autant plus que l\u2019artiste se \u00ab\u00a0trouve horrible depuis la jeunesse\u00a0\u00bb. \u00ab\u00a0Et maintenant que <a href=\"https:\/\/www.public.fr\/ophelie-winter-j-ai-ete-defiguree\" target=\"_blank\" rel=\"noopener\">j&rsquo;ai \u00e9t\u00e9 vraiment d\u00e9figur\u00e9e<\/a> pendant mon cambriolage et que je n&rsquo;ai plus de nez et que j&rsquo;ai vraiment une raison de me trouver malheureusement d\u00e9figur\u00e9e, je me sens mieux dans mes baskets parce que je n&rsquo;ai plus de miroir chez moi\u00a0\u00bb, a-t-elle conclu en faisait allusion au cambriolage dont elle a \u00e9t\u00e9 victime il y a quelques ann\u00e9es.\u00a0<\/p>\n<blockquote class=\"twitter-tweet\">\n<p>Oph\u00e9lie Winter revient sur son passage dans l\u2019\u00e9mission \u00ab\u00a0Yacapa\u00a0\u00bb en 1993 :<\/p>\n<p>\u00ab\u00a0Il faut rire \u00e0 ce moment-l\u00e0, alors que tu te dis : \u201cC\u2019est une horreur !\u201d Il me regardait les fesses, le d\u00e9collet\u00e9\u2026 C\u2019est honteux. J\u2019avais bien compris qu\u2019on ne m\u2019avait pas choisie pour ma voix.\u00a0\u00bb<a href=\"https:\/\/twitter.com\/hashtag\/C%C3%A0Vous?src=hash&amp;ref_src=twsrc%5Etfw\" target=\"_blank\" rel=\"noopener\">#C\u00e0Vous<\/a> <a href=\"https:\/\/t.co\/dcucVNqBW3\">pic.twitter.com\/dcucVNqBW3<\/a><\/p>\n<p>\u2014 C \u00e0 vous (@cavousf5) <a href=\"https:\/\/twitter.com\/cavousf5\/status\/1927436963277127716?ref_src=twsrc%5Etfw\" target=\"_blank\" rel=\"noopener\">May 27, 2025<\/a><\/p><\/blockquote>\n<p>      Mentionn\u00e9s dans cet article<\/p>\n<p>\u00c0 lire aussi<\/p>\n<p><script async src=\"https:\/\/platform.twitter.com\/widgets.js\" charset=\"utf-8\"><\/script><\/p>\n","protected":false},"excerpt":{"rendered":"Une mauvaise exp\u00e9rience, qui n\u2019aurait plus lieu aujourd\u2019hui. En 1993, alors qu\u2019elle n\u2019avait m\u00eame pas 20 ans, Oph\u00e9lie&hellip;\n","protected":false},"author":2,"featured_media":132803,"comment_status":"","ping_status":"","sticky":false,"template":"","format":"standard","meta":{"footnotes":""},"categories":[8],"tags":[5631,5632,58,59,1011,27,4467,25836],"class_list":{"0":"post-132802","1":"post","2":"type-post","3":"status-publish","4":"format-standard","5":"has-post-thumbnail","7":"category-divertissement","8":"tag-anne-elisabeth-lemoine","9":"tag-c-a-vous","10":"tag-divertissement","11":"tag-entertainment","12":"tag-fr","13":"tag-france","14":"tag-france-5","15":"tag-ophelie-winter"},"share_on_mastodon":{"url":"https:\/\/pubeurope.com\/@fr\/114582128305820406","error":""},"_links":{"self":[{"href":"https:\/\/www.europesays.com\/fr\/wp-json\/wp\/v2\/posts\/132802","targetHints":{"allow":["GET"]}}],"collection":[{"href":"https:\/\/www.europesays.com\/fr\/wp-json\/wp\/v2\/posts"}],"about":[{"href":"https:\/\/www.europesays.com\/fr\/wp-json\/wp\/v2\/types\/post"}],"author":[{"embeddable":true,"href":"https:\/\/www.europesays.com\/fr\/wp-json\/wp\/v2\/users\/2"}],"replies":[{"embeddable":true,"href":"https:\/\/www.europesays.com\/fr\/wp-json\/wp\/v2\/comments?post=132802"}],"version-history":[{"count":0,"href":"https:\/\/www.europesays.com\/fr\/wp-json\/wp\/v2\/posts\/132802\/revisions"}],"wp:featuredmedia":[{"embeddable":true,"href":"https:\/\/www.europesays.com\/fr\/wp-json\/wp\/v2\/media\/132803"}],"wp:attachment":[{"href":"https:\/\/www.europesays.com\/fr\/wp-json\/wp\/v2\/media?parent=132802"}],"wp:term":[{"taxonomy":"category","embeddable":true,"href":"https:\/\/www.europesays.com\/fr\/wp-json\/wp\/v2\/categories?post=132802"},{"taxonomy":"post_tag","embeddable":true,"href":"https:\/\/www.europesays.com\/fr\/wp-json\/wp\/v2\/tags?post=132802"}],"curies":[{"name":"wp","href":"https:\/\/api.w.org\/{rel}","templated":true}]}}