{"id":13281,"date":"2025-04-09T18:30:27","date_gmt":"2025-04-09T18:30:27","guid":{"rendered":"https:\/\/www.europesays.com\/fr\/13281\/"},"modified":"2025-04-09T18:30:27","modified_gmt":"2025-04-09T18:30:27","slug":"macon-les-cyclistes-flaceens-sous-la-chaleur","status":"publish","type":"post","link":"https:\/\/www.europesays.com\/fr\/13281\/","title":{"rendered":"M\u00e2con. Les cyclistes flac\u00e9ens sous la chaleur"},"content":{"rendered":"<p>Au troph\u00e9e Christian Dorme \u00e0 Corcelles-en-Beaujolais samedi, dans le Rh\u00f4ne,\u00a0la forte d\u00e9l\u00e9gation des soci\u00e9taires de l&rsquo;Etoile cycliste flac\u00e9enne a\u00a0affront\u00e9 l&rsquo;\u00e9lite d&rsquo;Auvergne\u00a0Rh\u00f4ne-Alpes, sous une forte chaleur. En 5e cat\u00e9gorie, Dominique Bruillot prend la 26e place en roulant \u00e0 une moyenne de\u00a037,425 km\/h. Jean-Michel D\u00e9gluaire\u00a0s&rsquo;octroie la 29e place sur 54 participants.\u00a0En 4e cat\u00e9gorie, Benjamin Viaud prend la bonne 16e place\u00a0\u00e0 la moyenne de 40,149 km\/h sur\u00a078 participants. Enfin, en 3e cat\u00e9gorie, Denis Charlot termine dans le peloton.<\/p>\n<p>A Saint-Martin-en-Bresse, toujours sous la chaleur, mais en pr\u00e9sence du vent,\u00a0les flac\u00e9ens ont remis le couvert le lendemain.\u00a0En 3e cat\u00e9gorie, Thibaut Meillerand prend une tr\u00e8s bonne 5e place suivi de\u00a0S\u00e9bastien Gudefin, 22e et Vincent Destrigneville 23e.\u00a0En 5e cat\u00e9gorie, Dominique Bruillot\u00a0termine \u00e0\u00a0la 12e place, Jean-Michel D\u00e9gluaire \u00e0 la 17e place.<\/p>\n<p>L&rsquo;Etoile cycliste flac\u00e9enne vous\u00a0donne d\u00e8s \u00e0 pr\u00e9sent rendez-vous pour sa traditionnelle rando du 1er-Mai.\u00a0Cyclistes et marcheurs\u00a0sont attendus au complexe Antoine-Griezmann \u00e0\u00a0partir de 7 heures.<\/p>\n","protected":false},"excerpt":{"rendered":"Au troph\u00e9e Christian Dorme \u00e0 Corcelles-en-Beaujolais samedi, dans le Rh\u00f4ne,\u00a0la forte d\u00e9l\u00e9gation des soci\u00e9taires de l&rsquo;Etoile cycliste flac\u00e9enne&hellip;\n","protected":false},"author":2,"featured_media":13282,"comment_status":"","ping_status":"","sticky":false,"template":"","format":"standard","meta":{"footnotes":""},"categories":[1411],"tags":[1154,207,3718,107,1011,27,5980,5981,5982,60,1631],"class_list":{"0":"post-13281","1":"post","2":"type-post","3":"status-publish","4":"format-standard","5":"has-post-thumbnail","7":"category-cyclisme","8":"tag-cycling","9":"tag-cyclisme","10":"tag-edition-macon","11":"tag-fil-info","12":"tag-fr","13":"tag-france","14":"tag-macon","15":"tag-macon-bassin","16":"tag-macon-ville","17":"tag-sports","18":"tag-vie-associative"},"share_on_mastodon":{"url":"https:\/\/pubeurope.com\/@fr\/114309432857619932","error":""},"_links":{"self":[{"href":"https:\/\/www.europesays.com\/fr\/wp-json\/wp\/v2\/posts\/13281","targetHints":{"allow":["GET"]}}],"collection":[{"href":"https:\/\/www.europesays.com\/fr\/wp-json\/wp\/v2\/posts"}],"about":[{"href":"https:\/\/www.europesays.com\/fr\/wp-json\/wp\/v2\/types\/post"}],"author":[{"embeddable":true,"href":"https:\/\/www.europesays.com\/fr\/wp-json\/wp\/v2\/users\/2"}],"replies":[{"embeddable":true,"href":"https:\/\/www.europesays.com\/fr\/wp-json\/wp\/v2\/comments?post=13281"}],"version-history":[{"count":0,"href":"https:\/\/www.europesays.com\/fr\/wp-json\/wp\/v2\/posts\/13281\/revisions"}],"wp:featuredmedia":[{"embeddable":true,"href":"https:\/\/www.europesays.com\/fr\/wp-json\/wp\/v2\/media\/13282"}],"wp:attachment":[{"href":"https:\/\/www.europesays.com\/fr\/wp-json\/wp\/v2\/media?parent=13281"}],"wp:term":[{"taxonomy":"category","embeddable":true,"href":"https:\/\/www.europesays.com\/fr\/wp-json\/wp\/v2\/categories?post=13281"},{"taxonomy":"post_tag","embeddable":true,"href":"https:\/\/www.europesays.com\/fr\/wp-json\/wp\/v2\/tags?post=13281"}],"curies":[{"name":"wp","href":"https:\/\/api.w.org\/{rel}","templated":true}]}}