{"id":132814,"date":"2025-05-27T22:26:10","date_gmt":"2025-05-27T22:26:10","guid":{"rendered":"https:\/\/www.europesays.com\/fr\/132814\/"},"modified":"2025-05-27T22:26:10","modified_gmt":"2025-05-27T22:26:10","slug":"des-visions-toujours-plus-eloignees-au-conseil-municipal","status":"publish","type":"post","link":"https:\/\/www.europesays.com\/fr\/132814\/","title":{"rendered":"des visions toujours plus \u00e9loign\u00e9es au conseil municipal"},"content":{"rendered":"<p>Qui dit nouveau conseil municipal de Firminy, dit nouveau d\u00e9bat sur la cit\u00e9 des a\u00een\u00e9s. Ce mardi soir, les \u00e9lus ont de nouveau \u00e9voqu\u00e9 le projet men\u00e9 par la Ville de Firminy de r\u00e9unir les trois \u00e9tablissements municipaux d\u2019h\u00e9bergement de personnes \u00e2g\u00e9es via le CCAS sur un seul et m\u00eame site dans le quartier du Mas. Une partie des d\u00e9bats a port\u00e9 sur les m\u00eames points que lors des pr\u00e9c\u00e9dentes r\u00e9unions\u00a0: le tarif \u00e0 la journ\u00e9e, le co\u00fbt pour la Ville, le devenir des agents et les services publics. Pr\u00e8s de quarante minutes de discussions parfois perturb\u00e9es et qui n\u2019auront pas rapproch\u00e9 la majorit\u00e9 et les deux oppositions.<\/p>\n<p>\u00ab\u00a0Je serai tr\u00e8s attentive \u00e0 vos d\u00e9cisions\u00a0\u00bb<\/p>\n<p>Anne-Sophie Putot (L\u2019Elan citoyen) a d\u00e9gain\u00e9 la premi\u00e8re, rebondissant sur la volont\u00e9 du maire et son \u00e9quipe de confier d\u00e8s janvier\u00a02026 la gestion de la r\u00e9sidence du Mail, des Ehpad de la Verrerie et des Bruneaux \u00e0 A\u00e9sio, qui op\u00e9rera dans <a href=\"https:\/\/www.leprogres.fr\/politique\/2025\/03\/14\/cite-des-aines-le-projet-est-sur-les-rails-ouverture-prevue-en-2030\" target=\"_blank\" rel=\"nofollow noopener\">les futurs b\u00e2timents en 2030<\/a> (lire notre \u00e9dition du 26\u00a0mai), reprochant \u00e0 la majorit\u00e9 de lancer un&#8230;<\/p>\n","protected":false},"excerpt":{"rendered":"Qui dit nouveau conseil municipal de Firminy, dit nouveau d\u00e9bat sur la cit\u00e9 des a\u00een\u00e9s. Ce mardi soir,&hellip;\n","protected":false},"author":2,"featured_media":132815,"comment_status":"","ping_status":"","sticky":false,"template":"","format":"standard","meta":{"footnotes":""},"categories":[9653],"tags":[1111,11,2430,1984,7539,1777,674,10282,10283,1011,27,12,316,25,4001,104],"class_list":{"0":"post-132814","1":"post","2":"type-post","3":"status-publish","4":"format-standard","5":"has-post-thumbnail","7":"category-saint-etienne","8":"tag-actu","9":"tag-actualites","10":"tag-auvergne-rhone-alpes","11":"tag-conseil-municipal","12":"tag-edition-loire-sud","13":"tag-eu","14":"tag-europe","15":"tag-firminy","16":"tag-firminy-ville","17":"tag-fr","18":"tag-france","19":"tag-news","20":"tag-politique","21":"tag-republique-francaise","22":"tag-saint-etienne","23":"tag-societe"},"share_on_mastodon":{"url":"https:\/\/pubeurope.com\/@fr\/114582151772687840","error":""},"_links":{"self":[{"href":"https:\/\/www.europesays.com\/fr\/wp-json\/wp\/v2\/posts\/132814","targetHints":{"allow":["GET"]}}],"collection":[{"href":"https:\/\/www.europesays.com\/fr\/wp-json\/wp\/v2\/posts"}],"about":[{"href":"https:\/\/www.europesays.com\/fr\/wp-json\/wp\/v2\/types\/post"}],"author":[{"embeddable":true,"href":"https:\/\/www.europesays.com\/fr\/wp-json\/wp\/v2\/users\/2"}],"replies":[{"embeddable":true,"href":"https:\/\/www.europesays.com\/fr\/wp-json\/wp\/v2\/comments?post=132814"}],"version-history":[{"count":0,"href":"https:\/\/www.europesays.com\/fr\/wp-json\/wp\/v2\/posts\/132814\/revisions"}],"wp:featuredmedia":[{"embeddable":true,"href":"https:\/\/www.europesays.com\/fr\/wp-json\/wp\/v2\/media\/132815"}],"wp:attachment":[{"href":"https:\/\/www.europesays.com\/fr\/wp-json\/wp\/v2\/media?parent=132814"}],"wp:term":[{"taxonomy":"category","embeddable":true,"href":"https:\/\/www.europesays.com\/fr\/wp-json\/wp\/v2\/categories?post=132814"},{"taxonomy":"post_tag","embeddable":true,"href":"https:\/\/www.europesays.com\/fr\/wp-json\/wp\/v2\/tags?post=132814"}],"curies":[{"name":"wp","href":"https:\/\/api.w.org\/{rel}","templated":true}]}}