{"id":132818,"date":"2025-05-27T22:28:14","date_gmt":"2025-05-27T22:28:14","guid":{"rendered":"https:\/\/www.europesays.com\/fr\/132818\/"},"modified":"2025-05-27T22:28:14","modified_gmt":"2025-05-27T22:28:14","slug":"photos-aux-actes-citoyens-les-marchands-detoiles-plongent-tomblaine-dans-la-memoire-de-la-seconde-guerre-mondiale-2","status":"publish","type":"post","link":"https:\/\/www.europesays.com\/fr\/132818\/","title":{"rendered":"Photos . Aux actes citoyens, \u00ab Les Marchands d&rsquo;\u00c9toiles \u00bb plongent Tomblaine dans la m\u00e9moire de la Seconde Guerre mondiale"},"content":{"rendered":"<p>\u00c0 Tomblaine, la pi\u00e8ce \u00ab\u00a0Les Marchands\u00a0d&rsquo;\u00c9toiles\u00a0\u00bb d&rsquo;Anthony\u00a0Michineau a profond\u00e9ment touch\u00e9 le public de l&rsquo;Espace Jean-Jaur\u00e8s. Programm\u00e9e dans le cadre\u00a0du 34e festival Aux actes citoyens, elle retrace le destin tragique d&rsquo;une petite entreprise familiale \u00e0 qui, en 1942, fut confi\u00e9 un march\u00e9 gla\u00e7ant \u00a0: la fabrication des \u00e9toiles jaunes destin\u00e9es aux juifs d&rsquo;Europe.<\/p>\n","protected":false},"excerpt":{"rendered":"\u00c0 Tomblaine, la pi\u00e8ce \u00ab\u00a0Les Marchands\u00a0d&rsquo;\u00c9toiles\u00a0\u00bb d&rsquo;Anthony\u00a0Michineau a profond\u00e9ment touch\u00e9 le public de l&rsquo;Espace Jean-Jaur\u00e8s. Programm\u00e9e dans le&hellip;\n","protected":false},"author":2,"featured_media":132819,"comment_status":"","ping_status":"","sticky":false,"template":"","format":"standard","meta":{"footnotes":""},"categories":[9635],"tags":[1111,11,1687,1704,1777,674,1011,27,2798,775,1702,12,25,11703],"class_list":{"0":"post-132818","1":"post","2":"type-post","3":"status-publish","4":"format-standard","5":"has-post-thumbnail","7":"category-nancy","8":"tag-actu","9":"tag-actualites","10":"tag-culture-loisirs","11":"tag-edition-nancy-et-agglomeration","12":"tag-eu","13":"tag-europe","14":"tag-fr","15":"tag-france","16":"tag-galerie-photo","17":"tag-grand-est","18":"tag-nancy","19":"tag-news","20":"tag-republique-francaise","21":"tag-tomblaine"},"share_on_mastodon":{"url":"https:\/\/pubeurope.com\/@fr\/114582159677508508","error":""},"_links":{"self":[{"href":"https:\/\/www.europesays.com\/fr\/wp-json\/wp\/v2\/posts\/132818","targetHints":{"allow":["GET"]}}],"collection":[{"href":"https:\/\/www.europesays.com\/fr\/wp-json\/wp\/v2\/posts"}],"about":[{"href":"https:\/\/www.europesays.com\/fr\/wp-json\/wp\/v2\/types\/post"}],"author":[{"embeddable":true,"href":"https:\/\/www.europesays.com\/fr\/wp-json\/wp\/v2\/users\/2"}],"replies":[{"embeddable":true,"href":"https:\/\/www.europesays.com\/fr\/wp-json\/wp\/v2\/comments?post=132818"}],"version-history":[{"count":0,"href":"https:\/\/www.europesays.com\/fr\/wp-json\/wp\/v2\/posts\/132818\/revisions"}],"wp:featuredmedia":[{"embeddable":true,"href":"https:\/\/www.europesays.com\/fr\/wp-json\/wp\/v2\/media\/132819"}],"wp:attachment":[{"href":"https:\/\/www.europesays.com\/fr\/wp-json\/wp\/v2\/media?parent=132818"}],"wp:term":[{"taxonomy":"category","embeddable":true,"href":"https:\/\/www.europesays.com\/fr\/wp-json\/wp\/v2\/categories?post=132818"},{"taxonomy":"post_tag","embeddable":true,"href":"https:\/\/www.europesays.com\/fr\/wp-json\/wp\/v2\/tags?post=132818"}],"curies":[{"name":"wp","href":"https:\/\/api.w.org\/{rel}","templated":true}]}}