{"id":132837,"date":"2025-05-27T22:42:41","date_gmt":"2025-05-27T22:42:41","guid":{"rendered":"https:\/\/www.europesays.com\/fr\/132837\/"},"modified":"2025-05-27T22:42:41","modified_gmt":"2025-05-27T22:42:41","slug":"le-street-art-dans-toutes-ses-couleurs-les-31-mai-et-1er-juin-2","status":"publish","type":"post","link":"https:\/\/www.europesays.com\/fr\/132837\/","title":{"rendered":"le street art dans toutes ses couleurs les 31 mai et 1er juin"},"content":{"rendered":"<p>La presqu\u2019\u00eele Malraux \u00e0 Strasbourg se met \u00e0 l\u2019heure du hip-hop ce week-end. La nouvelle \u00e9dition <a href=\"https:\/\/www.dna.fr\/culture-loisirs\/2024\/05\/26\/une-block-party-benie-par-les-dieux-du-hip-hop\" target=\"_blank\" rel=\"nofollow noopener\">de Block party<\/a> r\u00e9unira 16 street-artistes venus des Etats-Unis, d\u2019Allemagne, de Suisse et d\u2019Espagne qui samedi et dimanche s\u2019exprimeront sur des modules blocks en plein air. Profitant du d\u00e9cor offert par cette fresque g\u00e9ante, des dj\u2019s feront en m\u00eame temps virevolter leurs platines pour le plus grand bonheur des danseurs qui durant les deux jours participeront \u00e0 des battles. Un concours gratuit, ouvert \u00e0 tous et soumis au verdict d\u2019un jury de talents confirm\u00e9s.<\/p>\n<p>Cette Block party 2025 s\u2019inscrit dans la lign\u00e9e d\u2019une premi\u00e8re \u00e9dition qui en 2016 r\u00e9unissait 3 associations strasbourgeoises\u00a0: Creative playground pour le graffiti, Illusion Crew pour la danse et Dodekazz pour la logistique et la musique.<\/p>\n<p>Ce contenu est bloqu\u00e9 car vous n&rsquo;avez pas accept\u00e9 les cookies et autres traceurs.<\/p>\n<p>En cliquant sur \u00ab J\u2019accepte \u00bb, les cookies et autres traceurs seront d\u00e9pos\u00e9s et vous pourrez visualiser les contenus  (<a href=\"\" class=\"consentModule_policy\" target=\"_blank\" title=\"Consulter la politique de protection des donn\u00e9es du fournisseur\">plus d&rsquo;informations<\/a>).<\/p>\n<p>En cliquant sur \u00ab J\u2019accepte tous les cookies \u00bb, vous autorisez des d\u00e9p\u00f4ts de cookies et autres traceurs pour le stockage de vos donn\u00e9es sur nos sites et applications \u00e0 des fins de personnalisation et de ciblage publicitaire.<\/p>\n<p class=\"consentModule_secondaryText\">Vous gardez la possibilit\u00e9 de retirer votre consentement \u00e0 tout moment en consultant notre <a href=\"http:\/\/www.dna.fr\/protection-des-donnees\" target=\"_blank\" title=\"Consulter notre politique de protection des donn\u00e9es\" rel=\"nofollow noopener\">politique de protection des donn\u00e9es<\/a>. <br \/>&#13;<br \/>\n            <a href=\"http:\/\/www.dna.fr\/culture-loisirs\/2025\/05\/27\/javascript:Didomi.notice.show()\" class=\"consentModule_cmp\" rel=\"nofollow noopener\" target=\"_blank\">G\u00e9rer mes choix<\/a>&#13;\n        <\/p>\n<p>&#13;<br \/>\n                        J&rsquo;accepte&#13;<br \/>\n            J&rsquo;accepte tous les cookies&#13;\n        <\/p>\n<p>C\u00f4t\u00e9 son justement, une soir\u00e9e Block party animera le Quai de sc\u00e8ne (5 rue du G\u00e9n\u00e9ral-Koenig) samedi \u00e0 partir de 22\u00a0h\u00a030 avec les dj\u2019s Jaek El Diablo, Peck et Tallrocks aux manettes. Une fa\u00e7on de donner le la, en mode hip-hop, du festival Contre-temps qui tout au long du mois de juin r\u00e9veillera Strasbourg sur des rythmes plus \u00e9lectros.<\/p>\n<p class=\"note\">Samedi 31\u00a0mai de 14\u00a0h \u00e0 20\u00a0h et dimanche 1er\u00a0juin de 14\u00a0h \u00e0 19\u00a0h, sur la presqu\u2019\u00eele Malraux \u00e0 Strasbourg. \u00c9v\u00e9nement gratuit. Plus d\u2019infos sur www.block-party.fr<\/p>\n","protected":false},"excerpt":{"rendered":"La presqu\u2019\u00eele Malraux \u00e0 Strasbourg se met \u00e0 l\u2019heure du hip-hop ce week-end. La nouvelle \u00e9dition de Block&hellip;\n","protected":false},"author":2,"featured_media":132087,"comment_status":"","ping_status":"","sticky":false,"template":"","format":"standard","meta":{"footnotes":""},"categories":[2820],"tags":[1111,11,2389,1687,2880,1777,674,107,1011,27,775,12,25,640,2879],"class_list":{"0":"post-132837","1":"post","2":"type-post","3":"status-publish","4":"format-standard","5":"has-post-thumbnail","7":"category-strasbourg","8":"tag-actu","9":"tag-actualites","10":"tag-alsace","11":"tag-culture-loisirs","12":"tag-edition-strasbourg","13":"tag-eu","14":"tag-europe","15":"tag-fil-info","16":"tag-fr","17":"tag-france","18":"tag-grand-est","19":"tag-news","20":"tag-republique-francaise","21":"tag-strasbourg","22":"tag-strasbourg-ville"},"share_on_mastodon":{"url":"https:\/\/pubeurope.com\/@fr\/114582214589979675","error":""},"_links":{"self":[{"href":"https:\/\/www.europesays.com\/fr\/wp-json\/wp\/v2\/posts\/132837","targetHints":{"allow":["GET"]}}],"collection":[{"href":"https:\/\/www.europesays.com\/fr\/wp-json\/wp\/v2\/posts"}],"about":[{"href":"https:\/\/www.europesays.com\/fr\/wp-json\/wp\/v2\/types\/post"}],"author":[{"embeddable":true,"href":"https:\/\/www.europesays.com\/fr\/wp-json\/wp\/v2\/users\/2"}],"replies":[{"embeddable":true,"href":"https:\/\/www.europesays.com\/fr\/wp-json\/wp\/v2\/comments?post=132837"}],"version-history":[{"count":0,"href":"https:\/\/www.europesays.com\/fr\/wp-json\/wp\/v2\/posts\/132837\/revisions"}],"wp:featuredmedia":[{"embeddable":true,"href":"https:\/\/www.europesays.com\/fr\/wp-json\/wp\/v2\/media\/132087"}],"wp:attachment":[{"href":"https:\/\/www.europesays.com\/fr\/wp-json\/wp\/v2\/media?parent=132837"}],"wp:term":[{"taxonomy":"category","embeddable":true,"href":"https:\/\/www.europesays.com\/fr\/wp-json\/wp\/v2\/categories?post=132837"},{"taxonomy":"post_tag","embeddable":true,"href":"https:\/\/www.europesays.com\/fr\/wp-json\/wp\/v2\/tags?post=132837"}],"curies":[{"name":"wp","href":"https:\/\/api.w.org\/{rel}","templated":true}]}}