{"id":132850,"date":"2025-05-27T22:49:11","date_gmt":"2025-05-27T22:49:11","guid":{"rendered":"https:\/\/www.europesays.com\/fr\/132850\/"},"modified":"2025-05-27T22:49:11","modified_gmt":"2025-05-27T22:49:11","slug":"un-joueur-de-bordeaux-begles-se-fait-tatouer-la-champions-cup-apres-le-sacre-contre-northampton","status":"publish","type":"post","link":"https:\/\/www.europesays.com\/fr\/132850\/","title":{"rendered":"Un joueur de Bordeaux-B\u00e8gles se fait tatouer la Champions Cup apr\u00e8s le sacre contre Northampton"},"content":{"rendered":"<p>Le titre dans la peau. Ugo Boniface n&rsquo;oubliera jamais le <a href=\"https:\/\/rmcsport.bfmtv.com\/rugby\/coupe-d-europe\/direct-champions-cup-suivez-la-finale-ubb-northampton-en-live_LS-202505240137.html\" rel=\"nofollow noopener\" target=\"_blank\" data-ylk=\"slk:sacre de Bordeaux-B\u00e8gles en Champions Cup ce samedi;elm:context_link;itc:0;sec:content-canvas\" class=\"link \">sacre de Bordeaux-B\u00e8gles en Champions Cup ce samedi<\/a>. Le pilier fran\u00e7ais a d\u00e9cid\u00e9 de se faire tatouer le troph\u00e9e de la comp\u00e9tition en haut de la cuisse droite. \u00ab\u00a0Super session tattoo minimaliste avec le talentueux Ugo Boniface\u00a0\u00bb, a comment\u00e9 sur Instagram son tatoueur qui a pris la pose avec la m\u00e9daille de champion d&rsquo;Europe dans les mains.<\/p>\n<p>Il faut dire que l&rsquo;exploit bordelo-b\u00e8glais a \u00e9t\u00e9 retentissant. Les supporteurs attendaient ce premier titre depuis un bon nombre d&rsquo;ann\u00e9es. La d\u00e9sillusion avait \u00e9t\u00e9 totale l&rsquo;ann\u00e9e derni\u00e8re quand<a href=\"https:\/\/rmcsport.bfmtv.com\/rugby\/top-14\/direct-top-14-suivez-la-finale-entre-le-stade-toulousain-et-bordeaux-begles-en-live_LS-202406280366.html\" rel=\"nofollow noopener\" target=\"_blank\" data-ylk=\"slk:l&#039;UBB s&#039;\u00e9tait inclin\u00e9 en finale du Top 14;elm:context_link;itc:0;sec:content-canvas\" class=\"link \"> l&rsquo;UBB s&rsquo;\u00e9tait inclin\u00e9 en finale du Top 14<\/a>.<\/p>\n<p>40.000 supporteurs pour f\u00eater le titre<\/p>\n<p>Le lendemain de la finale de la Champions Cup, Ugo Boniface et ses co\u00e9quipiers ont \u00e9t\u00e9 port\u00e9s en triomphe pour <a href=\"https:\/\/fr.news.yahoo.com\/sport\/ubb-gros-chambrages-jalibert-bordelais-095026282.html\" data-ylk=\"slk:c\u00e9l\u00e9brer comme il se doit;elm:context_link;itc:0;sec:content-canvas;outcm:mb_qualified_link;_E:mb_qualified_link;ct:story;\" class=\"link  yahoo-link\" target=\"_blank\" rel=\"noopener\">c\u00e9l\u00e9brer comme il se doit<\/a> le premier titre de l&rsquo;Union Bordeaux-B\u00e8gles. 40.000 personnes attendaient les h\u00e9ros dans les rues de Bordeaux avant de rejoindre la place des Quinconces noire de monde \u00e0 l&rsquo;aide d&rsquo;un bus \u00e0 imp\u00e9riale.<\/p>\n<p>25.000 personnes s&rsquo;\u00e9taient rendues sur cette m\u00eame place la veille pour assister sur un grand \u00e9cran \u00e0 la finale de la Champions Cup contre Northampton. Pour cl\u00f4turer l&rsquo;apr\u00e8s-midi, les joueurs de Bordeaux-B\u00e8gles et leurs fans se sont quitt\u00e9s sur le titre de Gloria Gaynor \u00ab\u00a0I Will Survive\u00a0\u00bb.<\/p>\n<p><a href=\"https:\/\/rmcsport.bfmtv.com\/rugby\/coupe-d-europe\/un-joueur-de-bordeaux-begles-se-fait-tatouer-la-champions-cup-apres-le-sacre-contre-northampton_AN-202505270850.html#xtor=AL-68\" rel=\"nofollow noopener\" target=\"_blank\" data-ylk=\"slk:Article original publi\u00e9 sur RMC Sport;elm:context_link;itc:0;sec:content-canvas\" class=\"link \">Article original publi\u00e9 sur RMC Sport<\/a><\/p>\n","protected":false},"excerpt":{"rendered":"Le titre dans la peau. Ugo Boniface n&rsquo;oubliera jamais le sacre de Bordeaux-B\u00e8gles en Champions Cup ce samedi.&hellip;\n","protected":false},"author":2,"featured_media":132851,"comment_status":"","ping_status":"","sticky":false,"template":"","format":"standard","meta":{"footnotes":""},"categories":[2817],"tags":[1111,11,1997,5574,3460,1777,674,1011,27,7445,12,2219,25,25841,25840],"class_list":{"0":"post-132850","1":"post","2":"type-post","3":"status-publish","4":"format-standard","5":"has-post-thumbnail","7":"category-bordeaux","8":"tag-actu","9":"tag-actualites","10":"tag-bordeaux","11":"tag-bordeaux-begles","12":"tag-champions-cup","13":"tag-eu","14":"tag-europe","15":"tag-fr","16":"tag-france","17":"tag-la-medaille","18":"tag-news","19":"tag-nouvelle-aquitaine","20":"tag-republique-francaise","21":"tag-ugo-boniface","22":"tag-viktorija-burakauskas"},"share_on_mastodon":{"url":"https:\/\/pubeurope.com\/@fr\/114582242279115175","error":""},"_links":{"self":[{"href":"https:\/\/www.europesays.com\/fr\/wp-json\/wp\/v2\/posts\/132850","targetHints":{"allow":["GET"]}}],"collection":[{"href":"https:\/\/www.europesays.com\/fr\/wp-json\/wp\/v2\/posts"}],"about":[{"href":"https:\/\/www.europesays.com\/fr\/wp-json\/wp\/v2\/types\/post"}],"author":[{"embeddable":true,"href":"https:\/\/www.europesays.com\/fr\/wp-json\/wp\/v2\/users\/2"}],"replies":[{"embeddable":true,"href":"https:\/\/www.europesays.com\/fr\/wp-json\/wp\/v2\/comments?post=132850"}],"version-history":[{"count":0,"href":"https:\/\/www.europesays.com\/fr\/wp-json\/wp\/v2\/posts\/132850\/revisions"}],"wp:featuredmedia":[{"embeddable":true,"href":"https:\/\/www.europesays.com\/fr\/wp-json\/wp\/v2\/media\/132851"}],"wp:attachment":[{"href":"https:\/\/www.europesays.com\/fr\/wp-json\/wp\/v2\/media?parent=132850"}],"wp:term":[{"taxonomy":"category","embeddable":true,"href":"https:\/\/www.europesays.com\/fr\/wp-json\/wp\/v2\/categories?post=132850"},{"taxonomy":"post_tag","embeddable":true,"href":"https:\/\/www.europesays.com\/fr\/wp-json\/wp\/v2\/tags?post=132850"}],"curies":[{"name":"wp","href":"https:\/\/api.w.org\/{rel}","templated":true}]}}