{"id":132858,"date":"2025-05-27T22:53:17","date_gmt":"2025-05-27T22:53:17","guid":{"rendered":"https:\/\/www.europesays.com\/fr\/132858\/"},"modified":"2025-05-27T22:53:17","modified_gmt":"2025-05-27T22:53:17","slug":"des-seances-de-cinema-gratuites-proposees-le-dimanche-a-la-gare-saint-sauveur","status":"publish","type":"post","link":"https:\/\/www.europesays.com\/fr\/132858\/","title":{"rendered":"des s\u00e9ances de cin\u00e9ma gratuites propos\u00e9es le dimanche \u00e0 la gare Saint-Sauveur\u00a0!"},"content":{"rendered":"<p>            Par<br \/>\n        <strong><br \/>\n            <a href=\"https:\/\/actu.fr\/auteur\/nicolas-demollien\" title=\"Consulter tous les articles de Nicolas Demollien\" rel=\"nofollow noopener\" target=\"_blank\">Nicolas Demollien<\/a><br \/>\n        <\/strong><\/p>\n<p>        Publi\u00e9 le<\/p>\n<p>            27 mai 2025 \u00e0 15h40        <\/p>\n<p>\u00ab\u00a0Le <a href=\"https:\/\/actu.fr\/cinema\" rel=\"nofollow noopener\" target=\"_blank\">cin\u00e9ma<\/a> ind\u00e9pendant associatif d\u00e9barque le <b>dimanche \u00e0 la gare Saint-Sauveur <\/b>!\u00a0\u00bb La Ville de <a href=\"https:\/\/actu.fr\/lille\/\" rel=\"nofollow noopener\" target=\"_blank\">Lille<\/a> (Nord) engage une nouvelle d\u00e9marche en proposant des <b>s\u00e9ances ouvertes \u00e0 tous<\/b> et <b>gratuites<\/b>.<\/p>\n<p>Des s\u00e9ances de cin\u00e9ma gratuites \u00e0 la gare Saint-Sauveur de Lille<\/p>\n<p class=\" wall-content\">Objectif annonc\u00e9 : \u00ab\u00a0soutenir\u00a0une <b>offre cin\u00e9matographique plurielle, de proximit\u00e9<\/b>, qui donne toute sa place aux \u0153uvres exigeantes et aux publics curieux\u00a0\u00bb.<\/p>\n<p class=\" wall-content\">L\u2019association Lille Cin\u00e9phile, avec le soutien de la Ville et de lille3000 donc, propose d\u00e8s \u00e0 pr\u00e9sent une \u00ab\u00a0programmation festive\u00a0\u00bb.<\/p>\n<p class=\" wall-content\">Et la municipalit\u00e9 d\u2019assurer que sa d\u00e9marche engag\u00e9e repose sur une double ambition : d\u2019abord \u00ab\u00a0<b>renforcer les propositions de cin\u00e9ma dans la salle municipale<\/b> de la Gare Saint-Sauveur, \u00e0 travers des s\u00e9ances dominicales th\u00e9matiques et festives faisant la part belle aux films de r\u00e9pertoire, aux propositions familiales et au <b>cin\u00e9ma d\u2019auteur<\/b>\u00ab\u00a0.<\/p>\n<p class=\" wall-content\">Et d\u2019autre part \u00ab\u00a0faire de cette salle un lieu de rassemblement des associations cin\u00e9philes locales, leur permettant de proposer des temps conviviaux destin\u00e9s \u00e0 tous les amoureux de cin\u00e9ma\u00a0\u00bb.<\/p>\n<p>Vid\u00e9os : en ce moment sur Actu<\/p>\n<p class=\" wall-content\">La programmation est la suivante :<b\/><\/p>\n<ul class=\" wall-content\">\n<li><b>Dimanche 1er\u00a0juin \u2013 Mois des Fiert\u00e9s (carte blanche au distributeur Outplay)<\/b><\/li>\n<\/ul>\n<p class=\" wall-content\">14h30 :\u00a0Kokon ; 16h30 :\u00a0Camila sortira ce soir ; 18h30 :\u00a0La Premi\u00e8re Marche.<\/p>\n<ul class=\" wall-content\">\n<li><b>Dimanche 8 juin \u2013 La f\u00eate de la bouffe<\/b><\/li>\n<\/ul>\n<p class=\" wall-content\">14h :\u00a0\u00c0 table ! ; 16h :\u00a0La Grande Bouffe ; 18h30 :\u00a0Festen.<\/p>\n<ul class=\" wall-content\">\n<li><b>Dimanche 29 juin \u2013 Quand la bourgeoisie s\u2019enjaille\u2026<\/b><\/li>\n<\/ul>\n<p class=\" wall-content\">14h :\u00a0Le Roi et l\u2019Oiseau ; 15h30 :\u00a0Casanova ; 18h15 :\u00a0Marie-Antoinette.<\/p>\n<ul class=\" wall-content\">\n<li><b>Dimanche 6 juillet \u2013 Holidays !<\/b><\/li>\n<\/ul>\n<p class=\" wall-content\">14h30 :\u00a0Les Grandes vacances de Cowboy et Indien ; 16h :\u00a0Les Vacances de Monsieur Hulot ; 18h :\u00a0Dirty Dancing.<\/p>\n<p class=\" wall-content\">La programmation et la coordination de ces projections sont assur\u00e9es par Lille Cin\u00e9phile, en lien avec les op\u00e9rateurs pr\u00e9sents sur le site, et en partenariat avec Cin\u00e9ligue Hauts-de-France pour la projection. Cette offre s\u2019inscrit en compl\u00e9ment du Cin\u00e9ma Jeune public du mercredi apr\u00e8s-midi. Les s\u00e9ances propos\u00e9es dans le cadre de Fiesta\u00a0!\u00a0sont gratuites.<\/p>\n<p class=\" wall-content\">Suivez toute l\u2019actualit\u00e9 de vos villes et m\u00e9dias favoris en vous inscrivant \u00e0 <a href=\"https:\/\/moncompte.actu.fr\" title=\"D\u00e9couvez Mon Actu\" rel=\"nofollow noopener\" data-trk=\"{&quot;cta&quot;:{&quot;action&quot;:&quot;https:\\\/\\\/moncompte.actu.fr&quot;,&quot;category&quot;:&quot;mon compte&quot;,&quot;from&quot;:&quot;article footer&quot;,&quot;name&quot;:&quot;Mon actu&quot;,&quot;type&quot;:&quot;cta&quot;}}\" target=\"_blank\">Mon Actu<\/a>.<\/p>\n","protected":false},"excerpt":{"rendered":"Par Nicolas Demollien Publi\u00e9 le 27 mai 2025 \u00e0 15h40 \u00ab\u00a0Le cin\u00e9ma ind\u00e9pendant associatif d\u00e9barque le dimanche \u00e0&hellip;\n","protected":false},"author":2,"featured_media":132859,"comment_status":"","ping_status":"","sticky":false,"template":"","format":"standard","meta":{"footnotes":""},"categories":[2815],"tags":[1111,11,650,1777,674,1011,27,811,1307,1652,12,25],"class_list":{"0":"post-132858","1":"post","2":"type-post","3":"status-publish","4":"format-standard","5":"has-post-thumbnail","7":"category-lille","8":"tag-actu","9":"tag-actualites","10":"tag-cinema","11":"tag-eu","12":"tag-europe","13":"tag-fr","14":"tag-france","15":"tag-hauts-de-france","16":"tag-lille","17":"tag-loisirs-culture","18":"tag-news","19":"tag-republique-francaise"},"share_on_mastodon":{"url":"https:\/\/pubeurope.com\/@fr\/114582257871419093","error":""},"_links":{"self":[{"href":"https:\/\/www.europesays.com\/fr\/wp-json\/wp\/v2\/posts\/132858","targetHints":{"allow":["GET"]}}],"collection":[{"href":"https:\/\/www.europesays.com\/fr\/wp-json\/wp\/v2\/posts"}],"about":[{"href":"https:\/\/www.europesays.com\/fr\/wp-json\/wp\/v2\/types\/post"}],"author":[{"embeddable":true,"href":"https:\/\/www.europesays.com\/fr\/wp-json\/wp\/v2\/users\/2"}],"replies":[{"embeddable":true,"href":"https:\/\/www.europesays.com\/fr\/wp-json\/wp\/v2\/comments?post=132858"}],"version-history":[{"count":0,"href":"https:\/\/www.europesays.com\/fr\/wp-json\/wp\/v2\/posts\/132858\/revisions"}],"wp:featuredmedia":[{"embeddable":true,"href":"https:\/\/www.europesays.com\/fr\/wp-json\/wp\/v2\/media\/132859"}],"wp:attachment":[{"href":"https:\/\/www.europesays.com\/fr\/wp-json\/wp\/v2\/media?parent=132858"}],"wp:term":[{"taxonomy":"category","embeddable":true,"href":"https:\/\/www.europesays.com\/fr\/wp-json\/wp\/v2\/categories?post=132858"},{"taxonomy":"post_tag","embeddable":true,"href":"https:\/\/www.europesays.com\/fr\/wp-json\/wp\/v2\/tags?post=132858"}],"curies":[{"name":"wp","href":"https:\/\/api.w.org\/{rel}","templated":true}]}}