{"id":132862,"date":"2025-05-27T22:55:09","date_gmt":"2025-05-27T22:55:09","guid":{"rendered":"https:\/\/www.europesays.com\/fr\/132862\/"},"modified":"2025-05-27T22:55:09","modified_gmt":"2025-05-27T22:55:09","slug":"une-mediatheque-sinvitera-dans-une-minoterie","status":"publish","type":"post","link":"https:\/\/www.europesays.com\/fr\/132862\/","title":{"rendered":"une m\u00e9diath\u00e8que s&rsquo;invitera dans une minoterie"},"content":{"rendered":"<p>\nEn janvier 2027, Marseille (<a title=\"L&#039;actualit\u00e9 BTP sur le d\u00e9partement des Bouches du Rh\u00f4ne\" href=\"https:\/\/www.lemoniteur.fr\/bouches-du-rhone\/\" rel=\"nofollow noopener\" target=\"\" class=\"lien-contextuel\">Bouches-du-Rh\u00f4ne<\/a>) comptera une dixi\u00e8me m\u00e9diath\u00e8que municipale qui s&rsquo;installera dans une ancienne minoterie du XIXe si\u00e8cle situ\u00e9e \u00e0 la Belle-de-Mai. Apr\u00e8s une restructuration lourde qui a commenc\u00e9 ce printemps, l&rsquo;ancien b\u00e2timent industriel, utilis\u00e9 dans son dernier usage comme un centre de tri postal, se transformera en un \u00e9quipement qui proposera salles de lecture, de danse, de musique et de spectacle, ainsi que des espaces d&rsquo;accueil.<\/p>\n<p>Sur\u00e9l\u00e9vation<\/p>\n<p>\nPour r\u00e9pondre au programme tout en pr\u00e9servant l&rsquo;identit\u00e9 de la construction originelle caract\u00e9ris\u00e9e par son ossature en ma\u00e7onnerie de moellons, le groupement de ma\u00eetrise d&rsquo;\u0153uvre conduit par Land Architectes (1) a pr\u00e9vu de l&rsquo;isoler par l&rsquo;int\u00e9rieur et d&rsquo;y ajouter une sur\u00e9l\u00e9vation en structure b\u00e9ton envelopp\u00e9e de ventelles en <a title=\"L&#039;actualit\u00e9 BTP sur le b\u00e9ton pr\u00e9frabriqu\u00e9\" href=\"https:\/\/www.lemoniteur.fr\/beton-prefabrique\/\" rel=\"nofollow noopener\" target=\"\" class=\"lien-contextuel\">b\u00e9ton pr\u00e9fabriqu\u00e9<\/a>. Repr\u00e9sentant 660 m2 SP sur le total des 4 063 m2 SP, cet ajout accueillera la salle de spectacles. Pour faire entrer la lumi\u00e8re naturelle dans le b\u00e2timent d\u00e9pourvu d&rsquo;ouvertures sur les fa\u00e7ades, la ma\u00eetrise d&rsquo;\u0153uvre a par ailleurs pr\u00e9vu deux atriums couverts par des verri\u00e8res. Parmi les entreprises titulaires des 17 lots figure l&rsquo;entreprise Allamanno en charge du gros \u0153uvre.<\/p>\n<p>\n(1) Avec Panorama Architecture, R2M, Kanju, CL Design, ICD Energies, Indigo Energie, Gaya, Ing\u00e9nierie 84, Igetec et Lamour.<\/p>\n<p class=\"editoTitleType1 editoTitleType1--lagoon is-uppercase\">S\u00e9lectionn\u00e9 <b>pour vous<\/b><\/p>\n<p><a class=\"editoCardType21__link editoCardType21__containerImage\" href=\"https:\/\/www.lemoniteur.fr\/article\/immobilier-eiffage-innove-avec-le-reemploi-des-terres-a-marseille-dans-le-projet-smartseille-odyssee.2345461\" data-xiti-name=\"2345461\" rel=\"nofollow noopener\" target=\"_blank\"><br \/>\n<img decoding=\"async\" src=\"data:image\/gif;base64,R0lGODdhAQABAPAAAMPDwwAAACwAAAAAAQABAAACAkQBADs=\" data-original=\"\/mediatheque\/9\/3\/8\/002434839_256x170_c.jpg\" alt=\"Immobilier : Eiffage innove avec le r\u00e9emploi des terres \u00e0 Marseille dans le projet Smartseille Odyss\u00e9e\"\/><br \/>\n<\/a><\/p>\n","protected":false},"excerpt":{"rendered":"En janvier 2027, Marseille (Bouches-du-Rh\u00f4ne) comptera une dixi\u00e8me m\u00e9diath\u00e8que municipale qui s&rsquo;installera dans une ancienne minoterie du XIXe&hellip;\n","protected":false},"author":2,"featured_media":132863,"comment_status":"","ping_status":"","sticky":false,"template":"","format":"standard","meta":{"footnotes":""},"categories":[2814],"tags":[1111,11,1350,885,2598,13241,1777,674,1011,27,884,1252,12,4916,882,6234,25,12926],"class_list":{"0":"post-132862","1":"post","2":"type-post","3":"status-publish","4":"format-standard","5":"has-post-thumbnail","7":"category-marseille","8":"tag-actu","9":"tag-actualites","10":"tag-architecture","11":"tag-bouches-du-rhone","12":"tag-equipement","13":"tag-equipement-culturel","14":"tag-eu","15":"tag-europe","16":"tag-fr","17":"tag-france","18":"tag-marseille","19":"tag-mediterranee","20":"tag-news","21":"tag-projets","22":"tag-provence-alpes-cote-dazur","23":"tag-provence-alpes-cote-d","24":"tag-republique-francaise","25":"tag-restructuration"},"share_on_mastodon":{"url":"https:\/\/pubeurope.com\/@fr\/114582265889857940","error":""},"_links":{"self":[{"href":"https:\/\/www.europesays.com\/fr\/wp-json\/wp\/v2\/posts\/132862","targetHints":{"allow":["GET"]}}],"collection":[{"href":"https:\/\/www.europesays.com\/fr\/wp-json\/wp\/v2\/posts"}],"about":[{"href":"https:\/\/www.europesays.com\/fr\/wp-json\/wp\/v2\/types\/post"}],"author":[{"embeddable":true,"href":"https:\/\/www.europesays.com\/fr\/wp-json\/wp\/v2\/users\/2"}],"replies":[{"embeddable":true,"href":"https:\/\/www.europesays.com\/fr\/wp-json\/wp\/v2\/comments?post=132862"}],"version-history":[{"count":0,"href":"https:\/\/www.europesays.com\/fr\/wp-json\/wp\/v2\/posts\/132862\/revisions"}],"wp:featuredmedia":[{"embeddable":true,"href":"https:\/\/www.europesays.com\/fr\/wp-json\/wp\/v2\/media\/132863"}],"wp:attachment":[{"href":"https:\/\/www.europesays.com\/fr\/wp-json\/wp\/v2\/media?parent=132862"}],"wp:term":[{"taxonomy":"category","embeddable":true,"href":"https:\/\/www.europesays.com\/fr\/wp-json\/wp\/v2\/categories?post=132862"},{"taxonomy":"post_tag","embeddable":true,"href":"https:\/\/www.europesays.com\/fr\/wp-json\/wp\/v2\/tags?post=132862"}],"curies":[{"name":"wp","href":"https:\/\/api.w.org\/{rel}","templated":true}]}}