{"id":132864,"date":"2025-05-27T22:56:11","date_gmt":"2025-05-27T22:56:11","guid":{"rendered":"https:\/\/www.europesays.com\/fr\/132864\/"},"modified":"2025-05-27T22:56:11","modified_gmt":"2025-05-27T22:56:11","slug":"un-prix-special-decerne-a-six-jeunes-filles","status":"publish","type":"post","link":"https:\/\/www.europesays.com\/fr\/132864\/","title":{"rendered":"un prix sp\u00e9cial d\u00e9cern\u00e9 \u00e0 six jeunes filles"},"content":{"rendered":"<p>C\u2019est exceptionnel. Six jeunes filles du lyc\u00e9e de Charles-de-Foucauld \u00e0 Lyon se sont vues d\u00e9cerner un prix sp\u00e9cial dans le cadre du concours national de la R\u00e9sistance et de la D\u00e9portation.<\/p>\n<p>\u00ab\u00a0C\u2019est ponctuel mais nous avons d\u00e9cid\u00e9 de le d\u00e9cerner pour le travail remarquable qu\u2019elles ont r\u00e9alis\u00e9 sur le th\u00e8me\u00a0: \u201clib\u00e9rer et reconstruire la France\u201d,\u00a0\u00bb pr\u00e9cise <a href=\"https:\/\/www.leprogres.fr\/lyon\/2015\/02\/12\/l-association-la-journee-de-la-resistance-poursuivra-son-action\" target=\"_blank\" rel=\"nofollow noopener\">Pascal Charret<\/a>, de l\u2019association de la journ\u00e9e de la R\u00e9sistance.<\/p>\n<p>  A prix sp\u00e9cial, cadeau sp\u00e9cial<\/p>\n<p>A prix sp\u00e9cial, cadeau sp\u00e9cial\u00a0: le livre \u00e9dit\u00e9 par le Progr\u00e8s <a href=\"https:\/\/boutique.leprogres.fr\/histoire-et-culture\/histoire\/justes-parmi-les-nations\" target=\"_blank\" rel=\"nofollow noopener\">\u201cJustes parmi les nations\u201d<\/a> *, dressant le portrait de trente Justes des r\u00e9gions Auvergne Rh\u00f4ne-Alpes et Bourgogne Franche-Comt\u00e9 a \u00e9t\u00e9 remis \u00e0 chacune. Un \u00ab\u00a0bon livre, lyonnais et qui interpelle\u00a0\u00bb justifie Pascal Charret.<\/p>\n<p class=\"note\">*Edit\u00e9 par Le Progr\u00e8s, notre hors-s\u00e9rie \u00ab\u00a0Justes parmi les nations\u00a0\u00bb de Sylvie Altar et St\u00e9phane Nivet est toujours disponible dans notre boutique et dans les kiosques. Prix\u00a0: 24\u20ac.<\/p>\n","protected":false},"excerpt":{"rendered":"C\u2019est exceptionnel. Six jeunes filles du lyc\u00e9e de Charles-de-Foucauld \u00e0 Lyon se sont vues d\u00e9cerner un prix sp\u00e9cial&hellip;\n","protected":false},"author":2,"featured_media":132865,"comment_status":"","ping_status":"","sticky":false,"template":"","format":"standard","meta":{"footnotes":""},"categories":[1889],"tags":[1111,11,2430,2757,1777,674,1011,27,937,2428,2756,12,25,2429,104],"class_list":{"0":"post-132864","1":"post","2":"type-post","3":"status-publish","4":"format-standard","5":"has-post-thumbnail","7":"category-lyon","8":"tag-actu","9":"tag-actualites","10":"tag-auvergne-rhone-alpes","11":"tag-edition-lyon-villeurbanne","12":"tag-eu","13":"tag-europe","14":"tag-fr","15":"tag-france","16":"tag-histoire","17":"tag-lyon","18":"tag-lyon-bassin","19":"tag-news","20":"tag-republique-francaise","21":"tag-rhone","22":"tag-societe"},"share_on_mastodon":{"url":"https:\/\/pubeurope.com\/@fr\/114582269733748906","error":""},"_links":{"self":[{"href":"https:\/\/www.europesays.com\/fr\/wp-json\/wp\/v2\/posts\/132864","targetHints":{"allow":["GET"]}}],"collection":[{"href":"https:\/\/www.europesays.com\/fr\/wp-json\/wp\/v2\/posts"}],"about":[{"href":"https:\/\/www.europesays.com\/fr\/wp-json\/wp\/v2\/types\/post"}],"author":[{"embeddable":true,"href":"https:\/\/www.europesays.com\/fr\/wp-json\/wp\/v2\/users\/2"}],"replies":[{"embeddable":true,"href":"https:\/\/www.europesays.com\/fr\/wp-json\/wp\/v2\/comments?post=132864"}],"version-history":[{"count":0,"href":"https:\/\/www.europesays.com\/fr\/wp-json\/wp\/v2\/posts\/132864\/revisions"}],"wp:featuredmedia":[{"embeddable":true,"href":"https:\/\/www.europesays.com\/fr\/wp-json\/wp\/v2\/media\/132865"}],"wp:attachment":[{"href":"https:\/\/www.europesays.com\/fr\/wp-json\/wp\/v2\/media?parent=132864"}],"wp:term":[{"taxonomy":"category","embeddable":true,"href":"https:\/\/www.europesays.com\/fr\/wp-json\/wp\/v2\/categories?post=132864"},{"taxonomy":"post_tag","embeddable":true,"href":"https:\/\/www.europesays.com\/fr\/wp-json\/wp\/v2\/tags?post=132864"}],"curies":[{"name":"wp","href":"https:\/\/api.w.org\/{rel}","templated":true}]}}