{"id":132866,"date":"2025-05-27T22:57:15","date_gmt":"2025-05-27T22:57:15","guid":{"rendered":"https:\/\/www.europesays.com\/fr\/132866\/"},"modified":"2025-05-27T22:57:15","modified_gmt":"2025-05-27T22:57:15","slug":"lyon-limmense-projet-dun-supermarche-leclerc-desavoue-les-concurrents-gagnent-une-manche","status":"publish","type":"post","link":"https:\/\/www.europesays.com\/fr\/132866\/","title":{"rendered":"Lyon. L&rsquo;immense projet d&rsquo;un supermarch\u00e9 Leclerc d\u00e9savou\u00e9, les concurrents gagnent une manche"},"content":{"rendered":"<p>            Par<br \/>\n        <strong><br \/>\n            <a href=\"https:\/\/actu.fr\/auteur\/nicolas-zaugra\" title=\"Consulter tous les articles de Nicolas Zaugra\" target=\"_blank\" rel=\"noopener\">Nicolas Zaugra<\/a><br \/>\n        <\/strong><\/p>\n<p>        Publi\u00e9 le<\/p>\n<p>            27 mai 2025 \u00e0 18h03        <\/p>\n<p>Le projet est dans les cartons depuis des ann\u00e9es. Le magasins <strong>Leclerc<\/strong> de Meyzieu dans la m\u00e9tropole de <a href=\"https:\/\/actu.fr\/lyon\/\" target=\"_blank\" rel=\"noopener\">Lyon<\/a> situ\u00e9 juste en face du stade Groupama Stadium, o\u00f9 joue l\u2019OL, veut s\u2019agrandir et se moderniser. En novembre 2024, une <a href=\"https:\/\/actu.fr\/auvergne-rhone-alpes\/meyzieu_69282\/lyon-ce-magasin-leclerc-demode-et-vieillot-va-etre-demoli-et-totalement-reconstruit_61839944.html\" target=\"_blank\" rel=\"noopener\">vision finale du projet a \u00e9t\u00e9 r\u00e9v\u00e9l\u00e9e en accord avec la Ville et la M\u00e9tropole de Lyon<\/a>. Un agrandissement du supermarch\u00e9, la construction de nouveaux magasins, l\u2019arriv\u00e9e de logements et l\u2019am\u00e9nagement d\u2019une vaste \u00ab\u00a0ferme urbaine\u00a0\u00bb de 7 hectares. Mais le projet de <a href=\"https:\/\/actu.fr\/tag\/leclerc\" target=\"_blank\" rel=\"noopener\">Leclerc<\/a> se heurte \u00e0 des recours de concurrents.<\/p>\n<p>Des recours d\u00e9pos\u00e9s par des concurrents de Leclerc<\/p>\n<p class=\" wall-content\">L\u2019agrandissement du supermarch\u00e9 et la construction de nouvelles boutiques ont \u00e9t\u00e9 retoqu\u00e9s par une<a href=\"https:\/\/www.entreprises.gouv.fr\/files\/files\/Entites\/CNAC\/Decisions-avis-CNAC\/2025\/Avis%20Meyzieu%20EnsCom%20P%2005667%2069%2024R01.02%20sign%C3%A9.pdf\" target=\"_blank\" rel=\"noopener\"> d\u00e9cision le 15 avril 2025 de la Commission nationale d\u2019am\u00e9nagement commercial<\/a> (CNAC). Des recours d\u00e9pos\u00e9s par <strong>Carrefour<\/strong> Vaulx-en-Velin, <strong>Carrefour Market<\/strong> de Chassieu et Meyzieu et les <strong>Intermarch\u00e9<\/strong> de D\u00e9cines-Charpieu et Meyzieu, qui freinent le projet d\u2019extension de Leclerc. La commission a \u00e9mis un avis d\u00e9favorable en votant \u00e0 5 voix contre, trois pour.\u00a0<\/p>\n<p class=\" wall-content\">Depuis son lancement en 2018, le projet a d\u2019ailleurs rencontr\u00e9 plusieurs obstacles, notamment plusieurs refus de la CNAC et des oppositions locales, en particulier concernant l\u2019artificialisation des terres agricoles.<\/p>\n<p>    <a href=\"https:\/\/www.google.com\/maps\/embed?pb=!1m18!1m12!1m3!1d14914.47660452374!2d4.9808503924452205!3d45.76547734199936!2m3!1f0!2f0!3f0!3m2!1i1024!2i768!4f13.1!3m3!1m2!1s0x47f4c7a7c363043f%3A0xad0ebccb706f8d00!2sE.Leclerc%20MEYZIEU!5e1!3m2!1sfr!2sfr!4v1748359553679!5m2!1sfr!2sfr\" title=\"Ouvrie le lien\" target=\"_blank\" rel=\"noopener\">Cliquez ici pour visualiser le contenu<\/a><\/p>\n<p>\u00ab\u00a0On ne change rien au projet\u00a0\u00bb<\/p>\n<p class=\" wall-content\">Alain Landais, directeur de la SAS Meyzieu Distribution \u00e0 la t\u00eate du projet, assure \u00e0 nos confr\u00e8res du <a href=\"https:\/\/c.leprogres.fr\/economie\/2025\/05\/25\/l-extension-du-projet-leclerc-de-meyzieu-encore-retardee\" target=\"_blank\" rel=\"noopener\">Progr\u00e8s<\/a> \u00ab\u00a0qu\u2019on ne changera rien au projet\u00a0\u00bb.<\/p>\n<p class=\" wall-content\">\u00ab\u00a0La CNAC nous demande simplement trois pr\u00e9cisions. Donc on va formuler des r\u00e9ponses pr\u00e9cises, argument\u00e9es et renvoyer le dossier fin mai, d\u00e9but juin\u00a0\u00bb, assure le chef d\u2019entreprise.<\/p>\n<p class=\" wall-content\">Dans l\u2019avis administratif que nous avons consult\u00e9, les r\u00e9serves portent sur le fait que \u00ab\u00a0les besoins du territoire d\u2019un supermarch\u00e9 plus grand ne sont pas clairement d\u00e9montr\u00e9s\u00a0\u00bb, que la participation financi\u00e8re \u00e0 la cr\u00e9ation du parc et de la ferme de la M\u00e9tropole de Lyon n\u2019est pas suffisamment certaine.\u00a0<\/p>\n<p class=\" wall-content\">L\u2019accessibilit\u00e9 et la cr\u00e9ation d\u2019\u00e9quipements publics routiers ne sont pas non plus garantis et l\u2019offre de parkings va augmenter, donc le flux de v\u00e9hicules potentiellement progresser, note la CNAC dans son avis.<\/p>\n<p>\u00ab\u00a0\u00c7a retarde encore un peu le dossier\u00a0\u00bb<\/p>\n<p class=\" wall-content\">Pour le patron, cette d\u00e9convenue \u00ab\u00a0retarde un peu le dossier\u00a0\u00bb, mais il compte bien aller au bout du projet \u00ab\u00a0qu\u2019il s\u2019\u00e9vertue \u00e0 mener \u00e0 bien depuis 32 ans\u00a0\u00bb.<\/p>\n<p class=\" wall-content\">Le dernier projet en date valid\u00e9 par la mairie de Meyzieu et la M\u00e9tropole de Lyon comprend la reconstruction de l\u2019hypermarch\u00e9 Leclerc, qui passera de 4 200 m\u00b2 \u00e0 8 000 m\u00b2, l\u2019ajout de 23 boutiques, 10 moyennes surfaces, et un drive Leclerc de 14 pistes. En parall\u00e8le, environ 500 logements seront construits, dont 23 % de logements sociaux et des logements en accession abordable. Une ferme urbaine de 7 hectares, comprenant un espace mara\u00eecher, des vergers et du petit \u00e9levage, est \u00e9galement pr\u00e9vue.<\/p>\n<p class=\" wall-content\">Les travaux devraient d\u00e9buter en 2026, avec une livraison du centre commercial pr\u00e9vue pour 2028 et la finalisation des logements d\u2019ici 2032. Le co\u00fbt global du programme est estim\u00e9 \u00e0 80 millions d\u2019euros. Un chantier qui pourrait bien \u00eatre retard\u00e9. Nouvelle manche devant la commission cet \u00e9t\u00e9, sans garantie d\u2019aboutir pour Alain Landais.<\/p>\n<p class=\" wall-content\">Suivez toute l\u2019actualit\u00e9 de vos villes et m\u00e9dias favoris en vous inscrivant \u00e0 <a href=\"https:\/\/moncompte.actu.fr\" title=\"D\u00e9couvez Mon Actu\" rel=\"nofollow noopener\" data-trk=\"{&quot;cta&quot;:{&quot;action&quot;:&quot;https:\\\/\\\/moncompte.actu.fr&quot;,&quot;category&quot;:&quot;mon compte&quot;,&quot;from&quot;:&quot;article footer&quot;,&quot;name&quot;:&quot;Mon actu&quot;,&quot;type&quot;:&quot;cta&quot;}}\" target=\"_blank\">Mon Actu<\/a>.<\/p>\n","protected":false},"excerpt":{"rendered":"Par Nicolas Zaugra Publi\u00e9 le 27 mai 2025 \u00e0 18h03 Le projet est dans les cartons depuis des&hellip;\n","protected":false},"author":2,"featured_media":132867,"comment_status":"","ping_status":"","sticky":false,"template":"","format":"standard","meta":{"footnotes":""},"categories":[1889],"tags":[1111,11,2430,215,33,1777,674,1011,27,7755,2428,12,25,1352],"class_list":{"0":"post-132866","1":"post","2":"type-post","3":"status-publish","4":"format-standard","5":"has-post-thumbnail","7":"category-lyon","8":"tag-actu","9":"tag-actualites","10":"tag-auvergne-rhone-alpes","11":"tag-commerce","12":"tag-economie","13":"tag-eu","14":"tag-europe","15":"tag-fr","16":"tag-france","17":"tag-leclerc","18":"tag-lyon","19":"tag-news","20":"tag-republique-francaise","21":"tag-urbanisme"},"share_on_mastodon":{"url":"https:\/\/pubeurope.com\/@fr\/114582273681452116","error":""},"_links":{"self":[{"href":"https:\/\/www.europesays.com\/fr\/wp-json\/wp\/v2\/posts\/132866","targetHints":{"allow":["GET"]}}],"collection":[{"href":"https:\/\/www.europesays.com\/fr\/wp-json\/wp\/v2\/posts"}],"about":[{"href":"https:\/\/www.europesays.com\/fr\/wp-json\/wp\/v2\/types\/post"}],"author":[{"embeddable":true,"href":"https:\/\/www.europesays.com\/fr\/wp-json\/wp\/v2\/users\/2"}],"replies":[{"embeddable":true,"href":"https:\/\/www.europesays.com\/fr\/wp-json\/wp\/v2\/comments?post=132866"}],"version-history":[{"count":0,"href":"https:\/\/www.europesays.com\/fr\/wp-json\/wp\/v2\/posts\/132866\/revisions"}],"wp:featuredmedia":[{"embeddable":true,"href":"https:\/\/www.europesays.com\/fr\/wp-json\/wp\/v2\/media\/132867"}],"wp:attachment":[{"href":"https:\/\/www.europesays.com\/fr\/wp-json\/wp\/v2\/media?parent=132866"}],"wp:term":[{"taxonomy":"category","embeddable":true,"href":"https:\/\/www.europesays.com\/fr\/wp-json\/wp\/v2\/categories?post=132866"},{"taxonomy":"post_tag","embeddable":true,"href":"https:\/\/www.europesays.com\/fr\/wp-json\/wp\/v2\/tags?post=132866"}],"curies":[{"name":"wp","href":"https:\/\/api.w.org\/{rel}","templated":true}]}}