{"id":132874,"date":"2025-05-27T23:01:09","date_gmt":"2025-05-27T23:01:09","guid":{"rendered":"https:\/\/www.europesays.com\/fr\/132874\/"},"modified":"2025-05-27T23:01:09","modified_gmt":"2025-05-27T23:01:09","slug":"emmanuel-macron-va-tenter-de-relancer-a-paris-un-dialogue-bloque","status":"publish","type":"post","link":"https:\/\/www.europesays.com\/fr\/132874\/","title":{"rendered":"Emmanuel Macron va tenter de relancer \u00e0 Paris un dialogue bloqu\u00e9"},"content":{"rendered":"<p>AFP Videos &#8211; France<\/p>\n<p><a class=\"Td(n) C($inherit) LineClamp(2,45px) D(f) rapidnofollow\" data-uuid=\"12a3acb1-ec8a-376b-8a28-d02293c1e416\" href=\"https:\/\/fr.news.yahoo.com\/au-tribunal-redoutable-mimi-marchand-181205609.html\" data-ylk=\"elm:hdln;itc:0;pos:1;sec:strm;subsec:moreforyou;cpos:13;ct:video;g:12a3acb1-ec8a-376b-8a28-d02293c1e416\" data-hosted-type=\"HOSTED\" target=\"_blank\" rel=\"noopener\">Au tribunal, la redoutable Mimi Marchand qui a agi \u00ab\u00a0comme une idiote\u00a0\u00bb<\/a><\/p>\n<p class=\"M(0) C($summaryColor) Fz(14px) Lh(1.43em) LineClamp(3,60px)\">Elle est arriv\u00e9e au tribunal pr\u00e9c\u00e9d\u00e9e de sa r\u00e9putation de papesse redout\u00e9e de la presse people, communicante de l&rsquo;ombre des puissants&#8230; Mais \u00e0 la barre, soup\u00e7onn\u00e9e d&rsquo;avoir fait chanter l&rsquo;animatrice Karine Le Marchand, Mimi Marchand ne fait que de se d\u00e9soler d&rsquo;avoir agi \u00ab\u00a0comme une idiote\u00a0\u00bb.\u00a0\u00bbMalgr\u00e9 le m\u00e9tier que je fais, j&rsquo;ai une morale\u00a0\u00bb, assure Mimi Marchand de sa petite voix rauque \u00e0 peine audible, sans sembler convaincre ni \u00e9mouvoir quiconque dans la salle d&rsquo;audience. \u00c7a fait une petite heure qu&rsquo;elle s&rsquo;explique et Karine Le Marchand a d\u00e9j\u00e0 souffl\u00e9 une dizaine de fois, incr\u00e9dule, constern\u00e9e ou furieuse de ce qu&rsquo;elle entend.Quant \u00e0 la pr\u00e9sidente, elle dit directement: \u00ab\u00a0Franchement Mme Marchand, j&rsquo;ai du mal \u00e0 vous suivre\u00a0\u00bb.Les faits: en f\u00e9vrier 2020, la fille mineure de Karine Le Marchand se retrouve en garde \u00e0 vue pour acquisition de cannabis. L&rsquo;un des paparazzi habituels de Mimi Marchand planque devant le commissariat en esp\u00e9rant que sa c\u00e9l\u00e8bre m\u00e8re vienne la chercher.\u00a0Quand il se rend compte que l&rsquo;animatrice de \u00ab\u00a0L&rsquo;amour est dans le pr\u00e9\u00a0\u00bb est dans une campagne suisse, le plan perd de son int\u00e9r\u00eat: les photos d&rsquo;une mineure seule, \u00ab\u00a0c&rsquo;est invendable\u00a0\u00bb.\u00a0A la barre Mimi Marchand assure qu&rsquo;elle n&rsquo;a jamais r\u00e9clam\u00e9 ces photos, au contraire: \u00ab\u00a0j&rsquo;\u00e9tais tr\u00e8s contrari\u00e9e car elle \u00e9tait mineure et Karine, \u00e0 l&rsquo;\u00e9poque, est une amie\u00a0\u00bb. Derri\u00e8re elle, l&rsquo;animatrice nie vigoureusement de la t\u00eate.\u00a0\u00bbJe lui dis +tu m&rsquo;envoies \u00e7a tout de suite, il faut pas que \u00e7a fuite+\u00a0\u00bb, soutient encore devant le tribunal la petite femme blonde de 78 ans, v\u00eatue d&rsquo;un ensemble bleu marine en velours satin\u00e9.Mimi Marchand avait ensuite alert\u00e9 Karine Le Marchand, la rassurant en disant qu&rsquo;elle avait tout \u00ab\u00a0bloqu\u00e9\u00a0\u00bb en donnant \u00ab\u00a03.000 euros\u00a0\u00bb au photographe.Pourquoi faire \u00e7a puisque les photos sont invendables ? Et n&rsquo;a-t-elle pas toute confiance en ce photographe &#8211; le c\u00e9l\u00e8bre paparazzo S\u00e9bastien Valiela &#8211; avec qui elle travaille depuis 25 ans ?\u00a0\u00bbJe pr\u00e9f\u00e8re les r\u00e9cup\u00e9rer\u00a0\u00bb, bafouille Mimi Marchand. \u00ab\u00a0Je suis une idiote\u00a0\u00bb, l\u00e2che-t-elle, \u00e0 plusieurs reprises.\u00a0&#8211; \u00ab\u00a0Sauveuse\u00a0\u00bb -Une assertion difficile \u00e0 croire, vu le profil de la puissante patronne de l&rsquo;agence Bestimage, celle qui conna\u00eet tout le monde, a longtemps \u00e9t\u00e9 proche de Nicolas Sarkozy, puis de Brigitte et Emmanuel Macron dont elle a organis\u00e9 nombre de \u00ab\u00a0fausses paparazzades\u00a0\u00bb notamment en \u00ab\u00a0maillot de bain sur la plage\u00a0\u00bb comme le d\u00e9crit S\u00e9bastien Valiela, \u00e9galement jug\u00e9. \u00ab\u00a0C&rsquo;est pas secret\u00a0\u00bb.Il est cat\u00e9gorique: elle \u00ab\u00a0voit passer une s\u00e9rie de photos\u00a0\u00bb pas \u00e0 l&rsquo;avantage d&rsquo;un de ses c\u00e9l\u00e8bres amis, \u00ab\u00a0elle peut intercepter et emp\u00eacher que \u00e7a sorte\u00a0\u00bb.Elle \u00ab\u00a0arrive en sauveuse\u00a0\u00bb, \u00ab\u00a0attire la sympathie de la personne\u00a0\u00bb, ce qui peut lui \u00eatre utile ensuite, explique-t-il.La pr\u00e9sidente feint de s&rsquo;interroger: pourquoi faire \u00e7a avec Karine Le Marchand puisque personne n&rsquo;ach\u00e8terait la photo d&rsquo;une mineure ?\u00a0\u00bbPeut-\u00eatre que Karine Le Marchand ne sait pas que cette photo n&rsquo;est pas vendable. Et elle pense +merci+\u00a0\u00bb, imagine le photographe.\u00a0\u00bbMerci Mimi, je te le revaudrai\u00a0\u00bb, avait effectivement \u00e9crit Karine Le Marchand, avant de lui donner 1.600 euros (le maximum qu&rsquo;elle avait pu retirer au distributeur), promettant de compl\u00e9ter rapidement.A la barre, Mimi Marchand conc\u00e8de avoir voulu faire sa \u00ab\u00a0maligne\u00a0\u00bb devant Karine Le Marchand. Se traite \u00e0 nouveau d'\u00a0\u00bbidiote\u00a0\u00bb d&rsquo;avoir accept\u00e9 cet argent.\u00a0\u00ab\u00a0Vous ne refusez pas quand elle vous les donne, et vous ne refusez pas non plus quand elle vous propose un compl\u00e9ment\u00a0\u00bb, quelques mois plus tard, fait remarquer la pr\u00e9sidente.\u00a0\u00ab\u00a0Peut-\u00eatre que je consid\u00e8re que c&rsquo;est bien qu&rsquo;elle\u00a0pense qu&rsquo;elle a une dette\u00a0\u00bb, admet Mimi Marchand.\u00a0&#8211; \u00ab\u00a0Pour une paparazzade arrang\u00e9e ?\u00a0\u00bb, s&rsquo;\u00e9tonne la pr\u00e9sidente. \u00a0&#8211; \u00ab\u00a0Qu&rsquo;elle n&rsquo;acceptait jamais\u00a0\u00bb, se reprend Mimi Marchand. \u00c7a ne l&rsquo;avait pas emp\u00each\u00e9e de tenter: \u00ab\u00a0On peut pas faire des photos de toi, toujours tr\u00e8s belle \u00e0 la plage, seule mais bien gaul\u00e9e ?\u00a0\u00bb, avait-elle \u00e9crit.\u00a0Karine Le Marchand avait refus\u00e9. Et finit par signaler \u00e0 la police qu&rsquo;elle se sentait \u00ab\u00a0harcel\u00e9e\u00a0\u00bb par Mimi Marchand qui n&rsquo;arr\u00eatait pas de lui demander de la rappeler alors qu&rsquo;elle manquait de temps. \u00ab\u00a0Ce sera trop tard\u00a0\u00bb, avait envoy\u00e9 Mimi Marchand. \u00ab\u00a0C&rsquo;est dommage pour la petite\u00a0\u00bb.mdh\/bfa\/asm<\/p>\n","protected":false},"excerpt":{"rendered":"AFP Videos &#8211; France Au tribunal, la redoutable Mimi Marchand qui a agi \u00ab\u00a0comme une idiote\u00a0\u00bb Elle est&hellip;\n","protected":false},"author":2,"featured_media":132875,"comment_status":"","ping_status":"","sticky":false,"template":"","format":"standard","meta":{"footnotes":""},"categories":[1888],"tags":[1111,1928,11,1927,1073,1777,674,1011,27,25842,12,1926,23874,626,1925,10253,9962,25],"class_list":{"0":"post-132874","1":"post","2":"type-post","3":"status-publish","4":"format-standard","5":"has-post-thumbnail","7":"category-paris","8":"tag-actu","9":"tag-actu-paris","10":"tag-actualites","11":"tag-actualites-paris","12":"tag-emmanuel-macron","13":"tag-eu","14":"tag-europe","15":"tag-fr","16":"tag-france","17":"tag-la-nouvelle-caledonie","18":"tag-news","19":"tag-news-paris","20":"tag-nouvelle-caledonie","21":"tag-paris","22":"tag-paris-news","23":"tag-president-de-la-republique","24":"tag-president-francais","25":"tag-republique-francaise"},"share_on_mastodon":{"url":"https:\/\/pubeurope.com\/@fr\/114582289379343266","error":""},"_links":{"self":[{"href":"https:\/\/www.europesays.com\/fr\/wp-json\/wp\/v2\/posts\/132874","targetHints":{"allow":["GET"]}}],"collection":[{"href":"https:\/\/www.europesays.com\/fr\/wp-json\/wp\/v2\/posts"}],"about":[{"href":"https:\/\/www.europesays.com\/fr\/wp-json\/wp\/v2\/types\/post"}],"author":[{"embeddable":true,"href":"https:\/\/www.europesays.com\/fr\/wp-json\/wp\/v2\/users\/2"}],"replies":[{"embeddable":true,"href":"https:\/\/www.europesays.com\/fr\/wp-json\/wp\/v2\/comments?post=132874"}],"version-history":[{"count":0,"href":"https:\/\/www.europesays.com\/fr\/wp-json\/wp\/v2\/posts\/132874\/revisions"}],"wp:featuredmedia":[{"embeddable":true,"href":"https:\/\/www.europesays.com\/fr\/wp-json\/wp\/v2\/media\/132875"}],"wp:attachment":[{"href":"https:\/\/www.europesays.com\/fr\/wp-json\/wp\/v2\/media?parent=132874"}],"wp:term":[{"taxonomy":"category","embeddable":true,"href":"https:\/\/www.europesays.com\/fr\/wp-json\/wp\/v2\/categories?post=132874"},{"taxonomy":"post_tag","embeddable":true,"href":"https:\/\/www.europesays.com\/fr\/wp-json\/wp\/v2\/tags?post=132874"}],"curies":[{"name":"wp","href":"https:\/\/api.w.org\/{rel}","templated":true}]}}