{"id":132890,"date":"2025-05-27T23:09:19","date_gmt":"2025-05-27T23:09:19","guid":{"rendered":"https:\/\/www.europesays.com\/fr\/132890\/"},"modified":"2025-05-27T23:09:19","modified_gmt":"2025-05-27T23:09:19","slug":"la-france-cinquieme-des-championnat-deurope-chez-les-hommes","status":"publish","type":"post","link":"https:\/\/www.europesays.com\/fr\/132890\/","title":{"rendered":"la France cinqui\u00e8me des Championnat d\u2019Europe chez les hommes"},"content":{"rendered":"<p>Les Bleus ont pris le 5e rang de la comp\u00e9tition qui se d\u00e9roulait en Allemagne, \u00e0 Leipzig, loin derri\u00e8re des Britanniques sacr\u00e9s.<\/p>\n<p class=\"fig-paragraph\">Les Britanniques ont \u00e9t\u00e9 sacr\u00e9s champions d&rsquo;Europe de gymnastique artistique par \u00e9quipes, devan\u00e7ant les Suisses et les Italiens, mardi \u00e0 Leipzig (Allemagne).<\/p>\n<p class=\"fig-paragraph\">Port\u00e9s par leurs m\u00e9daill\u00e9s de bronze olympiques Jake Jarman (sol) et Harry Hepworth (saut), les Britanniques ont totalis\u00e9 247,528 points. Les Suisses ont obtenu 245,727 points et les Italiens 242,826 points.<\/p>\n<p class=\"fig-paragraph\">Les Fran\u00e7ais, qui n&rsquo;avaient pas r\u00e9ussi \u00e0 se qualifier par \u00e9quipe pour les JO de Paris, ont pris la 5e place avec 238,461 points. Romain Cavallaro, Loris Frasca, Justin Labro, Anthony Mansard et L\u00e9o Saladino ont \u00e9t\u00e9 p\u00e9nalis\u00e9s par plusieurs chutes, notamment aux ar\u00e7ons et \u00e0 la barre fixe.<\/p>\n<p class=\"fig-paragraph\">Parmi eux, deux se sont qualifi\u00e9s pour des finales. L\u00e9o Saladino, 22 ans, disputera les finales des barres parall\u00e8les et du concours g\u00e9n\u00e9ral. Le jeune Anthony Mansard, 18 ans, d\u00e9fendra lui ses chances au concours g\u00e9n\u00e9ral et \u00e0 la barre fixe.<\/p>\n<p class=\"fig-paragraph\">Seul membre de l&rsquo;\u00e9quipe masculine \u00e0 s&rsquo;\u00eatre qualifi\u00e9 pour les JO de Paris, Samir A\u00eft Sa\u00efd ne participait pas \u00e0 l&rsquo;\u00e9preuve par \u00e9quipes mais concourait en individuel. Il a pris la 6e place des anneaux avec 14,233 points et s&rsquo;est qualifi\u00e9 pour la finale de son agr\u00e8s de pr\u00e9dilection.<\/p>\n<p class=\"fig-paragraph\">Mercredi, les spectateurs et les gymnastes auront l&rsquo;occasion de d\u00e9couvrir la nouvelle \u00e9preuve par \u00e9quipes mixtes, dans laquelle un homme et une femme concourront ensemble pour la premi\u00e8re fois. Pour la France, il s&rsquo;agira de Morgane Osyssek et Anthony Mansard.<\/p>\n<p class=\"fig-paragraph\"><strong>. R\u00e9sultats de l&rsquo;\u00e9preuve masculine par \u00e9quipes des Championnats d&rsquo;Europe de Leipzig, lundi:<\/strong><\/p>\n<p class=\"fig-paragraph\">1. Grande-Bretagne (Jake Jarman, Luke Whitehouse, Harry Hepworth, Jamie Lewis, Jonas Rushworth) 247,528 points<\/p>\n<p class=\"fig-paragraph\">2. Suisse (Luca Giubellini, Matteo Giubellini, Florian Langenegger, Ian Raubal, Noe Seifert) 245,727 pts<\/p>\n<p class=\"fig-paragraph\">3. Italie (Yumin Abbadini, Nicola Bartolini, Lorenzo Minh Casali, Edoardo De Rosa, Mario Macchiati) 242,826 pts<\/p>\n<p class=\"fig-paragraph\">&#8230;<\/p>\n<p class=\"fig-paragraph\">5. France (Romain Cavallaro, Loris Frasca, Justin Labro, Anthony Mansard, L\u00e9o Saladino) 238,461 pts<\/p>\n","protected":false},"excerpt":{"rendered":"Les Bleus ont pris le 5e rang de la comp\u00e9tition qui se d\u00e9roulait en Allemagne, \u00e0 Leipzig, loin&hellip;\n","protected":false},"author":2,"featured_media":132891,"comment_status":"","ping_status":"","sticky":false,"template":"","format":"standard","meta":{"footnotes":""},"categories":[1586],"tags":[2466,2465,2464,11,1977,1981,451,207,1777,2468,674,63,1454,1011,27,66,447,2467,1457,2182,12,25,1980,479,2259,1467],"class_list":{"0":"post-132890","1":"post","2":"type-post","3":"status-publish","4":"format-standard","5":"has-post-thumbnail","7":"category-europe","8":"tag-2466","9":"tag-actu-sport","10":"tag-actualite-sportive","11":"tag-actualites","12":"tag-auto","13":"tag-classement","14":"tag-coupe-du-monde","15":"tag-cyclisme","16":"tag-eu","17":"tag-euro-foot","18":"tag-europe","19":"tag-football","20":"tag-formule-1","21":"tag-fr","22":"tag-france","23":"tag-ligue-1","24":"tag-ligue-des-champions","25":"tag-live-sport","26":"tag-moto","27":"tag-nba","28":"tag-news","29":"tag-republique-francaise","30":"tag-resultats","31":"tag-rugby","32":"tag-score","33":"tag-tennis"},"share_on_mastodon":{"url":"https:\/\/pubeurope.com\/@fr\/114582320820573361","error":""},"_links":{"self":[{"href":"https:\/\/www.europesays.com\/fr\/wp-json\/wp\/v2\/posts\/132890","targetHints":{"allow":["GET"]}}],"collection":[{"href":"https:\/\/www.europesays.com\/fr\/wp-json\/wp\/v2\/posts"}],"about":[{"href":"https:\/\/www.europesays.com\/fr\/wp-json\/wp\/v2\/types\/post"}],"author":[{"embeddable":true,"href":"https:\/\/www.europesays.com\/fr\/wp-json\/wp\/v2\/users\/2"}],"replies":[{"embeddable":true,"href":"https:\/\/www.europesays.com\/fr\/wp-json\/wp\/v2\/comments?post=132890"}],"version-history":[{"count":0,"href":"https:\/\/www.europesays.com\/fr\/wp-json\/wp\/v2\/posts\/132890\/revisions"}],"wp:featuredmedia":[{"embeddable":true,"href":"https:\/\/www.europesays.com\/fr\/wp-json\/wp\/v2\/media\/132891"}],"wp:attachment":[{"href":"https:\/\/www.europesays.com\/fr\/wp-json\/wp\/v2\/media?parent=132890"}],"wp:term":[{"taxonomy":"category","embeddable":true,"href":"https:\/\/www.europesays.com\/fr\/wp-json\/wp\/v2\/categories?post=132890"},{"taxonomy":"post_tag","embeddable":true,"href":"https:\/\/www.europesays.com\/fr\/wp-json\/wp\/v2\/tags?post=132890"}],"curies":[{"name":"wp","href":"https:\/\/api.w.org\/{rel}","templated":true}]}}