{"id":132892,"date":"2025-05-27T23:10:09","date_gmt":"2025-05-27T23:10:09","guid":{"rendered":"https:\/\/www.europesays.com\/fr\/132892\/"},"modified":"2025-05-27T23:10:09","modified_gmt":"2025-05-27T23:10:09","slug":"accord-definitif-pour-financer-des-projets-communs-darmement-a-hauteur-de-150-milliards-deuros","status":"publish","type":"post","link":"https:\/\/www.europesays.com\/fr\/132892\/","title":{"rendered":"accord d\u00e9finitif pour financer des projets communs d&rsquo;armement \u00e0 hauteur de 150 milliards d&rsquo;euros"},"content":{"rendered":"<p>Les pays de l&rsquo;Union europ\u00e9enne ont d\u00e9finitivement adopt\u00e9 mardi 27 mai un accord de principe pour faciliter leurs achats en commun d&rsquo;armement, dans le cadre d&rsquo;un programme europ\u00e9en dot\u00e9 de quelque 150 milliards d&rsquo;euros, a indiqu\u00e9 le Conseil de l&rsquo;UE.<\/p>\n<p>Ce programme de l&rsquo;<strong><a href=\"https:\/\/www.rfi.fr\/fr\/tag\/union-europ\u00e9enne\/\" class=\"link \" rel=\"nofollow noopener\" target=\"_blank\" data-ylk=\"slk:Union europ\u00e9enne;elm:context_link;itc:0;sec:content-canvas\">Union europ\u00e9enne<\/a><\/strong>, baptis\u00e9 \u00ab Safe \u00bb, pr\u00e9voit des pr\u00eats de 150 milliards d\u2019euros pour financer, en commun, des achats et des projets d\u2019armement dans les domaines o\u00f9 l\u2019offre europ\u00e9enne reste insuffisante, comme la production de missiles, de munitions, de drones ou encore les syst\u00e8mes de d\u00e9fense anti-a\u00e9rienne.<\/p>\n<p>La mesure a \u00e9t\u00e9 soutenue par 26 des 27 pays membres, la Hongrie s\u2019\u00e9tant abstenue, ont indiqu\u00e9 des diplomates. La d\u00e9cision, approuv\u00e9e la semaine derni\u00e8re par les ambassadeurs des 27, a \u00e9t\u00e9 adopt\u00e9e d\u00e9finitivement mardi 27 mai par les ministres des Affaires europ\u00e9ennes de l\u2019UE, r\u00e9unis \u00e0 Bruxelles, a pr\u00e9cis\u00e9 la pr\u00e9sidence polonaise du Conseil europ\u00e9en. \u00ab Ce n\u2019est qu\u2019une \u00e9tape et il faudra aller plus loin \u00bb, s\u2019est f\u00e9licit\u00e9 le ministre d\u00e9l\u00e9gu\u00e9 fran\u00e7ais charg\u00e9 de l\u2019Europe Benjamin Haddad.<\/p>\n<p>Il est d\u2019ores et d\u00e9j\u00e0 pr\u00e9vu que plusieurs pays non membres de l\u2019UE puissent y participer, comme la Norv\u00e8ge ou l\u2019Ukraine, car signataires d\u2019un partenariat de d\u00e9fense et de s\u00e9curit\u00e9. Le Royaume-Uni et l\u2019UE ont sign\u00e9 la semaine derni\u00e8re \u00e0 Londres un accord de partenariat similaire, qui permettra, apr\u00e8s d\u2019ult\u00e9rieures n\u00e9gociations, \u00e0 Londres d\u2019\u00eatre pleinement int\u00e9gr\u00e9 \u00e0 ce programme europ\u00e9en.<\/p>\n<p>Des projets qui devront \u00eatre majoritairement r\u00e9alis\u00e9s par l\u2019industrie de d\u00e9fense europ\u00e9enne<\/p>\n<p><a href=\"https:\/\/www.rfi.fr\/fr\/europe\/20250527-ue-accord-d%C3%A9finitif-pour-financer-des-projets-communs-d-armement-%C3%A0-hauteur-de-150-milliards-d-euros\" rel=\"nofollow noopener\" target=\"_blank\" data-ylk=\"slk:Lire la suite sur RFI;elm:context_link;itc:0;sec:content-canvas\" class=\"link \">Lire la suite sur RFI<\/a><\/p>\n","protected":false},"excerpt":{"rendered":"Les pays de l&rsquo;Union europ\u00e9enne ont d\u00e9finitivement adopt\u00e9 mardi 27 mai un accord de principe pour faciliter leurs&hellip;\n","protected":false},"author":2,"featured_media":132893,"comment_status":"","ping_status":"","sticky":false,"template":"","format":"standard","meta":{"footnotes":""},"categories":[1586],"tags":[25845,25846,11,10697,1777,674,1779,1011,27,25844,12,15976,25843,25,1778,364],"class_list":{"0":"post-132892","1":"post","2":"type-post","3":"status-publish","4":"format-standard","5":"has-post-thumbnail","7":"category-europe","8":"tag-accord-de-partenariat","9":"tag-accord-de-principe","10":"tag-actualites","11":"tag-conseil-de-lue","12":"tag-eu","13":"tag-europe","14":"tag-european-union","15":"tag-fr","16":"tag-france","17":"tag-membres-de-lue","18":"tag-news","19":"tag-pays-de-lunion-europeenne","20":"tag-programme-europeen","21":"tag-republique-francaise","22":"tag-ue","23":"tag-union-europeenne"},"share_on_mastodon":{"url":"https:\/\/pubeurope.com\/@fr\/114582324736700137","error":""},"_links":{"self":[{"href":"https:\/\/www.europesays.com\/fr\/wp-json\/wp\/v2\/posts\/132892","targetHints":{"allow":["GET"]}}],"collection":[{"href":"https:\/\/www.europesays.com\/fr\/wp-json\/wp\/v2\/posts"}],"about":[{"href":"https:\/\/www.europesays.com\/fr\/wp-json\/wp\/v2\/types\/post"}],"author":[{"embeddable":true,"href":"https:\/\/www.europesays.com\/fr\/wp-json\/wp\/v2\/users\/2"}],"replies":[{"embeddable":true,"href":"https:\/\/www.europesays.com\/fr\/wp-json\/wp\/v2\/comments?post=132892"}],"version-history":[{"count":0,"href":"https:\/\/www.europesays.com\/fr\/wp-json\/wp\/v2\/posts\/132892\/revisions"}],"wp:featuredmedia":[{"embeddable":true,"href":"https:\/\/www.europesays.com\/fr\/wp-json\/wp\/v2\/media\/132893"}],"wp:attachment":[{"href":"https:\/\/www.europesays.com\/fr\/wp-json\/wp\/v2\/media?parent=132892"}],"wp:term":[{"taxonomy":"category","embeddable":true,"href":"https:\/\/www.europesays.com\/fr\/wp-json\/wp\/v2\/categories?post=132892"},{"taxonomy":"post_tag","embeddable":true,"href":"https:\/\/www.europesays.com\/fr\/wp-json\/wp\/v2\/tags?post=132892"}],"curies":[{"name":"wp","href":"https:\/\/api.w.org\/{rel}","templated":true}]}}