{"id":132898,"date":"2025-05-27T23:13:10","date_gmt":"2025-05-27T23:13:10","guid":{"rendered":"https:\/\/www.europesays.com\/fr\/132898\/"},"modified":"2025-05-27T23:13:10","modified_gmt":"2025-05-27T23:13:10","slug":"au-proces-de-lex-rebelle-syrien-majdi-nema-la-defense-denonce-une-enquete-a-rebours","status":"publish","type":"post","link":"https:\/\/www.europesays.com\/fr\/132898\/","title":{"rendered":"au proc\u00e8s de l&rsquo;ex-rebelle syrien Majdi Nema, la d\u00e9fense d\u00e9nonce une enqu\u00eate \u00ab\u00e0 rebours\u00bb"},"content":{"rendered":"<p>La parole \u00e0 la d\u00e9fense dans le proc\u00e8s du Syrien Majdi Nema, ex-porte-parole du groupe rebelle salafiste Jaysh al-Islam. Le parquet a requis mardi 27 mai la peine maximale de 10 ans de prison pour le d\u00e9lit de participation \u00e0 une entente en vue de commettre des crimes de guerre en Syrie entre 2013 et 2016 ; il a en revanche demand\u00e9 son acquittement du chef de complicit\u00e9 de crime de guerre concernant le recrutement de mineurs. La d\u00e9fense, elle, a plaid\u00e9 l\u2019acquittement de toutes les charges.<\/p>\n<p>Compte-rendu d&rsquo;audience \u00e0 la cour d&rsquo;assises de Paris,<strong> Laura Martel<\/strong><\/p>\n<p>\u00ab Majdi Nema fait partie des petits poissons et le filet de l\u2019accusation reste toujours trop grand pour lui \u00bb affirme Ma\u00eetre Ruiz. \u00ab La plainte initiale ne visait pas Majdi Nema, mais Jaysh al-Islam : il n\u2019y apparaissait que comme le num\u00e9ro 86 d\u2019un organigramme ; mais on s\u2019est rabattu sur lui parce qu\u2019il \u00e9tait en <strong><a href=\"https:\/\/www.rfi.fr\/fr\/tag\/france\/\" class=\"link \" rel=\"nofollow noopener\" target=\"_blank\" data-ylk=\"slk:France;elm:context_link;itc:0;sec:content-canvas\">France<\/a><\/strong> \u00bb, d\u00e9nonce la d\u00e9fense, qui fustige une enqu\u00eate non seulement men\u00e9e \u00ab \u00e0 rebours : il est l\u00e0, alors on essaie de construire autour de lui un dossier \u00bb ; mais en plus, \u00ab faite de rumeurs, d\u2019extrapolations et de t\u00e9moignages anonymes, indirects ou non recoup\u00e9s. \u00bb Or \u00ab on ne peut pas faire d\u2019impressionnisme judiciaire \u00bb, tance Ma\u00eetre Kempf.<\/p>\n<p>Si le parquet a requis l\u2019acquittement pour la complicit\u00e9 de crimes de guerre, \u00ab ce n\u2019est pas pour faire un cadeau \u00e0 la d\u00e9fense, mais parce que les preuves sont insuffisantes \u00bb et \u00ab qu\u2019on ne sait toujours pas qui est l\u2019auteur des crimes dont Majdi Nema se serait rendu complice \u00bb pointe-t-il.<\/p>\n<p>\u00ab Un proc\u00e8s politique \u00bb, plaide la d\u00e9fense<\/p>\n<p><a href=\"https:\/\/www.rfi.fr\/fr\/france\/20250527-france-au-proc%C3%A8s-de-l-ex-rebelle-syrien-majdi-nema-la-d%C3%A9fense-d%C3%A9nonce-une-enqu%C3%AAte-%C3%A0-rebours\" rel=\"nofollow noopener\" target=\"_blank\" data-ylk=\"slk:Lire la suite sur RFI;elm:context_link;itc:0;sec:content-canvas\" class=\"link \">Lire la suite sur RFI<\/a><\/p>\n","protected":false},"excerpt":{"rendered":"La parole \u00e0 la d\u00e9fense dans le proc\u00e8s du Syrien Majdi Nema, ex-porte-parole du groupe rebelle salafiste Jaysh&hellip;\n","protected":false},"author":2,"featured_media":132899,"comment_status":"","ping_status":"","sticky":false,"template":"","format":"standard","meta":{"footnotes":""},"categories":[4],"tags":[11,1081,1011,27,1877,12,25],"class_list":{"0":"post-132898","1":"post","2":"type-post","3":"status-publish","4":"format-standard","5":"has-post-thumbnail","7":"category-france","8":"tag-actualites","9":"tag-crimes-de-guerre","10":"tag-fr","11":"tag-france","12":"tag-la-defense","13":"tag-news","14":"tag-republique-francaise"},"share_on_mastodon":{"url":"https:\/\/pubeurope.com\/@fr\/114582336495369004","error":""},"_links":{"self":[{"href":"https:\/\/www.europesays.com\/fr\/wp-json\/wp\/v2\/posts\/132898","targetHints":{"allow":["GET"]}}],"collection":[{"href":"https:\/\/www.europesays.com\/fr\/wp-json\/wp\/v2\/posts"}],"about":[{"href":"https:\/\/www.europesays.com\/fr\/wp-json\/wp\/v2\/types\/post"}],"author":[{"embeddable":true,"href":"https:\/\/www.europesays.com\/fr\/wp-json\/wp\/v2\/users\/2"}],"replies":[{"embeddable":true,"href":"https:\/\/www.europesays.com\/fr\/wp-json\/wp\/v2\/comments?post=132898"}],"version-history":[{"count":0,"href":"https:\/\/www.europesays.com\/fr\/wp-json\/wp\/v2\/posts\/132898\/revisions"}],"wp:featuredmedia":[{"embeddable":true,"href":"https:\/\/www.europesays.com\/fr\/wp-json\/wp\/v2\/media\/132899"}],"wp:attachment":[{"href":"https:\/\/www.europesays.com\/fr\/wp-json\/wp\/v2\/media?parent=132898"}],"wp:term":[{"taxonomy":"category","embeddable":true,"href":"https:\/\/www.europesays.com\/fr\/wp-json\/wp\/v2\/categories?post=132898"},{"taxonomy":"post_tag","embeddable":true,"href":"https:\/\/www.europesays.com\/fr\/wp-json\/wp\/v2\/tags?post=132898"}],"curies":[{"name":"wp","href":"https:\/\/api.w.org\/{rel}","templated":true}]}}