{"id":132900,"date":"2025-05-27T23:17:08","date_gmt":"2025-05-27T23:17:08","guid":{"rendered":"https:\/\/www.europesays.com\/fr\/132900\/"},"modified":"2025-05-27T23:17:08","modified_gmt":"2025-05-27T23:17:08","slug":"roland-garros-fabrice-santoro-aujourdhui-il-y-a-novak-djokovic-cristiano-ronaldo-et-gael-monfils","status":"publish","type":"post","link":"https:\/\/www.europesays.com\/fr\/132900\/","title":{"rendered":"Roland Garros > Fabrice Santoro : \u00ab\u00a0Aujourd&rsquo;hui, il y a Novak Djokovic, Cristiano Ronaldo et Ga\u00ebl Monfils\u00a0\u00bb"},"content":{"rendered":"<p>Consultant pour Prime Video durant la quin\u00adzaine de Roland\u2010Garros et invit\u00e9 \u00e0 s\u2019ex\u00adprimer sur Ga\u00ebl Monfils, oppos\u00e9 ce mardi soir au Bolivien Hugo Dellien au premier tour, Fabrice Santoro n\u2019a pas tari d\u2019\u00e9loges sur le physique du joueur fran\u00ad\u00e7ais, le compa\u00adrant m\u00eame \u00e0 deux l\u00e9gendes du\u00a0sport.\u00a0<\/p>\n<p><strong>\u00ab\u202fJ\u2019ai crois\u00e9 Ga\u00ebl Monfils hier (lundi) dans la zone joueurs et \u00e0 chaque fois je suis surpris de voir un gars aussi athl\u00e9\u00adtique encore. Il va avoir 40 ans l\u2019ann\u00e9e prochaine. On parlait lorsque j\u2019\u00e9tais sur le circuit de la tran\u00adsi\u00adtion de 29 \u00e0 30 ans, 29 vous \u00eates jeunes et 30 ans vous \u00eates vieux. Et bien aujourd\u2019hui, il y a des athl\u00e8tes \u00e0 travers le monde\u00a0: Novak Djokovic, Cristiano Ronaldo et Ga\u00ebl Monfils. Je le mets parmi ces athl\u00e8tes hors normes qui sont capables de rester mons\u00adtrueux sur le plan physique apr\u00e8s 40 ans ou \u00e0 l\u2019ap\u00adproche de la quarantaine.\u202f\u00bb<\/strong><\/p>\n<p class=\"post-published-date\" style=\"color: silver; font-size: 75%; text-align: left;\">Publi\u00e9 le mardi 27 mai 2025 \u00e0 20:04<\/p>\n","protected":false},"excerpt":{"rendered":"Consultant pour Prime Video durant la quin\u00adzaine de Roland\u2010Garros et invit\u00e9 \u00e0 s\u2019ex\u00adprimer sur Ga\u00ebl Monfils, oppos\u00e9 ce&hellip;\n","protected":false},"author":2,"featured_media":132901,"comment_status":"","ping_status":"","sticky":false,"template":"","format":"standard","meta":{"footnotes":""},"categories":[1415],"tags":[105,1011,27,3770,60,1467],"class_list":{"0":"post-132900","1":"post","2":"type-post","3":"status-publish","4":"format-standard","5":"has-post-thumbnail","7":"category-tennis","8":"tag-djokovic","9":"tag-fr","10":"tag-france","11":"tag-monfils","12":"tag-sports","13":"tag-tennis"},"share_on_mastodon":{"url":"https:\/\/pubeurope.com\/@fr\/114582352249978418","error":""},"_links":{"self":[{"href":"https:\/\/www.europesays.com\/fr\/wp-json\/wp\/v2\/posts\/132900","targetHints":{"allow":["GET"]}}],"collection":[{"href":"https:\/\/www.europesays.com\/fr\/wp-json\/wp\/v2\/posts"}],"about":[{"href":"https:\/\/www.europesays.com\/fr\/wp-json\/wp\/v2\/types\/post"}],"author":[{"embeddable":true,"href":"https:\/\/www.europesays.com\/fr\/wp-json\/wp\/v2\/users\/2"}],"replies":[{"embeddable":true,"href":"https:\/\/www.europesays.com\/fr\/wp-json\/wp\/v2\/comments?post=132900"}],"version-history":[{"count":0,"href":"https:\/\/www.europesays.com\/fr\/wp-json\/wp\/v2\/posts\/132900\/revisions"}],"wp:featuredmedia":[{"embeddable":true,"href":"https:\/\/www.europesays.com\/fr\/wp-json\/wp\/v2\/media\/132901"}],"wp:attachment":[{"href":"https:\/\/www.europesays.com\/fr\/wp-json\/wp\/v2\/media?parent=132900"}],"wp:term":[{"taxonomy":"category","embeddable":true,"href":"https:\/\/www.europesays.com\/fr\/wp-json\/wp\/v2\/categories?post=132900"},{"taxonomy":"post_tag","embeddable":true,"href":"https:\/\/www.europesays.com\/fr\/wp-json\/wp\/v2\/tags?post=132900"}],"curies":[{"name":"wp","href":"https:\/\/api.w.org\/{rel}","templated":true}]}}