{"id":132916,"date":"2025-05-27T23:26:10","date_gmt":"2025-05-27T23:26:10","guid":{"rendered":"https:\/\/www.europesays.com\/fr\/132916\/"},"modified":"2025-05-27T23:26:10","modified_gmt":"2025-05-27T23:26:10","slug":"avant-premiere-plus-belle-la-vie-encore-plus-belle-du-mercredi-28-mai-2025-episode-342-tf1","status":"publish","type":"post","link":"https:\/\/www.europesays.com\/fr\/132916\/","title":{"rendered":"Avant-premi\u00e8re &#8211; Plus belle la vie, encore plus belle du mercredi 28 mai 2025 &#8211; Episode 342 &#8211; TF1+"},"content":{"rendered":"<ol>\n<li><a href=\"https:\/\/news.google.com\/rss\/articles\/CBMi4gFBVV95cUxOY3M2Nk5CQUN6WXNfcENYYWFQTU5MODI0NjdJc3phUmxnd3JoS2tCTXZLd0NSUjRHcjRqUF9yRF9XUHZFbXV2SERpMng1UXRCM1F5ajZBdXVMYnl3MzFlQVpzdkVMVk1aT0M1UTJ4N2hVdW1SRlBicWpzYVFMVVZ3WnBCZV9XajFKY3o5VmRfOHBRZWlIc2V6VnZSX3RhNVRHbXJLYWQ1Q0dTVUR1VjIwdUlLNUhLMVg3dFczT0d4NTJGeFNHVzJJMFhKUVBPeXRBMnkzMW9Ic19BT1RveTl3bWRB?oc=5\" target=\"_blank\" rel=\"noopener\">Avant-premi\u00e8re &#8211; Plus belle la vie, encore plus belle du mercredi 28 mai 2025 &#8211; Episode 342<\/a>&nbsp;&nbsp;TF1+<\/li>\n<li><a href=\"https:\/\/news.google.com\/rss\/articles\/CBMiygJBVV95cUxNSHMzMko0dWhiOFgyYUVpMW0wejBURkswTGFpNmp5SWVxYnRERERsUTh6ekkyS25sWV9oT1FPOGhrNUR1ekJjTktVcUNtX1BMRmNHU3h1Q1gyWFlPSVdqV3p2NTQzMWpUWFNPcGJQNm5XUzJ1TDE2a3FvZzBjajdBQU1wbmNlWS1CQzRYYXk0RVpwSFRaRnAzT2p1RXVEY3c2ZGxicklScnUyVEZsbXJlbW14WmNleEg5eXJvdlN1LXA4M05HdTJrb0todFRncTdYQlFib09SZnlVMVNQbF9rSURENm8wVHNwdnhfcmdFVFBTYTZOUFIwYk5LMllHSmU0dkNraEFFdzhxQUtFaDgzOTRaS0QyRy1iUHdBeHZfQnZSbklSMnJXZWJJVlpjSHRWQkZKVFNqRTZ0QkFYU25mWGtJajg1VUFremc?oc=5\" target=\"_blank\" rel=\"noopener\">Plus belle la vie en avance : Colbert nie avoir tu\u00e9 Durieux, une preuve incriminant Ariane retrouv\u00e9e dans le corps du procureur ! Le r\u00e9sum\u00e9 de l\u2019\u00e9pisode 342 du mercredi 28 mai 2025<\/a>&nbsp;&nbsp;programme-tv.net<\/li>\n<li><a href=\"https:\/\/news.google.com\/rss\/articles\/CBMi_AFBVV95cUxOemVKNk85QndyaV9ibDhOYW8xdzQ5aXFHcUdzTTZaQmZocmtLY0RTR1lkSzhrTkZuQlhLUy1HT0dsVGRrN05GcEx0VmdCYkpramFiSWkwSnYwUU5TVnI1eVphSUwyUzFIZ3BSaUZaOTlOX0w4MTAyTkJUNWc5bHhEZXViQk1xeUFWZGVya1IwMmt5eUY4Z21hX1dsWHRvYjRrVUd4UTFxNnlTQWpXckxHT19jSXZtMmFreHBib2dvSFlaSDRTNmViT09NOWZTRVlyRzJZMks5dS1INmpFSDU0M0hLY1Nlb2YtYldyV0ZTSklSMmhwaVpzeElYRkE?oc=5\" target=\"_blank\" rel=\"noopener\">Ariane arr\u00eat\u00e9e sous les yeux de Boher : elle hurle son innocence &#8211; Plus belle la vie 30 mai 2025 (\u00e9pisode 344, r\u00e9sum\u00e9 complet PBLV)<\/a>&nbsp;&nbsp;Nouveaut\u00e9s-T\u00e9l\u00e9.com<\/li>\n<li><a href=\"https:\/\/news.google.com\/rss\/articles\/CBMiekFVX3lxTFBxcFVob3ctUkxTMjlSOXM2cE1hZmZzbEhMYWw1azhvaXh6MU8wa2doMDRNODBQOTdEajdDQ0FuNnRza0hqWHljSlViaU00Y3Y4LUlRS0FMNVVobDZMWVFFd3pveGdYcmpHa05FYi14M1NidHh3RGNCelpR?oc=5\" target=\"_blank\" rel=\"noopener\">Plus Belle La Vie, Encore Plus Belle : \u00ab\u00a0Elle est dingue cette affaire\u2026\u00a0\u00bb Le r\u00e9sum\u00e9 du 27 mai (SPOILERS)<\/a>&nbsp;&nbsp;Yahoo Actualit\u00e9s<\/li>\n<li><a href=\"https:\/\/news.google.com\/rss\/articles\/CBMifkFVX3lxTFBmRjI3NzhRTzNFQWZpVy1IaWhHVGN6TTUyV05oY2NxTXhUVy1Yc2s2LWhHS3oySmFOeXJtRVhtUDdQcU9Ob1hBQ2s1TVhOSFdOWHFILUUxMkZ6MTVxeVFjQU1aa3R5SWc3ZnFkb1BqUWhaSE9FWHZGaklZdVdwZw?oc=5\" target=\"_blank\" rel=\"noopener\">Plus belle la vie : \u201cComment est-ce que j\u2019ai pu me planter \u00e0 ce point ?\u201d&#8230; Idriss d\u00e9couvre la v\u00e9rit\u00e9 sur le procureur<\/a>&nbsp;&nbsp;AlloCin\u00e9<\/li>\n<\/ol>\n","protected":false},"excerpt":{"rendered":"Avant-premi\u00e8re &#8211; Plus belle la vie, encore plus belle du mercredi 28 mai 2025 &#8211; Episode 342&nbsp;&nbsp;TF1+ Plus&hellip;\n","protected":false},"author":2,"featured_media":132917,"comment_status":"","ping_status":"","sticky":false,"template":"","format":"standard","meta":{"footnotes":""},"categories":[1356],"tags":[58,1367,1369,59,1365,1366,1011,27,1368,1371,252,1364,1372,1370],"class_list":{"0":"post-132916","1":"post","2":"type-post","3":"status-publish","4":"format-standard","5":"has-post-thumbnail","7":"category-television","8":"tag-divertissement","9":"tag-encore-plus-belle","10":"tag-encore-plus-belle-episode","11":"tag-entertainment","12":"tag-episode","13":"tag-episode-plus-belle-la-vie","14":"tag-fr","15":"tag-france","16":"tag-plus-belle-la-vie","17":"tag-streaming-plus-belle-la-vie","18":"tag-television","19":"tag-tv","20":"tag-video-en-streaming-plus-belle-la-vie","21":"tag-video-plus-belle-la-vie"},"share_on_mastodon":{"url":"https:\/\/pubeurope.com\/@fr\/114582387704605431","error":""},"_links":{"self":[{"href":"https:\/\/www.europesays.com\/fr\/wp-json\/wp\/v2\/posts\/132916","targetHints":{"allow":["GET"]}}],"collection":[{"href":"https:\/\/www.europesays.com\/fr\/wp-json\/wp\/v2\/posts"}],"about":[{"href":"https:\/\/www.europesays.com\/fr\/wp-json\/wp\/v2\/types\/post"}],"author":[{"embeddable":true,"href":"https:\/\/www.europesays.com\/fr\/wp-json\/wp\/v2\/users\/2"}],"replies":[{"embeddable":true,"href":"https:\/\/www.europesays.com\/fr\/wp-json\/wp\/v2\/comments?post=132916"}],"version-history":[{"count":0,"href":"https:\/\/www.europesays.com\/fr\/wp-json\/wp\/v2\/posts\/132916\/revisions"}],"wp:featuredmedia":[{"embeddable":true,"href":"https:\/\/www.europesays.com\/fr\/wp-json\/wp\/v2\/media\/132917"}],"wp:attachment":[{"href":"https:\/\/www.europesays.com\/fr\/wp-json\/wp\/v2\/media?parent=132916"}],"wp:term":[{"taxonomy":"category","embeddable":true,"href":"https:\/\/www.europesays.com\/fr\/wp-json\/wp\/v2\/categories?post=132916"},{"taxonomy":"post_tag","embeddable":true,"href":"https:\/\/www.europesays.com\/fr\/wp-json\/wp\/v2\/tags?post=132916"}],"curies":[{"name":"wp","href":"https:\/\/api.w.org\/{rel}","templated":true}]}}