{"id":132924,"date":"2025-05-27T23:30:09","date_gmt":"2025-05-27T23:30:09","guid":{"rendered":"https:\/\/www.europesays.com\/fr\/132924\/"},"modified":"2025-05-27T23:30:09","modified_gmt":"2025-05-27T23:30:09","slug":"jai-hate-zinedine-zidane-vient-il-de-spoiler-son-arrivee-a-la-tete-de-lequipe-de-france","status":"publish","type":"post","link":"https:\/\/www.europesays.com\/fr\/132924\/","title":{"rendered":"\u00ab\u00a0J\u2019ai h\u00e2te\u00a0\u00bb : Zin\u00e9dine Zidane vient-il de spoiler son arriv\u00e9e \u00e0 la t\u00eate de l\u2019Equipe de France ?"},"content":{"rendered":"<p>Le futur coach de l\u2019\u00c9quipe de France, d\u2019ores et d\u00e9j\u00e0 au courant de sa future prise de fonction ? \u00c0 la fin de la Coupe du Monde 2026, <a href=\"https:\/\/www.public.fr\/tag\/didier-deschamps\" target=\"_blank\" rel=\"noopener\">Didier Deschamps<\/a> va c\u00e9der sa place qu\u2019il occupe depuis 2012. Mais tout le monde ignore, pour le moment, qui lui succ\u00e9dera. M\u00eame si un nom revient avec insistance : celui de <a href=\"https:\/\/www.public.fr\/tag\/zinedine-zidane\" target=\"_blank\" rel=\"noopener\">Zin\u00e9dine Zidane<\/a>.<\/p>\n<p>Depuis qu\u2019il a quitt\u00e9 son poste d\u2019entraineur du Real Madrid, depuis 2021, <strong>son nom ne cesse de revenir chez les fans des Bleus<\/strong>, et m\u00eame du c\u00f4t\u00e9 de la F\u00e9d\u00e9ration Fran\u00e7aise de Football. Pourtant, personne n\u2019est en mesure de confirmer qu\u2019il succ\u00e9dera bel et bien \u00e0 <a href=\"https:\/\/vsd.fr\/tag\/didier-deschamps\/\" target=\"_blank\" rel=\"noopener\">Didier Deschamps.<\/a>\u00a0<\/p>\n<p>Didier Deschamps, en poste au moins jusqu&rsquo;en 2026, avant l&rsquo;arriv\u00e9e de Zin\u00e9dine Zidane ? <\/p>\n<p>Pour rappel, <a href=\"https:\/\/www.public.fr\/didier-deschamps-sur-le-depart-brise-enfin-le-silence-il-faut-savoir-dire-stop\" target=\"_blank\" rel=\"noopener\">Didier Deschamps annon\u00e7ait son d\u00e9part<\/a> prochain de l&rsquo;\u00c9quipe de France dans le 13h de Marie-Sophie Lacarrau, le 7 janvier dernier. \u00ab\u00a0Je ne suis\u00a0pas l\u00e0 pour faire une annonce, mais ce sera 2026. Je suis l\u00e0 depuis 2012, je suis pr\u00e9vu jusqu\u2019en 2026, la prochaine Coupe du monde. \u00c7a s\u2019arr\u00eatera l\u00e0 parce qu\u2019il faut que \u00e7a s\u2019arr\u00eate l\u00e0 \u00e0 un moment. Dans ma t\u00eate, c\u2019est bien clair. <strong>J\u2019ai fait mon temps avec la m\u00eame envie, la m\u00eame passion pour\u00a0maintenir l\u2019\u00e9quipe de France au plus haut niveau<\/strong>. Mais 2026, c&rsquo;est tr\u00e8s bien\u00a0\u00bb, r\u00e9v\u00e9lait-il en direct.<\/p>\n<p>\u00c0 l&rsquo;heure actuelle, tout le monde ignore qui prendre sa place. Mais \u00e0 en croire nos confr\u00e8res de L\u2019\u00c9quipe, Zin\u00e9dine Zidane aurait \u00e9t\u00e9 mis au courant avant tout le monde. L\u2019ancien num\u00e9ro dix des Bleus devrait bel et bien remplacer Didier Deschamps et diriger les Bleus apr\u00e8s le mondial de 2026.<\/p>\n<p>Nos confr\u00e8res indiquent en effet que \u00ab\u00a0Zizou\u00a0\u00bb aurait r\u00e9cemment fait une importante d\u00e9claration devant des invit\u00e9s \u00e0 un \u00e9v\u00e9nement organis\u00e9 ce lundi 26 mai 2025 par Adidas.\u00a0\u00ab\u00a0Je me sens l\u00e9gitime en \u00e9quipe de France, o\u00f9 j&rsquo;ai jou\u00e9 et pass\u00e9 pratiquement 12, 13 ou 14\u00a0ans comme joueur. <strong>Bien s\u00fbr, c&rsquo;est un r\u00eave, j&rsquo;ai h\u00e2te<\/strong>\u00ab\u00a0, aurait-il d\u00e9clar\u00e9 d\u2019apr\u00e8s le quotidien sportif.\u00a0<\/p>\n<p>\u00ab\u00a0Zizou\u00a0\u00bb, pr\u00eat \u00e0 prendre la place de Didier Deschamps<\/p>\n<p>L\u2019\u00c9quipe pr\u00e9cise que la presse n\u2019a pas eu droit \u00e0 une convocation pour cet \u00e9v\u00e9nement. N\u00e9anmoins, un site sp\u00e9cialis\u00e9 a rapport\u00e9 les propos de Zin\u00e9dine Zidane, avant qu\u2019ils ne soient d\u00e9publi\u00e9s. Malgr\u00e9 tout, l\u2019\u00c9quipe indique que \u00ab\u00a0l\u2019entourage de l&rsquo;\u00e9quipementier confirme leur v\u00e9racit\u00e9\u00a0\u00bb.<\/p>\n<p>Si Zin\u00e9dine Zidane ne s\u2019est pas exprim\u00e9 publiquement au sujet de son \u00e9ventuel futur r\u00f4le d\u2019entraineur de l\u2019\u00c9quipe de France, c\u2019est aussi par respect. En effet, le quotidien sportif indique que \u00ab\u00a0Zizou\u00a0\u00bb aurait demand\u00e9 de \u00ab\u00a0respecter\u00a0\u00bb Didier Deschamps, l\u2019\u00e9quipe, et leur pr\u00e9paration pour la future Coupe du Monde.\u00a0<\/p>\n<p>\u00ab\u00a0Il y a un entra\u00eeneur aux commandes, il y a une \u00e9quipe, et <strong>il faut respecter tout \u00e7a,<\/strong> et c&rsquo;est ce qu&rsquo;on fait. J&rsquo;ai toujours respect\u00e9 le football et les gens, donc ce n&rsquo;est pas vraiment le bon moment. <strong>Mais le moment venu, ce sera un grand plaisir si l&rsquo;occasion se pr\u00e9sente<\/strong>. J\u2019ai mis ma carri\u00e8re entre parenth\u00e8ses un moment, mais je me sens pleinement entra\u00eeneur\u00a0\u00bb, aurait confi\u00e9 Zin\u00e9dine Zidane, visiblement motiv\u00e9 et impatient \u00e0 l\u2019id\u00e9e de diriger l\u2019\u00c9quipe de France.\u00a0<\/p>\n<p>      Mentionn\u00e9s dans cet article<\/p>\n<p>\u00c0 lire aussi<\/p>\n","protected":false},"excerpt":{"rendered":"Le futur coach de l\u2019\u00c9quipe de France, d\u2019ores et d\u00e9j\u00e0 au courant de sa future prise de fonction&hellip;\n","protected":false},"author":2,"featured_media":132925,"comment_status":"","ping_status":"","sticky":false,"template":"","format":"standard","meta":{"footnotes":""},"categories":[9],"tags":[20532,64,1011,27,60,24863],"class_list":{"0":"post-132924","1":"post","2":"type-post","3":"status-publish","4":"format-standard","5":"has-post-thumbnail","7":"category-sports","8":"tag-didier-deschamps","9":"tag-equipe-de-france","10":"tag-fr","11":"tag-france","12":"tag-sports","13":"tag-zinedine-zidane"},"share_on_mastodon":{"url":"https:\/\/pubeurope.com\/@fr\/114582403383119100","error":""},"_links":{"self":[{"href":"https:\/\/www.europesays.com\/fr\/wp-json\/wp\/v2\/posts\/132924","targetHints":{"allow":["GET"]}}],"collection":[{"href":"https:\/\/www.europesays.com\/fr\/wp-json\/wp\/v2\/posts"}],"about":[{"href":"https:\/\/www.europesays.com\/fr\/wp-json\/wp\/v2\/types\/post"}],"author":[{"embeddable":true,"href":"https:\/\/www.europesays.com\/fr\/wp-json\/wp\/v2\/users\/2"}],"replies":[{"embeddable":true,"href":"https:\/\/www.europesays.com\/fr\/wp-json\/wp\/v2\/comments?post=132924"}],"version-history":[{"count":0,"href":"https:\/\/www.europesays.com\/fr\/wp-json\/wp\/v2\/posts\/132924\/revisions"}],"wp:featuredmedia":[{"embeddable":true,"href":"https:\/\/www.europesays.com\/fr\/wp-json\/wp\/v2\/media\/132925"}],"wp:attachment":[{"href":"https:\/\/www.europesays.com\/fr\/wp-json\/wp\/v2\/media?parent=132924"}],"wp:term":[{"taxonomy":"category","embeddable":true,"href":"https:\/\/www.europesays.com\/fr\/wp-json\/wp\/v2\/categories?post=132924"},{"taxonomy":"post_tag","embeddable":true,"href":"https:\/\/www.europesays.com\/fr\/wp-json\/wp\/v2\/tags?post=132924"}],"curies":[{"name":"wp","href":"https:\/\/api.w.org\/{rel}","templated":true}]}}