{"id":132926,"date":"2025-05-27T23:31:10","date_gmt":"2025-05-27T23:31:10","guid":{"rendered":"https:\/\/www.europesays.com\/fr\/132926\/"},"modified":"2025-05-27T23:31:10","modified_gmt":"2025-05-27T23:31:10","slug":"maxime-koh-lanta-2025-revient-sur-son-elimination-je-nencaisse-toujours-pas","status":"publish","type":"post","link":"https:\/\/www.europesays.com\/fr\/132926\/","title":{"rendered":"Maxime (Koh-Lanta 2025) revient sur son \u00e9limination : \u00ab\u00a0Je n\u2019encaisse toujours pas\u00a0\u00bb"},"content":{"rendered":"<p>Depuis son retour dans Koh-Lanta, La revanche des 4 terres<a href=\"https:\/\/www.programme-tv.net\/news\/tv\/377820-blesse-frederic-koh-lanta-2025-revient-sur-son-abandon-medical-ca-a-ete-tres-dur-pendant-longtemps\/\" data-api-deeplink=\"teleloisirs:\/\/news\/377820\" target=\"_blank\" rel=\"noopener\"> \u00e0 la suite de l&rsquo;abandon m\u00e9dical de Fr\u00e9d\u00e9ric<\/a>, Maxime soufflait le chaud et le froid sur le camp. Et alors que l&rsquo;ex-membre de l&rsquo;\u00e9quipe verte <a href=\"https:\/\/www.programme-tv.net\/news\/tv\/379290-javais-quand-meme-un-petit-doute-maxime-explique-pourquoi-il-a-garde-sa-strategie-contre-pierre-marie-secrete-dans-koh-lanta-2025\/\" data-api-deeplink=\"teleloisirs:\/\/news\/379290\" target=\"_blank\" rel=\"noopener\">avait (enfin) d\u00e9cid\u00e9 de se rallier \u00e0 une alliance<\/a>, en l&rsquo;occurence celle form\u00e9e par les anciens joueurs de l&rsquo;Est et de l&rsquo;Ouest, et qu&rsquo;il restait sur deux victoires cons\u00e9cutives lors des \u00e9preuves, le colosse est tomb\u00e9 lors d&rsquo;un jeu \u00e9liminatoire. Une terrible issue pour celui <a href=\"https:\/\/www.programme-tv.net\/news\/tv\/379242-je-ne-regrette-absolument-pas-maxime-revient-sur-sa-strategie-visant-pierre-marie-dans-koh-lanta-la-revanche-des-4-terres\/\" data-api-deeplink=\"teleloisirs:\/\/news\/379242\" target=\"_blank\" rel=\"noopener\">qui r\u00eavait de se retrouver sur la course d&rsquo;orientation<\/a>.<\/p>\n<p>\u00ab\u00a0J&rsquo;ai eu mal aux deux hanches\u00a0\u00bb : Maxime revient sur sa performance lors du jeu de confort de Koh-Lanta, La revanche des 4 terres<\/p>\n<p><b>T\u00e9l\u00e9-Loisirs<\/b> <b>:<\/b> <b>Apr\u00e8s deux victoires cons\u00e9cutives et une strat\u00e9gie rondement men\u00e9e, vous \u00eates finalement \u00e9limin\u00e9 de <\/b><b>Koh-Lanta<\/b><b>\u2026<\/b><br \/><b>Maxime : <\/b>C\u2019est le jour et la nuit par rapport aux jours pr\u00e9c\u00e9dents ! Dans Koh-Lanta, on peut \u00eatre au sommet et se retrouver plus bas que terre le lendemain. On conna\u00eet la chanson. Je l\u2019avais d\u00e9j\u00e0 v\u00e9cu auparavant, c\u2019est un peu une r\u00e9cidive. C\u2019est douloureux, mais il faut l\u2019accepter.<\/p>\n<p><b>Quelle \u00e9limination a \u00e9t\u00e9 la plus dure \u00e0 encaisser ?<br \/><\/b>Celle des ambassadeurs, sans aucune h\u00e9sitation ! L\u00e0, je suis \u00e9limin\u00e9 \u00e0 cause de mes propres performances. On le saura jamais, mais si j&rsquo;\u00e9tais tomb\u00e9 sur une \u00e9preuve plus physique ou demandant de l&rsquo;agilit\u00e9, j&rsquo;aurais peut-\u00eatre pu faire autre chose.<b> En revanche, je m&rsquo;attendais \u00e0 tout, mais pas \u00e0 sortir apr\u00e8s une \u00e9preuve de confort\u2026<\/b><\/p>\n<p><b>Justement, que s&rsquo;est-il pass\u00e9 sur cette \u00e9preuve de confort o\u00f9 vous ne tenez que trois minutes et trente secondes ?<\/b><br \/>J\u2019ai instantan\u00e9ment eu mal aux deux hanches. Je n\u2019aurais jamais cru ressentir de telles douleurs sur cette \u00e9preuve. En essayant de trouver une position confortable pour \u00e9viter les douleurs, je glisse ! En la regardant \u00e0 la t\u00e9l\u00e9vision, je croyais qu&rsquo;elle \u00e9tait simple. Je comprends d\u00e9sormais pourquoi Ugo disait qu&rsquo;elle \u00e9tait si difficile l&rsquo;ann\u00e9e derni\u00e8re.<\/p>\n<p>Maxime avait un gros objectif avant l&rsquo;\u00e9preuve \u00e9liminatoire de Koh-Lanta, La revanche des 4 terres<\/p>\n<p><b>Que se passe-t-il dans votre t\u00eate lorsque vous comprenez que vous \u00eates assur\u00e9 de devoir aller faire l&rsquo;\u00e9preuve \u00e9liminatoire ?<\/b><br \/>Qu&rsquo;il me reste une chance sur trois. Statistiquement, je me dis que j\u2019ai plus de chances de rester que de partir. J&rsquo;avais mon destin entre les mains, donc je voulais rester positif.<\/p>\n<p><b>Claire et J\u00e9r\u00f4me le Catalan sont s\u00e9lectionn\u00e9s pour partir avec vous. Que vous d\u00eetes-vous \u00e0 ce moment-l\u00e0 ?<br \/><\/b>Je veux faire un coup double ! Je me dis que \u00e7a peut \u00eatre pas mal d\u2019en faire partir un des deux. C\u2019est un argument de plus pour gagner. <b>Je pouvais donner un dernier coup \u00e0 cette autre alliance.<\/b> Sauf que voil\u00e0, je me suis termin\u00e9 moi-m\u00eame\u2026<\/p>\n<p><b>Quels souvenirs gardez-vous du jeu \u00e9liminatoire ?<\/b><br \/>C\u2019\u00e9tait tr\u00e8s stressant. Je me demande si j\u2019avais les id\u00e9es claires \u00e0 ce moment-l\u00e0. Je pense que j\u2019\u00e9tais encore un peu embrouill\u00e9 par le dernier conseil. <b>C\u2019\u00e9tait le pire des cas des figures<\/b> d\u2019\u00eatre \u00e9limin\u00e9 sur un jeu comme \u00e7a. <b>C&rsquo;est affreux<\/b>.<\/p>\n<p>\u00ab\u00a0C&rsquo;\u00e9tait comme prendre un bus en plein visage\u00a0\u00bb : Maxime revient sur son \u00e9limination de Koh-Lanta 2025<\/p>\n<p><b>Au moment de quitter l&rsquo;aventure, vous brisez votre carapace et fondez en larmes\u2026 <\/b><br \/>Je ressens un sentiment de loose intense. Je suis surtout tr\u00e8s tr\u00e8s d\u00e9\u00e7u de perdre. Je voulais forc\u00e9ment aller plus loin. C\u2019est dommage de perdre apr\u00e8s avoir fait tout \u00e7a. J\u2019\u00e9tais bien lanc\u00e9, <b>c\u2019\u00e9tait comme prendre un bus en plein visage<\/b>.<\/p>\n<p><b>Vous avez aussi une pens\u00e9e \u00e9mue pour votre maman. On imagine qu&rsquo;elle est fi\u00e8re de votre parcours ?<\/b><br \/>On va regarder ensemble. Elle ne sait pas que je suis \u00e9limin\u00e9. Elle va forc\u00e9ment \u00eatre un peu d\u00e9\u00e7ue\u2026<\/p>\n<p><b>\u00c0 l\u2019heure actuelle, avez-vous r\u00e9ussi \u00e0 encaisser cette sortie du jeu ?<br \/>Je n\u2019encaisse pas<\/b>. Encore aujourd\u2019hui, c\u2019est tr\u00e8s difficile. Je me demande encore comment j\u2019ai pu \u00eatre \u00e9limin\u00e9 sur une telle \u00e9preuve. J\u2019appr\u00e9hende de voir l\u2019\u00e9pisode, je sais que \u00e7a va \u00eatre dur de voir que c\u2019est ma fin. J\u2019ai mis du temps avant de r\u00e9aliser.<\/p>\n","protected":false},"excerpt":{"rendered":"Depuis son retour dans Koh-Lanta, La revanche des 4 terres \u00e0 la suite de l&rsquo;abandon m\u00e9dical de Fr\u00e9d\u00e9ric,&hellip;\n","protected":false},"author":2,"featured_media":132927,"comment_status":"","ping_status":"","sticky":false,"template":"","format":"standard","meta":{"footnotes":""},"categories":[8],"tags":[244,681,58,59,1011,27,2173,680,2277,16068,199],"class_list":{"0":"post-132926","1":"post","2":"type-post","3":"status-publish","4":"format-standard","5":"has-post-thumbnail","7":"category-divertissement","8":"tag-commentaire","9":"tag-denis-brogniart","10":"tag-divertissement","11":"tag-entertainment","12":"tag-fr","13":"tag-france","14":"tag-interview","15":"tag-koh-lanta","16":"tag-la-revanche-des-4-terres","17":"tag-maxime-koh-lanta","18":"tag-tf1"},"share_on_mastodon":{"url":"https:\/\/pubeurope.com\/@fr\/114582407311625478","error":""},"_links":{"self":[{"href":"https:\/\/www.europesays.com\/fr\/wp-json\/wp\/v2\/posts\/132926","targetHints":{"allow":["GET"]}}],"collection":[{"href":"https:\/\/www.europesays.com\/fr\/wp-json\/wp\/v2\/posts"}],"about":[{"href":"https:\/\/www.europesays.com\/fr\/wp-json\/wp\/v2\/types\/post"}],"author":[{"embeddable":true,"href":"https:\/\/www.europesays.com\/fr\/wp-json\/wp\/v2\/users\/2"}],"replies":[{"embeddable":true,"href":"https:\/\/www.europesays.com\/fr\/wp-json\/wp\/v2\/comments?post=132926"}],"version-history":[{"count":0,"href":"https:\/\/www.europesays.com\/fr\/wp-json\/wp\/v2\/posts\/132926\/revisions"}],"wp:featuredmedia":[{"embeddable":true,"href":"https:\/\/www.europesays.com\/fr\/wp-json\/wp\/v2\/media\/132927"}],"wp:attachment":[{"href":"https:\/\/www.europesays.com\/fr\/wp-json\/wp\/v2\/media?parent=132926"}],"wp:term":[{"taxonomy":"category","embeddable":true,"href":"https:\/\/www.europesays.com\/fr\/wp-json\/wp\/v2\/categories?post=132926"},{"taxonomy":"post_tag","embeddable":true,"href":"https:\/\/www.europesays.com\/fr\/wp-json\/wp\/v2\/tags?post=132926"}],"curies":[{"name":"wp","href":"https:\/\/api.w.org\/{rel}","templated":true}]}}