{"id":132929,"date":"2025-05-27T23:33:09","date_gmt":"2025-05-27T23:33:09","guid":{"rendered":"https:\/\/www.europesays.com\/fr\/132929\/"},"modified":"2025-05-27T23:33:09","modified_gmt":"2025-05-27T23:33:09","slug":"deficit-de-la-securite-sociale-pierre-moscovici-fait-fausse-route-mediapart","status":"publish","type":"post","link":"https:\/\/www.europesays.com\/fr\/132929\/","title":{"rendered":"D\u00e9ficit de la S\u00e9curit\u00e9 sociale : Pierre Moscovici fait fausse route &#8211; Mediapart"},"content":{"rendered":"<ol>\n<li><a href=\"https:\/\/news.google.com\/rss\/articles\/CBMiwgFBVV95cUxNRlJBM1pJUTVnQkFOZm92NURoNk9PRk5scDU5QUNoaHkyazJncUNucE5vWUgyejFZeHAzX2VwQnlXWFJQSXhmSEFPWWF4SjZjRjNsT0c2U2ZxY3U3alRlVF9pcGozczFGX1RlZEtUOHBPbk00RVJCMG55blJJcWVpMGRfR3JFbWtjWjVvM05XczFoM0N1anJQUU5RQ0lRR1ZoR08wcFdqVlZhSnR0S0t4RWN2YnNRaUF6dzh1SzRPaWlGdw?oc=5\" target=\"_blank\" rel=\"nofollow noopener\">D\u00e9ficit de la S\u00e9curit\u00e9 sociale : Pierre Moscovici fait fausse route<\/a>&nbsp;&nbsp;Mediapart<\/li>\n<li><a href=\"https:\/\/news.google.com\/rss\/articles\/CBMi0AFBVV95cUxPekgtME9leG5Uby1pODZiMEsyVGE3SmZVSUhSaVhqalZ0OEV3b19BeUsxNmJTUUxTaHp3Nl9ONUhobzlPd19DTGVYcWlHSmdmSHhHMWU0VWJUM3BySFlGbnF2dmlybTh1NHY2djhCUFZiamJlWmhXcGktZkFjVkU4RGhFSDFteERGdHVwb25PeFVVZUY2NUprcXJNampGbjJ1UVk0WDdROHdvQUt3M3BUZUo1alRwS2EzUnk1MDZ3RE1WWHVrVGZGU3ZIdXlvbGZi?oc=5\" target=\"_blank\" rel=\"nofollow noopener\">Ces franchises non r\u00e9clam\u00e9es qui co\u00fbtent 1,5 milliard d\u2019euros par an \u00e0 l\u2019Assurance-maladie<\/a>&nbsp;&nbsp;Le Figaro<\/li>\n<li><a href=\"https:\/\/news.google.com\/rss\/articles\/CBMi9wFBVV95cUxPZldXbVM1ekhCQ0tBaWhOTjU4UklPTkN4UEtRTlNUTk40REdGcGZmTkxUSk9MR3B3U2lWcXhZWGdwcENrT1Y0YTNFemRLcnFVTEQ1N25iNWZhdnQyXzc3ckpUSUppZ0RhajQyT0d6cFRjamRrQ3YyNHduOG12emRMejMzcGhpaVAxR2tsc2tCcDQ4bjZNWkZyZ1c2VXktS3NiNlBHY0dCZDVUZHJNYzhVM2pVNWtITzlIS0FsYVZHZXM5Y3dBSzZtOTF5Wk55VEU3by1FYy1EdW1ZMVh1VHlxQ2pTNzhVUGFsWnBJUldYMi0tTWQ2OUww?oc=5\" target=\"_blank\" rel=\"nofollow noopener\">La S\u00e9curit\u00e9 sociale menac\u00e9e d\u2019une \u00ab crise de liquidit\u00e9 \u00bb, selon un rapport de la Cour des comptes<\/a>&nbsp;&nbsp;Le Monde.fr<\/li>\n<li><a href=\"https:\/\/news.google.com\/rss\/articles\/CBMiggJBVV95cUxOc1VSSkhaVU5hRHVSN1FuMkNkeUIwZ2xDbTVuNUtQdzk2VEt4SmlfZjVRMENER1NvVk5JWV9QTlJxanM2T29mRy1zSWtWNGd2dFNteldCT3FDQ1FMWDNyRHh1ZDVpQVlPSDFhU3V6TjE3STB4c1lwaTVwQ1JtN0dDVTdDakJSRjAtWTRLWGhzZzhKNDhNNWQyTDJfM0ppRmNKMVRjUzV6V08wcG9DNzFucXNDTVcwaXRHUE1XWkNneExkdGZqZmhmbXNHTXdKeEFLNGVtVzhTbS1XU1lkVXBoNk5PQ0htSklyNy11N0h4WDlEa3FsS3Bqc3F3akc4U2lqcGc?oc=5\" target=\"_blank\" rel=\"nofollow noopener\">\u201cIl va falloir compenser le d\u00e9ficit d\u2019une fa\u00e7on ou d\u2019une autre\u201d : la S\u00e9curit\u00e9 sociale va-t-elle vraiment dans le mur ?<\/a>&nbsp;&nbsp;Le Nouvel Obs<\/li>\n<li><a href=\"https:\/\/news.google.com\/rss\/articles\/CBMilgFBVV95cUxPOGktcHEySHdLVFZmaERiUk4tR0RlT2dNUDFYSHR0bGEzTmZVek1pU2xERFh6dlU1SVJrRV9WSW5zZk1tcXVDMGdITnlTR3RVUFI2U3F4VjV6SU9JeFAxVWxxR0JQcjB6OVFoekFCV0pWMkpESzJiaWxKeHBKSW5Mem9ZdHZHWFJUbEJ2XzhHdWgwLTdLS3c?oc=5\" target=\"_blank\" rel=\"nofollow noopener\">Le pire n\u2019est plus tr\u00e8s loin<\/a>&nbsp;&nbsp;Le Point<\/li>\n<\/ol>\n","protected":false},"excerpt":{"rendered":"D\u00e9ficit de la S\u00e9curit\u00e9 sociale : Pierre Moscovici fait fausse route&nbsp;&nbsp;Mediapart Ces franchises non r\u00e9clam\u00e9es qui co\u00fbtent 1,5&hellip;\n","protected":false},"author":2,"featured_media":132930,"comment_status":"","ping_status":"","sticky":false,"template":"","format":"standard","meta":{"footnotes":""},"categories":[6],"tags":[35,15721,25847,33,34,1011,27,25848,9130],"class_list":{"0":"post-132929","1":"post","2":"type-post","3":"status-publish","4":"format-standard","5":"has-post-thumbnail","7":"category-economie","8":"tag-business","9":"tag-cour-des-comptes","10":"tag-deficit-de-la-securite-sociale","11":"tag-economie","12":"tag-economy","13":"tag-fr","14":"tag-france","15":"tag-pierre-moscovici","16":"tag-politique-economique"},"share_on_mastodon":{"url":"https:\/\/pubeurope.com\/@fr\/114582415170897369","error":""},"_links":{"self":[{"href":"https:\/\/www.europesays.com\/fr\/wp-json\/wp\/v2\/posts\/132929","targetHints":{"allow":["GET"]}}],"collection":[{"href":"https:\/\/www.europesays.com\/fr\/wp-json\/wp\/v2\/posts"}],"about":[{"href":"https:\/\/www.europesays.com\/fr\/wp-json\/wp\/v2\/types\/post"}],"author":[{"embeddable":true,"href":"https:\/\/www.europesays.com\/fr\/wp-json\/wp\/v2\/users\/2"}],"replies":[{"embeddable":true,"href":"https:\/\/www.europesays.com\/fr\/wp-json\/wp\/v2\/comments?post=132929"}],"version-history":[{"count":0,"href":"https:\/\/www.europesays.com\/fr\/wp-json\/wp\/v2\/posts\/132929\/revisions"}],"wp:featuredmedia":[{"embeddable":true,"href":"https:\/\/www.europesays.com\/fr\/wp-json\/wp\/v2\/media\/132930"}],"wp:attachment":[{"href":"https:\/\/www.europesays.com\/fr\/wp-json\/wp\/v2\/media?parent=132929"}],"wp:term":[{"taxonomy":"category","embeddable":true,"href":"https:\/\/www.europesays.com\/fr\/wp-json\/wp\/v2\/categories?post=132929"},{"taxonomy":"post_tag","embeddable":true,"href":"https:\/\/www.europesays.com\/fr\/wp-json\/wp\/v2\/tags?post=132929"}],"curies":[{"name":"wp","href":"https:\/\/api.w.org\/{rel}","templated":true}]}}