{"id":132933,"date":"2025-05-27T23:35:07","date_gmt":"2025-05-27T23:35:07","guid":{"rendered":"https:\/\/www.europesays.com\/fr\/132933\/"},"modified":"2025-05-27T23:35:07","modified_gmt":"2025-05-27T23:35:07","slug":"edouard-philippe-annonce-publier-un-pamphlet-le-4-juin-prochain-sur-la-situation-du-pays","status":"publish","type":"post","link":"https:\/\/www.europesays.com\/fr\/132933\/","title":{"rendered":"\u00c9douard Philippe annonce publier un \u00abpamphlet\u00bb le 4 juin prochain sur la situation du pays"},"content":{"rendered":"<p>L\u2019ancien premier ministre et candidat d\u00e9clar\u00e9 \u00e0 la pr\u00e9sidentielle de 2027 sort la semaine prochaine Le Prix de nos mensonges (JC Latt\u00e8s), un ouvrage avec un leitmotiv\u00a0: \u00abSi nous voulons avancer, arr\u00eatons de nous mentir\u00bb.<\/p>\n<p class=\"fig-paragraph\"><a href=\"http:\/\/www.lefigaro.fr\/politique\/proportionnelle-edouard-philippe-defavorable-a-son-instauration-fabien-roussel-juge-que-ce-n-est-pas-la-priorite-20250523\" data-fig-type=\"NewsFlash\" data-gtm-custom-categorie=\"navigation\" data-gtm-custom-action=\"crossclick\" data-gtm-custom-label=\"Contextuel\" data-gtm-event=\"customEventSPE\" data-fig-domain=\"LEFIGARO\" target=\"_blank\" rel=\"noopener\">\u00c9douard Philippe<\/a>\u00a0acc\u00e9l\u00e8re. Concurrenc\u00e9 \u00e0 la fois sur sa gauche par\u00a0<a href=\"http:\/\/www.lefigaro.fr\/politique\/gabriel-attal-cherche-a-se-faire-entendre-et-pose-des-jalons-pour-2027-20250527\" data-fig-type=\"Article\" data-gtm-custom-categorie=\"navigation\" data-gtm-custom-action=\"crossclick\" data-gtm-custom-label=\"Contextuel\" data-gtm-event=\"customEventSPE\" data-fig-domain=\"LEFIGARO\" target=\"_blank\" rel=\"noopener\">Gabriel Attal,<\/a>\u00a0qui pose ses jalons en vue de 2027, et sur sa droite par\u00a0<a href=\"http:\/\/www.lefigaro.fr\/vox\/politique\/albert-zennou-bruno-retailleau-ou-la-revanche-de-la-droite-trocadero-20250523\" data-fig-type=\"Article\" data-gtm-custom-categorie=\"navigation\" data-gtm-custom-action=\"crossclick\" data-gtm-custom-label=\"Contextuel\" data-gtm-event=\"customEventSPE\" data-fig-domain=\"LEFIGARO\" target=\"_blank\" rel=\"noopener\">Bruno Retailleau<\/a>, que d\u2019aucuns consid\u00e8rent comme le candidat naturel de son camp apr\u00e8s sa tr\u00e8s large victoire \u00e0 la t\u00eate des R\u00e9publicains (LR), l\u2019ancien premier ministre, officiellement en lice pour la prochaine pr\u00e9sidentielle, ne veut c\u00e9der aucun pouce de terrain \u00e0 ses probables concurrents dans la course \u00e0 l\u2019\u00c9lys\u00e9e.<\/p>\n<p class=\"fig-paragraph\">Si le maire du Havre (Seine-Maritime) demeure pour l\u2019instant le meilleur atout du bloc central pour se qualifier au second tour et esp\u00e9rer ensuite l\u2019emporter, quelle que soit l\u2019identit\u00e9 de son adversaire du Rassemblement national (RN), les\u00a0<a href=\"http:\/\/www.lefigaro.fr\/politique\/presidentielle-2027-la-poussee-de-retailleau-lance-le-match-avec-philippe-pour-le-second-tour-decouvrez-le-sondage-du-figaro-20250521\" data-fig-type=\"NewsFlash\" data-gtm-custom-categorie=\"navigation\" data-gtm-custom-action=\"crossclick\" data-gtm-custom-label=\"Contextuel\" data-gtm-event=\"customEventSPE\" data-fig-domain=\"LEFIGARO\" target=\"_blank\" rel=\"noopener\">sondages\u00a0<\/a>ne r\u00e9v\u00e8lent aucune dynamique en sa faveur. \u00c0 l\u2019inverse, le ministre de l\u2019Int\u00e9rieur, renforc\u00e9 par son \u00e9lection, b\u00e9n\u00e9ficie d\u2019une forte perc\u00e9e dans l\u2019opinion.<\/p>\n<p class=\"fig-paragraph\">Pour tenter de faire bouger les lignes, le patron du parti Horizons publiera, le 4 juin prochain, un nouvel ouvrage, Le Prix de nos mensonges (JC Latt\u00e8s). Un \u00abpamphlet\u00bb, selon sa propre qualification dans une interview fleuve publi\u00e9e mardi soir sur le site du\u00a0<a href=\"https:\/\/www.lepoint.fr\/politique\/edouard-philippe-je-suis-en-colere-27-05-2025-2590711_20.php\" target=\"_blank\" rel=\"nofollow noopener\" data-gtm-custom-categorie=\"navigation\" data-gtm-custom-action=\"crossclick\" data-gtm-custom-label=\"Contextuel\" data-gtm-event=\"customEventSPE\">Point<\/a> . \u00abJe suis en col\u00e8re\u00bb, \u00e9crit d\u2019ailleurs \u00c9douard Philippe en introduction de son livre, rapporte le magazine. Une formule choc pour r\u00e9sumer son sentiment face \u00e0 la situation du pays, qu\u2019il estime menac\u00e9 d\u2019\u00abaffaissement\u00bb et d\u2019\u00abeffondrement\u00bb. \u00abDepuis longtemps, notre exceptionnelle aptitude \u00e0 nous raconter des histoires m\u2019agace. Nous nous mentons \u00e0 nous-m\u00eames. Et donc nous ne r\u00e9glons pas nos probl\u00e8mes\u00bb, d\u00e9taille l\u2019ancien bras droit d\u2019Alain Jupp\u00e9, qui le mart\u00e8le\u00a0: \u00abSi nous voulons avancer, arr\u00eatons de nous mentir.\u00bb<\/p>\n<p>\u00abNous errons tous dans ce m\u00e9andre\u00bb<\/p>\n<p class=\"fig-paragraph\">Qui est alors responsable de l\u2019\u00e9tat du pays\u00a0? \u00abNous ne sommes pas suffisamment conscients de ce que nous vivons, et nous aimons nous pr\u00e9senter la r\u00e9alit\u00e9 d\u2019une fa\u00e7on qui nous pla\u00eet, plut\u00f4t que de nous confronter \u00e0 ce qu\u2019elle est vraiment\u00bb, r\u00e9pond \u00c9douard Philippe, qui se refuse \u00e0 \u00abaccuser tel ou tel.\u00bb \u00abNous errons tous dans ce m\u00e9andre\u00a0: les responsables politiques, la presse, les Fran\u00e7ais. Dans bien des domaines, nous refusons de voir la r\u00e9alit\u00e9\u00bb, a-t-il affirm\u00e9.<\/p>\n<p class=\"fig-paragraph\">Anticipant les attaques de ceux qui jugeraient son constat trop sombre, \u00c9douard Philippe promet \u00abne pas chercher \u00e0 \u00eatre pessimiste\u00bb, mais souhaite d\u00e9crire une \u00absituation difficile\u00bb dont il faudra sortir d\u2019une mani\u00e8re ou d\u2019une autre. \u00abSi vous ne dites pas lucidement ce qui ne va pas, alors vous r\u00e9duisez consid\u00e9rablement les chances de r\u00e9parer ce qui doit l\u2019\u00eatre\u00bb, indique-t-il, tout en soulignant qu\u2019il y a \u00abpartout dans le pays, il y a de l\u2019\u00e9nergie, des p\u00e9pites, une capacit\u00e9 de rebond\u00bb. \u00abNous disposons d\u2019\u00e9normes atouts\u00bb, a-t-il certifi\u00e9.<\/p>\n<p class=\"fig-paragraph\">Lors de sa d\u00e9claration de candidature \u00e0 la fin de l\u2019\u00e9t\u00e9 dernier, l\u2019ancien premier ministre s\u2019\u00e9tait engag\u00e9 \u00e0 pr\u00e9senter un projet \u00abmassif\u00bb aux Fran\u00e7ais. S\u2019il a d\u00e9j\u00e0 mis quelques pistes sur la table, il faudra faire preuve de patience\u00a0: rien ne sera d\u00e9voil\u00e9 avant les municipales de 2026. Pour l\u2019heure, \u00c9douard Phillippe reste \u00e9vasif. Et s\u2019en tient \u00e0 \u00abproposer une transformation massive\u00bb sur \u00ables \u00e9l\u00e9ments qui (lui) paraissent prioritaires\u00bb, \u00e0 savoir\u00a0: \u00abL\u2019\u00e9cole, le mod\u00e8le social et son financement, la r\u00e9forme de l\u2019\u00c9tat, la justice\u00bb.<\/p>\n","protected":false},"excerpt":{"rendered":"L\u2019ancien premier ministre et candidat d\u00e9clar\u00e9 \u00e0 la pr\u00e9sidentielle de 2027 sort la semaine prochaine Le Prix de&hellip;\n","protected":false},"author":2,"featured_media":132934,"comment_status":"","ping_status":"","sticky":false,"template":"","format":"standard","meta":{"footnotes":""},"categories":[4],"tags":[11,426,427,422,423,3080,1011,27,418,424,425,420,421,12,419,316,3766,429,25,428],"class_list":{"0":"post-132933","1":"post","2":"type-post","3":"status-publish","4":"format-standard","5":"has-post-thumbnail","7":"category-france","8":"tag-actualites","9":"tag-candidat","10":"tag-candidats","11":"tag-depute","12":"tag-deputes","13":"tag-edouard-philippe","14":"tag-fr","15":"tag-france","16":"tag-gouvernement","17":"tag-institution","18":"tag-institutions","19":"tag-loi","20":"tag-lois","21":"tag-news","22":"tag-opposition","23":"tag-politique","24":"tag-presidentielle","25":"tag-ps","26":"tag-republique-francaise","27":"tag-ump"},"share_on_mastodon":{"url":"https:\/\/pubeurope.com\/@fr\/114582423023663155","error":""},"_links":{"self":[{"href":"https:\/\/www.europesays.com\/fr\/wp-json\/wp\/v2\/posts\/132933","targetHints":{"allow":["GET"]}}],"collection":[{"href":"https:\/\/www.europesays.com\/fr\/wp-json\/wp\/v2\/posts"}],"about":[{"href":"https:\/\/www.europesays.com\/fr\/wp-json\/wp\/v2\/types\/post"}],"author":[{"embeddable":true,"href":"https:\/\/www.europesays.com\/fr\/wp-json\/wp\/v2\/users\/2"}],"replies":[{"embeddable":true,"href":"https:\/\/www.europesays.com\/fr\/wp-json\/wp\/v2\/comments?post=132933"}],"version-history":[{"count":0,"href":"https:\/\/www.europesays.com\/fr\/wp-json\/wp\/v2\/posts\/132933\/revisions"}],"wp:featuredmedia":[{"embeddable":true,"href":"https:\/\/www.europesays.com\/fr\/wp-json\/wp\/v2\/media\/132934"}],"wp:attachment":[{"href":"https:\/\/www.europesays.com\/fr\/wp-json\/wp\/v2\/media?parent=132933"}],"wp:term":[{"taxonomy":"category","embeddable":true,"href":"https:\/\/www.europesays.com\/fr\/wp-json\/wp\/v2\/categories?post=132933"},{"taxonomy":"post_tag","embeddable":true,"href":"https:\/\/www.europesays.com\/fr\/wp-json\/wp\/v2\/tags?post=132933"}],"curies":[{"name":"wp","href":"https:\/\/api.w.org\/{rel}","templated":true}]}}