{"id":132942,"date":"2025-05-27T23:40:19","date_gmt":"2025-05-27T23:40:19","guid":{"rendered":"https:\/\/www.europesays.com\/fr\/132942\/"},"modified":"2025-05-27T23:40:19","modified_gmt":"2025-05-27T23:40:19","slug":"il-ne-faut-pas-se-mettre-de-limites","status":"publish","type":"post","link":"https:\/\/www.europesays.com\/fr\/132942\/","title":{"rendered":"\u00ab\u00a0Il ne faut pas se mettre de limites\u00a0\u00bb"},"content":{"rendered":"<p>                                                              <img data-twic-src=\"https:\/\/www.europesays.com\/fr\/wp-content\/uploads\/2025\/05\/1b3109c24672868629d17b7a42c7cdd8.png\" data-credit=\"Antonin UTZ \/ ICON SPORT\" title=\"Antonin UTZ \/ ICON SPORT\" alt=\"Pablo Correa (Nancy) champion du National\" class=\"block\"\/>                                        <\/p>\n<p style=\"font-weight: bold\">L\u2019entra\u00eeneur historique de l&rsquo;AS Nancy Lorraine a fini la saison avec un nouveau titre et une troisi\u00e8me mont\u00e9e, apr\u00e8s celles de 2005 et 2016. Et forc\u00e9ment, il regarde plus haut.<\/p>\n<p class=\"light\">Combien d\u2019entra\u00eeneurs sont parvenus \u00e0 faire monter trois fois leur club de c\u0153ur \u00e0 vingt ans d\u2019intervalle ? Bien peu, certainement. Pablo Correa, 607 matches sur le banc de l\u2019AS Nancy Lorraine en trois p\u00e9riodes (2002-2011, 2013-2017 et depuis 2023), une Coupe de la Ligue, deux titres de champion de Ligue 2 et d\u00e9sormais un de National, fait partie de la l\u00e9gende du club, aux c\u00f4t\u00e9s d\u2019Antoine Redin, Michel Platini et Olivier Rouyer. Son deuxi\u00e8me retour, \u00e0 l\u2019automne 2023, a co\u00efncid\u00e9 avec le redressement de l&rsquo;ASNL, pass\u00e9e de la 17e \u00e0 la 4e place avant de finir sixi\u00e8me au terme d\u2019une saison marqu\u00e9e par le d\u00e9c\u00e8s du pr\u00e9sident Nicolas Holveck.<\/p>\n<p class=\"light\">La saison 2024-2025 aura donc \u00e9t\u00e9 la bonne : d\u00e8s la 4e journ\u00e9e, Nancy s\u2019est install\u00e9 dans les deux premi\u00e8res places, et n\u2019a plus quitt\u00e9 la t\u00eate \u00e0 partir de d\u00e9cembre, sans creuser d\u2019\u00e9cart d\u00e9finitif avant le 2 mai et la victoire contre N\u00eemes. Meilleure attaque, meilleure d\u00e9fense (avec Bourg-en-Bresse) et plus grand nombre de victoires : Nancy fait un beau champion et la f\u00eate a \u00e9t\u00e9 belle au stade Marcel-Picot vendredi soir dernier.<\/p>\n<p class=\"light\" style=\"text-align: center;\"><strong><a href=\"https:\/\/www.fff.fr\/article\/13938-pablo-correa-se-reinventer-en-permanence-.html\" target=\"_blank\" rel=\"noopener\">Lire l&rsquo;interview de Pablo Correa en janvier 2025<\/a><\/strong><\/p>\n<p>3<\/p>\n<p>Le nombre de mont\u00e9es de Pablo Correa avec Nancy, deux en L1 (2005 et 2016) et une en L2 (2025).<\/p>\n<p>607<\/p>\n<p>Le nombre de matches qu\u2019il a dirig\u00e9s comme coach \u00e0 Nancy depuis 2002. Dont 53 en National (32 victoires).<\/p>\n<p>4<\/p>\n<p>Pablo Correa a remport\u00e9 quatre titres avec Nancy : Coupe de la Ligue 2006, champion de L2 2005 et 2016, champion de National 2025.<\/p>\n<p>\u00a0<\/p>\n<p><strong>\u00ab C\u2019est la troisi\u00e8me fois que vous faites monter Nancy en quinze saisons au club. Etait-ce plus dur que les deux premi\u00e8res fois, de la L2 \u00e0 la L1?\u00a0<br \/><\/strong>Certainement, m\u00eame si \u00e7a s\u2019est fini exactement pareil, puisqu\u2019\u00e0 l\u2019\u00e9poque (en 2005 et en 2016) on avait \u00e9t\u00e9 champions, mais dans des contextes diff\u00e9rents, c\u2019\u00e9tait en Ligue 2, pour des mont\u00e9es en Ligue 1. \u00c7a m\u2019a paru beaucoup plus difficile cette fois, probablement parce qu\u2019il a fallu pr\u00e9parer un nouveau groupe, partir d\u2019une feuille blanche. Et parce que ce championnat de National reste difficile car il est \u00e9quilibr\u00e9. \u00c7a m\u2019a demand\u00e9 beaucoup de travail.\u00a0<\/p>\n<p><strong>Comment avez-vous v\u00e9cu cette deuxi\u00e8me saison en National ?\u00a0<\/strong><br \/>Heureusement que j\u2019ai fait une partie de la saison 2023-2024 (il est arriv\u00e9 en novembre 2023), parce que c\u2019est \u00e0 ce moment-l\u00e0 que je me suis nourri de tout ce qui est sp\u00e9cifique au National. Je ne suis pas s\u00fbr que j\u2019aurais pu faire la m\u00eame chose cette ann\u00e9e sans ce temps d\u2019observation.<\/p>\n<p><img decoding=\"async\" src=\"https:\/\/www.europesays.com\/fr\/wp-content\/uploads\/2025\/05\/af60b2aaa12012c90bc3dc2c8779c810.jpeg\" alt=\"\"\/><br \/>Pablo Correa, 607 matches comme coach de Nancy et trois mont\u00e9es (photo Antonin UTZ \/ ICON SPORT).<\/p>\n<p><strong>Vous avez \u00e9t\u00e9 d\u00e9sign\u00e9 meilleur entra\u00eeneur de National sur un vote des joueurs et des coachs. Comment accueillez-vous cette r\u00e9compense ?<\/strong><br \/>Je suis fier car ce sont les coachs et les joueurs qui votent. Mais pour moi, c\u2019est moins une reconnaissance de la personne ou de l\u2019entra\u00eeneur qu\u2019une reconnaissance de l\u2019\u00e9quipe. Il faut que l\u2019\u00e9quipe performe pour que l\u2019entra\u00eeneur gagne. Je viens d\u2019une \u00e9poque o\u00f9 on tenait beaucoup au collectif et \u00e0 la solidarit\u00e9, aujourd\u2019hui c\u2019est plus individualiste. Je l\u2019avais dit dans le vestiaire : \u00e7a ne pouvait \u00eatre qu\u2019une histoire de groupe. Toutes les r\u00e9compenses qui viennent maintenant, c\u2019est le groupe qui les gagne.\u00a0<\/p>\n<blockquote class=\"margin_b30 relative bleu_fonce small_12 module_blockquote row column\"><p>\u00ab\u00a0On conna\u00eet Michel, c\u2019est l\u2019attachement \u00e0 l\u2019homme, \u00e0 l\u2019entra\u00eeneur et au club qui lui font dire \u00e7a.\u00a0\u00bb<\/p>\n<p>Pablo Correa, \u00e0 propos de Michel Platini<\/p>\n<\/blockquote>\n<p><strong>L\u2019autre l\u00e9gende du club, Michel Platini, a dit dans l\u2019Est R\u00e9publicain que \u00ab vous \u00eates un super meneur d\u2019hommes, un entra\u00eeneur qui conna\u00eet tr\u00e8s bien le football et qui a Nancy dans le c\u0153ur \u00bb. \u00c7a vous touche ?<br \/><\/strong>\u00c7a me touche plus qu\u2019un prix, en fait. On conna\u00eet Michel, c\u2019est l\u2019attachement \u00e0 l\u2019homme, \u00e0 l\u2019entra\u00eeneur et au club qui lui font dire \u00e7a. On parle de Michel de Nancy et de la \u00ab\u00a0Juve\u00a0\u00bb, d\u2019abord. Nancy a une place dans son coeur, il est toujours int\u00e9ress\u00e9, il suit toujours. C\u2019est un honneur \u00e9norme quand \u00e7a vient d\u2019un des plus grands de l\u2019histoire du football fran\u00e7ais. C\u2019est de la reconnaissance.<\/p>\n<p>20<\/p>\n<p>Seules deux \u00e9quipes ont gagn\u00e9 plus de la moiti\u00e9 de leurs 32 matches cette saison : Le Mans (17) et Nancy (20).<\/p>\n<p>5<\/p>\n<p>Nancy est le champion de National qui compte le moins de matches nuls depuis 1998 (5, dont un seul \u00e0 domicile).<\/p>\n<p>3<\/p>\n<p>Seules trois \u00e9quipes n\u2019ont pas perdu face \u00e0 Nancy : le FC Rouen (2-2 et 1-1), Paris 13 Atletico (2-1 et 2-2) et l&rsquo;US Boulogne CO (1-1 et 2-0).<\/p>\n<p><img decoding=\"async\" src=\"https:\/\/www.europesays.com\/fr\/wp-content\/uploads\/2025\/05\/3e75155ce6c72e8a91ebd3700f2d059b.jpeg\" alt=\"\"\/><br \/>Aliou Thiar\u00e9, Nicolas Saint-Ruf et Pablo Correa ont \u00e9t\u00e9 laur\u00e9ats aux Troph\u00e9es du National 2025 (Photo Antonin UTZ \/ ICON SPORT).\u00a0<\/p>\n<p><strong>\u00c0\u00a0quel moment de la saison avez-vous su que Nancy allait remonter ?<\/strong><br \/>On a eu des signes tr\u00e8s pr\u00e9coces : notre remontada \u00e0 Sochaux, on perd 0-2 \u00e0 la 70e minute, et on gagne 3-2. Mais ce n\u2019\u00e9tait que la 5e journ\u00e9e, c\u2019\u00e9tait trop t\u00f4t, surtout avec un groupe qui n\u2019avait pas de v\u00e9cu. Quand on bat Orl\u00e9ans \u00e0 Picot, le dernier match avant la tr\u00eave (1-0, le 13 d\u00e9cembre), \u00e7a nous permet de prendre la premi\u00e8re place et de partir en vacances en \u00e9tant en t\u00eate, on \u00e9tait d\u00e9j\u00e0 dans de bons temps de passage. Et apr\u00e8s, c\u2019est au retour encore contre Orl\u00e9ans, o\u00f9 on gagne 5-1 (le 25 avril, \u00e0 la 31e journ\u00e9e), o\u00f9 on est dans la position de favori. Il ne reste que trois journ\u00e9es \u00e0 ce moment-l\u00e0. R\u00e9trospectivement, on voit quand m\u00eame qu\u2019on finit fort avec sept victoires et deux nuls lors des neuf derni\u00e8res journ\u00e9es\u2026<\/p>\n<p><img decoding=\"async\" src=\"https:\/\/www.europesays.com\/fr\/wp-content\/uploads\/2025\/05\/06e24f77f469cd7f8cfa892759322789.jpeg\" alt=\"\"\/><br \/>Jimmy Evans a inscrit contre le FC Rouen le tout dernier but de la saison pour Nancy (photo Maxime FOURNIER \/ FFF).\u00a0<\/p>\n<p><strong>Quels sont les adversaires qui vous ont pos\u00e9 le plus de probl\u00e8mes cette saison ?\u00a0<\/strong><br \/>Boulogne : on les a bien jou\u00e9s chez eux, on menait \u00e0 la mi-temps puis ils ont \u00e9galis\u00e9, c\u2019\u00e9tait un match ouvert (1-1, le 27 septembre). On aurait m\u00e9rit\u00e9 un peu mieux, mais au retour \u00e0 Picot, ils ont \u00e9t\u00e9 tr\u00e8s efficaces (0-2, le 28 f\u00e9vrier). C\u2019est l\u2019\u00e9quipe qui nous a le plus d\u00e9rang\u00e9s. Si je dois en choisir une autre, c\u2019est Dijon. Ils nous ont battus \u00e0 Picot \u00e0 l\u2019aller (0-1, le 20 septembre) car\u00a0on avait du mal \u00e0 cr\u00e9er le danger. Mais au retour, malgr\u00e9 qu\u2019ils nous aient mis un pressing \u00e9norme, on a tr\u00e8s bien r\u00e9sist\u00e9 et on a fini par gagner (1-0, le 21 f\u00e9vrier). Paradoxalement, on \u00e9tait bien contre Le Mans, on les bat chez eux 4-0 et 2-0 au retour. \u00a0<\/p>\n<p>Rouen, c\u2019est le premier match (2-2, le 16 ao\u00fbt) avec tout ce que \u00e7a signifie. Eux, ils ont eu une intersaison assez compliqu\u00e9e, nous on partait d\u2019une feuille blanche. Et le dernier match \u00e0 Nancy, on joue pour rien et on refait nul (1-1, le 16 mai). Contre Paris 13, ils nous battent \u00e0 Picot (1-2, le 8 novembre) contre le cours du jeu, et au retour, sur leur terrain qui est difficile, c\u2019est un synth\u00e9tique, on m\u00e8ne et on se fait remonter (2-2, le 4 avril). Paris, \u00e7a a \u00e9t\u00e9 une \u00e9quipe compliqu\u00e9e \u00e0 g\u00e9rer !<\/p>\n<blockquote class=\"margin_b30 relative bleu_fonce small_12 module_blockquote row column\"><p>\u00ab\u00a0Quand on recrute un joueur, on recrute d\u2019abord un homme.\u00a0\u00bb<\/p>\n<p>Pablo Correa<\/p>\n<\/blockquote>\n<p><strong>On parle beaucoup de l\u2019importance de la data, notamment pour le recrutement, mais est-ce qu\u2019en National, le c\u00f4t\u00e9 humain, les qualit\u00e9s humaines du joueur, ne sont pas plus importantes ?<br \/><\/strong>Tout \u00e0 fait. Et ce n\u2019est pas sp\u00e9cifique au National ! J\u2019ai plus d\u2019exp\u00e9rience en championnat professionnel, en L1 et L2, mais je sais que quand on recrute un joueur, on recrute d\u2019abord un homme. Il faut faire attention. Surtout dans un club comme Nancy dans lequel vous devez vous appuyer d\u2019autant plus sur le collectif que vous n\u2019avez pas les individualit\u00e9s qui feront la diff\u00e9rence \u00e0 chaque fois. Il peut y en avoir des plus techniques, d\u2019autres plus physiques, mais il faut baser \u00e7a sur le collectif. Il faut bien regarder l\u2019homme derri\u00e8re le joueur. Il n\u2019y a aucune data qui peut faire \u00e7a, malheureusement. Ou heureusement !<\/p>\n<p><img decoding=\"async\" title=\"Maxime FOURNIER FFF\" src=\"https:\/\/www.europesays.com\/fr\/wp-content\/uploads\/2025\/05\/5b541e2f532fef7b21bd5e85d5529f55.jpeg\" alt=\"\"\/><br \/>Le stade Marcel-Picot a accueilli 18 059 spectateurs vendredi dernier, son record de la saison (photo Maxime FOURNIER \/ FFF).\u00a0<\/p>\n<p><strong>Vous avez affirm\u00e9 ne pas vouloir jouer de match nul, et effectivement Nancy est le champion qui en a fait le moins dans l\u2019histoire du National. Finalement, c\u2019\u00e9tait un choix risqu\u00e9, mais payant ?<br \/><\/strong>Dans mes observations, j\u2019ai remarqu\u00e9 que, particuli\u00e8rement en National, c\u2019est le nombre de victoires qui fait le classement g\u00e9n\u00e9ral (Nancy a gagn\u00e9 vingt fois sur trente-deux, soit 62 % des matches). En National, on peut perdre plus de matches qu\u2019en Ligue 2, si on en gagne suffisamment, \u00e7a passe. J\u2019ai expliqu\u00e9 \u00e7a d\u00e8s le 8 juillet 2024, le jour de la reprise, six semaines avant de reprendre le championnat. J\u2019ai commenc\u00e9 la saison par un discours sur l\u2019importance du groupe, et j\u2019ai dit aussi que j\u2019accepterai qu\u2019en prenant le risque de gagner le match, on se prenne un contre et qu\u2019on perde.<\/p>\n<p>\u00c0 la diff\u00e9rence de la L1 ou de la L2, en National, on voit beaucoup plus d\u2019erreurs dans le dernier quart d\u2019heure. Mon \u00e9quipe devait r\u00e9sister \u00e0 la fatigue, rester concentr\u00e9e jusqu\u2019au bout, mais surtout, elle devait avoir envie d\u2019aller chercher ce but qui peut nous donner la victoire. C\u2019\u00e9tait un pari, il n\u2019y a rien d\u2019exceptionnel : il s&rsquo;agit juste d\u2019accepter le d\u00e9s\u00e9quilibre, et l\u2019adversaire peut nous surprendre. On a gagn\u00e9 beaucoup de points dans le dernier quart d\u2019heure. On a su tirer parti de l\u2019\u00e9tat de forme de l\u2019adversaire \u00e0 ce moment du match.\u00a0<\/p>\n<p>25<\/p>\n<p>Le nombre de saisons pass\u00e9es en L2 par Nancy depuis 1967, soit 928 matches. Dont 208 avec Pablo Correa comme coach.<\/p>\n<p>10291<\/p>\n<p>L\u2019affluence moyenne au stade Marcel-Picot cette saison, la plus \u00e9lev\u00e9e du National.<\/p>\n<p>26<\/p>\n<p>Le nombre de joueurs utilis\u00e9s cette saison par Pablo Correa en National. Dont 9 au moins 30 fois.<\/p>\n<p>\u00a0<\/p>\n<\/p>\n<p><strong>Vous avez dit r\u00e9cemment que le recrutement serait moins important en nombre que l\u2019\u00e9t\u00e9 dernier. Avez-vous d\u00e9j\u00e0 d\u00e9fini les postes \u00e0 renforcer ?<br \/><\/strong>Oui. La projection de la saison prochaine est faite depuis fin mars. Pas parce qu\u2019on se voyait d\u00e9j\u00e0 en L2, mais parce qu\u2019on a fait deux projections, une pour le National et une autre pour la L2. On ne peut pas attendre la derni\u00e8re semaine de la saison pour s\u2019en occuper ! On a d\u00e9fini les profils de joueurs dont on a besoin. Apr\u00e8s, le march\u00e9 n\u2019a pas encore d\u00e9marr\u00e9. Mais nous sommes au travail, surtout que depuis trois semaines on \u00e9tait s\u00fbrs de monter. Et l\u2019an dernier, on avait pr\u00e9par\u00e9 cette saison en changeant plus de la moiti\u00e9 du groupe, en prenant des joueurs qui puissent nous accompagner en L2.\u00a0<\/p>\n<p><strong>L\u2019objectif \u00e0 moyen terme est-il de stabiliser le club en L2, ou de jouer rapidement la mont\u00e9e en L1 ?<br \/><\/strong>C\u2019est tr\u00e8s difficile de passer du National \u00e0 la L1 rapidement. En L2, les quatre \u00e9quipes qui ont disput\u00e9 le championnat avaient les trois plus gros budgets, \u00e0 part Dunkerque, qui a cr\u00e9\u00e9 la surprise. En L1, les six plus grands budgets sont en haut. Chez les pros, il y a beaucoup moins de surprises. Il faudra d\u2019abord entrer dans ce championnat de L2 par le bas, il va falloir beaucoup d\u2019humilit\u00e9, et avancer par \u00e9tapes, en profitant de notre bonne dynamique qui peut nous donner des r\u00e9sultats. Je ne dis pas qu\u2019on va jouer la mont\u00e9e, mais il faudra toujours regarder vers le haut.\u00a0<\/p>\n<blockquote class=\"margin_b30 relative bleu_fonce small_12 module_blockquote row column\"><p>\u00ab\u00a0J&rsquo;aimerais bien revenir \u00e0 la mairie pour f\u00eater un titre.\u00a0\u00bb<\/p>\n<p>Pablo Correa<\/p>\n<\/blockquote>\n<p><strong>Vous avez dit samedi, place Stanislas, que vous ferez tout pour revenir au m\u00eame endroit pour f\u00eater un autre grand moment de l\u2019histoire du club. Une autre mont\u00e9e ?\u00a0<br \/><\/strong>Quand je suis revenu \u00e0 Nancy en novembre 2002, trois ans apr\u00e8s on \u00e9tait en Ligue 1, et on a gagn\u00e9 la Coupe de la Ligue (en 2006 contre Nice). Si j\u2019avais dit \u00ab\u00a0fin 2002, ne vous inqui\u00e9tez pas, on y sera dans trois ans, et on sera europ\u00e9en\u00a0\u00bb, on m\u2019aurait pris pour un fou. Je n&rsquo;ai plus le m\u00eame \u00e2ge, et je sais que dans le football, \u00e7a va aussi vite vers le haut que vers le bas, et surtout il ne faut pas se mettre de limites. Je ne m\u2019aventurerai pas \u00e0 donner de date, mais j\u2019aimerais bien revenir \u00e0 la mairie pour f\u00eater un titre.\u00a0\u00bb<\/p>\n<p><img decoding=\"async\" src=\"https:\/\/www.europesays.com\/fr\/wp-content\/uploads\/2025\/05\/4a2065c438be27d51d4d74d28336f37e.jpeg\" alt=\"\"\/><br \/>Les Nanc\u00e9iens portaient un maillot floqu\u00e9 \u00ab champion \u00bb et ont eu droit \u00e0 une haie d&rsquo;honneur \u00e0 leur entr\u00e9e sur le terrain (photo Maxime FOURNIER \/ FFF).<\/p>\n","protected":false},"excerpt":{"rendered":"L\u2019entra\u00eeneur historique de l&rsquo;AS Nancy Lorraine a fini la saison avec un nouveau titre et une troisi\u00e8me mont\u00e9e,&hellip;\n","protected":false},"author":2,"featured_media":132943,"comment_status":"","ping_status":"","sticky":false,"template":"","format":"standard","meta":{"footnotes":""},"categories":[9635],"tags":[1111,11,1777,674,85,1011,27,775,1702,12,25],"class_list":{"0":"post-132942","1":"post","2":"type-post","3":"status-publish","4":"format-standard","5":"has-post-thumbnail","7":"category-nancy","8":"tag-actu","9":"tag-actualites","10":"tag-eu","11":"tag-europe","12":"tag-fff","13":"tag-fr","14":"tag-france","15":"tag-grand-est","16":"tag-nancy","17":"tag-news","18":"tag-republique-francaise"},"share_on_mastodon":{"url":"https:\/\/pubeurope.com\/@fr\/114582442772222540","error":""},"_links":{"self":[{"href":"https:\/\/www.europesays.com\/fr\/wp-json\/wp\/v2\/posts\/132942","targetHints":{"allow":["GET"]}}],"collection":[{"href":"https:\/\/www.europesays.com\/fr\/wp-json\/wp\/v2\/posts"}],"about":[{"href":"https:\/\/www.europesays.com\/fr\/wp-json\/wp\/v2\/types\/post"}],"author":[{"embeddable":true,"href":"https:\/\/www.europesays.com\/fr\/wp-json\/wp\/v2\/users\/2"}],"replies":[{"embeddable":true,"href":"https:\/\/www.europesays.com\/fr\/wp-json\/wp\/v2\/comments?post=132942"}],"version-history":[{"count":0,"href":"https:\/\/www.europesays.com\/fr\/wp-json\/wp\/v2\/posts\/132942\/revisions"}],"wp:featuredmedia":[{"embeddable":true,"href":"https:\/\/www.europesays.com\/fr\/wp-json\/wp\/v2\/media\/132943"}],"wp:attachment":[{"href":"https:\/\/www.europesays.com\/fr\/wp-json\/wp\/v2\/media?parent=132942"}],"wp:term":[{"taxonomy":"category","embeddable":true,"href":"https:\/\/www.europesays.com\/fr\/wp-json\/wp\/v2\/categories?post=132942"},{"taxonomy":"post_tag","embeddable":true,"href":"https:\/\/www.europesays.com\/fr\/wp-json\/wp\/v2\/tags?post=132942"}],"curies":[{"name":"wp","href":"https:\/\/api.w.org\/{rel}","templated":true}]}}