{"id":132946,"date":"2025-05-27T23:43:09","date_gmt":"2025-05-27T23:43:09","guid":{"rendered":"https:\/\/www.europesays.com\/fr\/132946\/"},"modified":"2025-05-27T23:43:09","modified_gmt":"2025-05-27T23:43:09","slug":"previsions-du-mercredi-28-mai-2025","status":"publish","type":"post","link":"https:\/\/www.europesays.com\/fr\/132946\/","title":{"rendered":"pr\u00e9visions du mercredi 28 mai 2025"},"content":{"rendered":"<p>Un beau soleil est pr\u00e9vu aujourd&rsquo;hui \u00e0 Montpellier. Il va faire 23\u00b0C en moyenne. Un vent de nord-ouest soufflera l\u00e9g\u00e8rement, avec 13 km\/h. Les temp\u00e9ratures vont conna\u00eetre une hausse de plusieurs degr\u00e9s lors de l&rsquo;apr\u00e8s-midi. Les valeurs seront comprises entre 27 et 29\u00b0C. Une nuit claire vous attendra entre mercredi et jeudi.<\/p>\n<p>C&rsquo;est un soleil \u00e9clatant qui va se montrer demain sur Montpellier. Un temps plus chaud est \u00e0 pr\u00e9voir puisque les temp\u00e9ratures vont enregistrer une augmentation. Les valeurs s&rsquo;\u00e9chelonneront entre 18 et 29\u00b0C. Un vent de nord-ouest rafra\u00eechira l\u00e9g\u00e8rement l&rsquo;atmosph\u00e8re. Le matin, le thermom\u00e8tre affichera 24\u00b0C en moyenne. Les temp\u00e9ratures vont monter pendant l&rsquo;apr\u00e8s-midi de plusieurs degr\u00e9s. Les valeurs afficheront entre 28 et 29\u00b0C. Demain soir, on anticipe des temp\u00e9ratures d&rsquo;environ 24\u00b0C.<\/p>\n<p>Les jours passent et se ressemblent. Il fera 22\u00b0C en moyenne pour des journ\u00e9es avec un ciel ensoleill\u00e9.<\/p>\n<p><\/p>\n","protected":false},"excerpt":{"rendered":"Un beau soleil est pr\u00e9vu aujourd&rsquo;hui \u00e0 Montpellier. Il va faire 23\u00b0C en moyenne. Un vent de nord-ouest&hellip;\n","protected":false},"author":2,"featured_media":132947,"comment_status":"","ping_status":"","sticky":false,"template":"","format":"standard","meta":{"footnotes":""},"categories":[9599],"tags":[1111,11,1777,674,1011,27,7089,2681,2208,12,2680,2119,25],"class_list":{"0":"post-132946","1":"post","2":"type-post","3":"status-publish","4":"format-standard","5":"has-post-thumbnail","7":"category-montpellier","8":"tag-actu","9":"tag-actualites","10":"tag-eu","11":"tag-europe","12":"tag-fr","13":"tag-france","14":"tag-herault","15":"tag-languedoc-roussillon","16":"tag-montpellier","17":"tag-news","18":"tag-occitanie","19":"tag-previsions-meteo","20":"tag-republique-francaise"},"share_on_mastodon":{"url":"https:\/\/pubeurope.com\/@fr\/114582454613584098","error":""},"_links":{"self":[{"href":"https:\/\/www.europesays.com\/fr\/wp-json\/wp\/v2\/posts\/132946","targetHints":{"allow":["GET"]}}],"collection":[{"href":"https:\/\/www.europesays.com\/fr\/wp-json\/wp\/v2\/posts"}],"about":[{"href":"https:\/\/www.europesays.com\/fr\/wp-json\/wp\/v2\/types\/post"}],"author":[{"embeddable":true,"href":"https:\/\/www.europesays.com\/fr\/wp-json\/wp\/v2\/users\/2"}],"replies":[{"embeddable":true,"href":"https:\/\/www.europesays.com\/fr\/wp-json\/wp\/v2\/comments?post=132946"}],"version-history":[{"count":0,"href":"https:\/\/www.europesays.com\/fr\/wp-json\/wp\/v2\/posts\/132946\/revisions"}],"wp:featuredmedia":[{"embeddable":true,"href":"https:\/\/www.europesays.com\/fr\/wp-json\/wp\/v2\/media\/132947"}],"wp:attachment":[{"href":"https:\/\/www.europesays.com\/fr\/wp-json\/wp\/v2\/media?parent=132946"}],"wp:term":[{"taxonomy":"category","embeddable":true,"href":"https:\/\/www.europesays.com\/fr\/wp-json\/wp\/v2\/categories?post=132946"},{"taxonomy":"post_tag","embeddable":true,"href":"https:\/\/www.europesays.com\/fr\/wp-json\/wp\/v2\/tags?post=132946"}],"curies":[{"name":"wp","href":"https:\/\/api.w.org\/{rel}","templated":true}]}}