{"id":132956,"date":"2025-05-27T23:49:09","date_gmt":"2025-05-27T23:49:09","guid":{"rendered":"https:\/\/www.europesays.com\/fr\/132956\/"},"modified":"2025-05-27T23:49:09","modified_gmt":"2025-05-27T23:49:09","slug":"previsions-du-mercredi-28-mai-2025-2","status":"publish","type":"post","link":"https:\/\/www.europesays.com\/fr\/132956\/","title":{"rendered":"pr\u00e9visions du mercredi 28 mai 2025"},"content":{"rendered":"<p>Le soleil se fera d\u00e9sirer aujourd&rsquo;hui sur Rennes, o\u00f9 des nuages sont bien install\u00e9s. Des pluies \u00e9parses sont pr\u00e9vues. Les temp\u00e9ratures afficheront entre 13\u00b0C et 21\u00b0C. Le matin, un modeste vent d&rsquo;ouest sera ressenti par les habitants. Le soleil aura du mal \u00e0 percer au milieu des nuages qui subsisteront dans l&rsquo;apr\u00e8s-midi. En revanche, les temp\u00e9ratures vont conna\u00eetre une hausse de quelques degr\u00e9s. Les valeurs seront comprises entre 20 et 21\u00b0C. Encore de la grisaille le soir. Les nuages vont s&rsquo;attarder. Des pluies \u00e9parses vont tomber sur la ville. Le passage de mercredi \u00e0 jeudi s&rsquo;effectuera sous un ciel brumeux.<\/p>\n<p>Demain, c&rsquo;est sur un ciel tapiss\u00e9 de nuages qu&rsquo;il faudra compter \u00e0 Rennes. La m\u00e9t\u00e9o sera ponctu\u00e9e par des pluies \u00e9parses. C&rsquo;est une hausse de quelques degr\u00e9s que vont enregistrer les temp\u00e9ratures. On anticipe des temp\u00e9ratures avoisinant 19\u00b0C. Un vent de sud-ouest rafra\u00eechira un peu l&rsquo;atmosph\u00e8re. Les nuages \u00e0 pr\u00e9voir demain apr\u00e8s-midi, et un ciel encore gris. D&rsquo;un autre c\u00f4t\u00e9, les temp\u00e9ratures vont conna\u00eetre une augmentation de plusieurs degr\u00e9s. Les valeurs seront de 23\u00b0C au minimum et de 25\u00b0C au plus haut. Il fera 19\u00b0C en moyenne demain soir.<\/p>\n<p>Le temps va s&rsquo;am\u00e9liorer dans les journ\u00e9es suivantes. Le temps sera ensoleill\u00e9 avec des temp\u00e9ratures d&rsquo;environ 21\u00b0C.<\/p>\n<p><\/p>\n","protected":false},"excerpt":{"rendered":"Le soleil se fera d\u00e9sirer aujourd&rsquo;hui sur Rennes, o\u00f9 des nuages sont bien install\u00e9s. Des pluies \u00e9parses sont&hellip;\n","protected":false},"author":2,"featured_media":132957,"comment_status":"","ping_status":"","sticky":false,"template":"","format":"standard","meta":{"footnotes":""},"categories":[2821],"tags":[1111,11,829,1777,674,1011,27,848,12,2119,584,25],"class_list":{"0":"post-132956","1":"post","2":"type-post","3":"status-publish","4":"format-standard","5":"has-post-thumbnail","7":"category-rennes","8":"tag-actu","9":"tag-actualites","10":"tag-bretagne","11":"tag-eu","12":"tag-europe","13":"tag-fr","14":"tag-france","15":"tag-ille-et-vilaine","16":"tag-news","17":"tag-previsions-meteo","18":"tag-rennes","19":"tag-republique-francaise"},"share_on_mastodon":{"url":"https:\/\/pubeurope.com\/@fr\/114582478085693848","error":""},"_links":{"self":[{"href":"https:\/\/www.europesays.com\/fr\/wp-json\/wp\/v2\/posts\/132956","targetHints":{"allow":["GET"]}}],"collection":[{"href":"https:\/\/www.europesays.com\/fr\/wp-json\/wp\/v2\/posts"}],"about":[{"href":"https:\/\/www.europesays.com\/fr\/wp-json\/wp\/v2\/types\/post"}],"author":[{"embeddable":true,"href":"https:\/\/www.europesays.com\/fr\/wp-json\/wp\/v2\/users\/2"}],"replies":[{"embeddable":true,"href":"https:\/\/www.europesays.com\/fr\/wp-json\/wp\/v2\/comments?post=132956"}],"version-history":[{"count":0,"href":"https:\/\/www.europesays.com\/fr\/wp-json\/wp\/v2\/posts\/132956\/revisions"}],"wp:featuredmedia":[{"embeddable":true,"href":"https:\/\/www.europesays.com\/fr\/wp-json\/wp\/v2\/media\/132957"}],"wp:attachment":[{"href":"https:\/\/www.europesays.com\/fr\/wp-json\/wp\/v2\/media?parent=132956"}],"wp:term":[{"taxonomy":"category","embeddable":true,"href":"https:\/\/www.europesays.com\/fr\/wp-json\/wp\/v2\/categories?post=132956"},{"taxonomy":"post_tag","embeddable":true,"href":"https:\/\/www.europesays.com\/fr\/wp-json\/wp\/v2\/tags?post=132956"}],"curies":[{"name":"wp","href":"https:\/\/api.w.org\/{rel}","templated":true}]}}