{"id":132960,"date":"2025-05-27T23:51:09","date_gmt":"2025-05-27T23:51:09","guid":{"rendered":"https:\/\/www.europesays.com\/fr\/132960\/"},"modified":"2025-05-27T23:51:09","modified_gmt":"2025-05-27T23:51:09","slug":"previsions-du-mercredi-28-mai-2025-3","status":"publish","type":"post","link":"https:\/\/www.europesays.com\/fr\/132960\/","title":{"rendered":"pr\u00e9visions du mercredi 28 mai 2025"},"content":{"rendered":"<p>C&rsquo;est \u00e0 un ciel tapiss\u00e9 de nuages qu&rsquo;il faudra s&rsquo;attendre aujourd&rsquo;hui \u00e0 Strasbourg. Les valeurs s&rsquo;\u00e9chelonneront entre 12 et 17\u00b0C. Un l\u00e9ger vent de sud-ouest soufflera. Mauvais temps : on annonce de la bruine pour le matin. Les maximales iront jusqu&rsquo;\u00e0 15\u00b0C tandis que les minimales seront de 14\u00b0C. L&rsquo;apr\u00e8s-midi, le temps sera marqu\u00e9 par des pluies \u00e9parses. Les temp\u00e9ratures s&rsquo;\u00e9chelonneront de 15 \u00e0 17\u00b0C. Il va falloir \u00eatre pr\u00e9voyant le soir : de l\u00e9g\u00e8res averses sont \u00e0 pr\u00e9voir. Les valeurs seront de 13\u00b0C au minimum et de 15\u00b0C au plus haut. Le passage de mercredi \u00e0 jeudi s&rsquo;effectuera sous un ciel brumeux.<\/p>\n<p>De l\u00e9gers nuages seront visibles demain \u00e0 Strasbourg. L&rsquo;air ambiant va se r\u00e9chauffer avec une hausse de quelques degr\u00e9s. Le mercure affichera 16\u00b0C en moyenne. Il faudra pr\u00e9voir son parapluie le matin pour s&rsquo;abriter des pluies \u00e9parses. Il fera environ 17\u00b0C. Un vent de sud-ouest soufflera l\u00e9g\u00e8rement, avec 9 km\/h. Toujours de la grisaille demain apr\u00e8s-midi. De petits nuages vont s&rsquo;attarder. Les temp\u00e9ratures seront comprises entre 17 et 21\u00b0C. Le ciel va s&rsquo;\u00e9claircir au cours de la soir\u00e9e. Il va faire 16\u00b0C en moyenne. Une brise de sud-est soufflera doucement.<\/p>\n<p>Une am\u00e9lioration est \u00e0 pr\u00e9voir pour les jours \u00e0 venir. Comptez sur 21\u00b0C en moyenne qui accompagneront des journ\u00e9es ensoleill\u00e9es.<\/p>\n<p><\/p>\n","protected":false},"excerpt":{"rendered":"C&rsquo;est \u00e0 un ciel tapiss\u00e9 de nuages qu&rsquo;il faudra s&rsquo;attendre aujourd&rsquo;hui \u00e0 Strasbourg. Les valeurs s&rsquo;\u00e9chelonneront entre 12&hellip;\n","protected":false},"author":2,"featured_media":132961,"comment_status":"","ping_status":"","sticky":false,"template":"","format":"standard","meta":{"footnotes":""},"categories":[2820],"tags":[1111,11,1777,674,1011,27,775,12,2119,25,640],"class_list":{"0":"post-132960","1":"post","2":"type-post","3":"status-publish","4":"format-standard","5":"has-post-thumbnail","7":"category-strasbourg","8":"tag-actu","9":"tag-actualites","10":"tag-eu","11":"tag-europe","12":"tag-fr","13":"tag-france","14":"tag-grand-est","15":"tag-news","16":"tag-previsions-meteo","17":"tag-republique-francaise","18":"tag-strasbourg"},"share_on_mastodon":{"url":"https:\/\/pubeurope.com\/@fr\/114582485989792209","error":""},"_links":{"self":[{"href":"https:\/\/www.europesays.com\/fr\/wp-json\/wp\/v2\/posts\/132960","targetHints":{"allow":["GET"]}}],"collection":[{"href":"https:\/\/www.europesays.com\/fr\/wp-json\/wp\/v2\/posts"}],"about":[{"href":"https:\/\/www.europesays.com\/fr\/wp-json\/wp\/v2\/types\/post"}],"author":[{"embeddable":true,"href":"https:\/\/www.europesays.com\/fr\/wp-json\/wp\/v2\/users\/2"}],"replies":[{"embeddable":true,"href":"https:\/\/www.europesays.com\/fr\/wp-json\/wp\/v2\/comments?post=132960"}],"version-history":[{"count":0,"href":"https:\/\/www.europesays.com\/fr\/wp-json\/wp\/v2\/posts\/132960\/revisions"}],"wp:featuredmedia":[{"embeddable":true,"href":"https:\/\/www.europesays.com\/fr\/wp-json\/wp\/v2\/media\/132961"}],"wp:attachment":[{"href":"https:\/\/www.europesays.com\/fr\/wp-json\/wp\/v2\/media?parent=132960"}],"wp:term":[{"taxonomy":"category","embeddable":true,"href":"https:\/\/www.europesays.com\/fr\/wp-json\/wp\/v2\/categories?post=132960"},{"taxonomy":"post_tag","embeddable":true,"href":"https:\/\/www.europesays.com\/fr\/wp-json\/wp\/v2\/tags?post=132960"}],"curies":[{"name":"wp","href":"https:\/\/api.w.org\/{rel}","templated":true}]}}