{"id":132962,"date":"2025-05-27T23:52:28","date_gmt":"2025-05-27T23:52:28","guid":{"rendered":"https:\/\/www.europesays.com\/fr\/132962\/"},"modified":"2025-05-27T23:52:28","modified_gmt":"2025-05-27T23:52:28","slug":"quinte-spinello-la-base-solide-du-quinte-de-ce-mercredi-28-mai-a-strasbourg","status":"publish","type":"post","link":"https:\/\/www.europesays.com\/fr\/132962\/","title":{"rendered":"Quint\u00e9+: Spinello, la base solide du Quint\u00e9+ de ce mercredi 28 mai \u00e0 Strasbourg"},"content":{"rendered":"<p><strong>Son profil<\/strong><\/p>\n<p style=\"text-align: justify;\">A l&rsquo;\u00e2ge de 4 ans, <strong>Spinello <\/strong>a d\u00e9j\u00e0 accumul\u00e9 beaucoup d&rsquo;exp\u00e9rience, notamment sur les parcours de longue haleine. Apr\u00e8s son succ\u00e8s dans un Quint\u00e9+ sur les 3000 m\u00e8tres de Fontainebleau le 1er avril, il a \u00e9t\u00e9 p\u00e9nalis\u00e9 de 2 kilos. Lors de sa sortie suivante, dans un \u00e9v\u00e9nement \u00e0 Saint-Cloud, il a prouv\u00e9 qu&rsquo;il \u00e9tait toujours comp\u00e9titif en 35,5 de valeur. Au vu de sa forme et de ses titres, difficile de l&rsquo;envisager en dehors de la bonne combinaison.<\/p>\n<p><strong>Sa derni\u00e8re course<\/strong><\/p>\n<p><strong>01\/04\/25 &#8211; Saint-Cloud &#8211; 3100m (4e)<\/strong><br \/>Vite dans le groupe de t\u00eate, est venu lutter pour la victoire \u00e0 300 m\u00e8tres du poteau et s&rsquo;est vaillamment d\u00e9fendu jusqu&rsquo;au bout, s&rsquo;inclinant d&rsquo;un rien face \u00e0 ROUDOUDOU.<\/p>\n<p><strong>La statistique<\/strong><\/p>\n<p><strong>Dans les Quint\u00e9+ :<\/strong> 3 courses &#8211; 1 victoire &#8211; 100% dans les 5<\/p>\n<p><strong>L&rsquo;avis de Mario Baratti, son entra\u00eeneur\u00a0 <\/strong><\/p>\n<p style=\"text-align: justify;\">\u00ab\u00a0Spinello (8) est un cheval tr\u00e8s r\u00e9gulier. Nous aurions pr\u00e9f\u00e9r\u00e9 que la piste soit un peu plus souple, mais il ne devrait pas trop pleuvoir. Le trac\u00e9 de Strasbourg devrait lui convenir. Il a besoin d&rsquo;un parcours sur mesure, mais je le pense encore comp\u00e9titif pour figurer \u00e0 l&rsquo;arriv\u00e9e du Quint\u00e9+.\u00a0\u00bb<\/p>\n<p><strong>La cote probable : 5\/1<\/strong><strong>La note d&rsquo;Equidia : 17\/20<\/strong><\/p>\n<p><img decoding=\"async\" src=\"https:\/\/www.europesays.com\/fr\/wp-content\/uploads\/2025\/05\/note8_digitalv210_00-1-jpg\"\/><\/p>\n","protected":false},"excerpt":{"rendered":"Son profil A l&rsquo;\u00e2ge de 4 ans, Spinello a d\u00e9j\u00e0 accumul\u00e9 beaucoup d&rsquo;exp\u00e9rience, notamment sur les parcours de&hellip;\n","protected":false},"author":2,"featured_media":132963,"comment_status":"","ping_status":"","sticky":false,"template":"","format":"standard","meta":{"footnotes":""},"categories":[2820],"tags":[1111,11,1777,674,1011,27,775,25851,12,3016,2623,25,640],"class_list":{"0":"post-132962","1":"post","2":"type-post","3":"status-publish","4":"format-standard","5":"has-post-thumbnail","7":"category-strasbourg","8":"tag-actu","9":"tag-actualites","10":"tag-eu","11":"tag-europe","12":"tag-fr","13":"tag-france","14":"tag-grand-est","15":"tag-la-base-solide","16":"tag-news","17":"tag-plat","18":"tag-quinte","19":"tag-republique-francaise","20":"tag-strasbourg"},"share_on_mastodon":{"url":"https:\/\/pubeurope.com\/@fr\/114582489905896657","error":""},"_links":{"self":[{"href":"https:\/\/www.europesays.com\/fr\/wp-json\/wp\/v2\/posts\/132962","targetHints":{"allow":["GET"]}}],"collection":[{"href":"https:\/\/www.europesays.com\/fr\/wp-json\/wp\/v2\/posts"}],"about":[{"href":"https:\/\/www.europesays.com\/fr\/wp-json\/wp\/v2\/types\/post"}],"author":[{"embeddable":true,"href":"https:\/\/www.europesays.com\/fr\/wp-json\/wp\/v2\/users\/2"}],"replies":[{"embeddable":true,"href":"https:\/\/www.europesays.com\/fr\/wp-json\/wp\/v2\/comments?post=132962"}],"version-history":[{"count":0,"href":"https:\/\/www.europesays.com\/fr\/wp-json\/wp\/v2\/posts\/132962\/revisions"}],"wp:featuredmedia":[{"embeddable":true,"href":"https:\/\/www.europesays.com\/fr\/wp-json\/wp\/v2\/media\/132963"}],"wp:attachment":[{"href":"https:\/\/www.europesays.com\/fr\/wp-json\/wp\/v2\/media?parent=132962"}],"wp:term":[{"taxonomy":"category","embeddable":true,"href":"https:\/\/www.europesays.com\/fr\/wp-json\/wp\/v2\/categories?post=132962"},{"taxonomy":"post_tag","embeddable":true,"href":"https:\/\/www.europesays.com\/fr\/wp-json\/wp\/v2\/tags?post=132962"}],"curies":[{"name":"wp","href":"https:\/\/api.w.org\/{rel}","templated":true}]}}