{"id":132968,"date":"2025-05-27T23:55:09","date_gmt":"2025-05-27T23:55:09","guid":{"rendered":"https:\/\/www.europesays.com\/fr\/132968\/"},"modified":"2025-05-27T23:55:09","modified_gmt":"2025-05-27T23:55:09","slug":"previsions-du-mercredi-28-mai-2025-5","status":"publish","type":"post","link":"https:\/\/www.europesays.com\/fr\/132968\/","title":{"rendered":"pr\u00e9visions du mercredi 28 mai 2025"},"content":{"rendered":"<p>Encore de la grisaille aujourd&rsquo;hui. Les nuages vont stationner sur Nantes. Des pluies \u00e9parses sont attendues. Les valeurs seront de 17\u00b0C. Un l\u00e9ger vent d&rsquo;ouest sera ressenti par les habitants. Les nuages \u00e0 pr\u00e9voir l&rsquo;apr\u00e8s-midi, et un ciel encore gris. Les temp\u00e9ratures seront comprises entre 20 et 21\u00b0C. Il va faire environ 17\u00b0C, le soir. Entre mercredi et jeudi, la nuit sera brumeuse.<\/p>\n<p>L&rsquo;air ambiant va se r\u00e9chauffer demain \u00e0 Nantes avec une hausse de quelques degr\u00e9s. Il fera 19\u00b0C en moyenne. Un vent de sud-ouest rafra\u00eechira quelque peu l&rsquo;atmosph\u00e8re. Le soleil se montrerait plus t\u00f4t dans la matin\u00e9e si de petits nuages n&rsquo;\u00e9taient pas pr\u00e9sents dans le ciel. Les temp\u00e9ratures avoisineront les 20\u00b0C. Cet apr\u00e8s-midi sera synonyme de grand soleil. Les temp\u00e9ratures vont enregistrer une augmentation de quelques degr\u00e9s. Les valeurs s&rsquo;\u00e9chelonneront entre 23 et 24\u00b0C. Demain soir, le mercure affichera 19\u00b0C en moyenne.<\/p>\n<p>La m\u00e9t\u00e9o restera inchang\u00e9e les jours \u00e0 venir. Des temp\u00e9ratures dans les 23\u00b0C accompagneront un ciel ensoleill\u00e9.<\/p>\n<p><\/p>\n","protected":false},"excerpt":{"rendered":"Encore de la grisaille aujourd&rsquo;hui. Les nuages vont stationner sur Nantes. Des pluies \u00e9parses sont attendues. Les valeurs&hellip;\n","protected":false},"author":2,"featured_media":132969,"comment_status":"","ping_status":"","sticky":false,"template":"","format":"standard","meta":{"footnotes":""},"categories":[2818],"tags":[1111,11,1777,674,1011,27,3047,766,12,2636,2119,25],"class_list":{"0":"post-132968","1":"post","2":"type-post","3":"status-publish","4":"format-standard","5":"has-post-thumbnail","7":"category-nantes","8":"tag-actu","9":"tag-actualites","10":"tag-eu","11":"tag-europe","12":"tag-fr","13":"tag-france","14":"tag-loire-atlantique","15":"tag-nantes","16":"tag-news","17":"tag-pays-de-la-loire","18":"tag-previsions-meteo","19":"tag-republique-francaise"},"share_on_mastodon":{"url":"https:\/\/pubeurope.com\/@fr\/114582501675882473","error":""},"_links":{"self":[{"href":"https:\/\/www.europesays.com\/fr\/wp-json\/wp\/v2\/posts\/132968","targetHints":{"allow":["GET"]}}],"collection":[{"href":"https:\/\/www.europesays.com\/fr\/wp-json\/wp\/v2\/posts"}],"about":[{"href":"https:\/\/www.europesays.com\/fr\/wp-json\/wp\/v2\/types\/post"}],"author":[{"embeddable":true,"href":"https:\/\/www.europesays.com\/fr\/wp-json\/wp\/v2\/users\/2"}],"replies":[{"embeddable":true,"href":"https:\/\/www.europesays.com\/fr\/wp-json\/wp\/v2\/comments?post=132968"}],"version-history":[{"count":0,"href":"https:\/\/www.europesays.com\/fr\/wp-json\/wp\/v2\/posts\/132968\/revisions"}],"wp:featuredmedia":[{"embeddable":true,"href":"https:\/\/www.europesays.com\/fr\/wp-json\/wp\/v2\/media\/132969"}],"wp:attachment":[{"href":"https:\/\/www.europesays.com\/fr\/wp-json\/wp\/v2\/media?parent=132968"}],"wp:term":[{"taxonomy":"category","embeddable":true,"href":"https:\/\/www.europesays.com\/fr\/wp-json\/wp\/v2\/categories?post=132968"},{"taxonomy":"post_tag","embeddable":true,"href":"https:\/\/www.europesays.com\/fr\/wp-json\/wp\/v2\/tags?post=132968"}],"curies":[{"name":"wp","href":"https:\/\/api.w.org\/{rel}","templated":true}]}}