{"id":132975,"date":"2025-05-27T23:59:12","date_gmt":"2025-05-27T23:59:12","guid":{"rendered":"https:\/\/www.europesays.com\/fr\/132975\/"},"modified":"2025-05-27T23:59:12","modified_gmt":"2025-05-27T23:59:12","slug":"dans-un-gymnase-de-toulouse-un-agent-de-la-ville-retrouve-une-jeune-femme-pendue","status":"publish","type":"post","link":"https:\/\/www.europesays.com\/fr\/132975\/","title":{"rendered":"Dans un gymnase de Toulouse, un agent de la Ville retrouve une jeune femme pendue"},"content":{"rendered":"<p>            Par<br \/>\n        <strong><br \/>\n            <a href=\"https:\/\/actu.fr\/auteur\/mareva-laville-actu-fr\" title=\"Consulter tous les articles de Mar\u00e9va Laville\" rel=\"nofollow noopener\" target=\"_blank\">Mar\u00e9va Laville<\/a><br \/>\n        <\/strong><\/p>\n<p>        Publi\u00e9 le<\/p>\n<p>            27 mai 2025 \u00e0 16h56        <\/p>\n<p>Macabre et triste d\u00e9couverte dans le gymnase du <strong>centre culturel Alban-Minville<\/strong>, dans le quartier Bellefontaine \u00e0 <a href=\"http:\/\/www.actu.fr\/toulouse\" rel=\"nofollow noopener\" target=\"_blank\"><strong>Toulouse<\/strong><\/a>.<\/p>\n<p>    <a href=\"https:\/\/www.google.com\/maps\/embed?pb=!1m18!1m12!1m3!1d11342.560067017295!2d1.3887604237801845!3d43.56485960191035!2m3!1f0!2f0!3f0!3m2!1i1024!2i768!4f13.1!3m3!1m2!1s0x12aeba31589eacc7%3A0x6c200e715a411124!2sCentre%20culturel%20Alban-Minville!5e1!3m2!1sfr!2sfr!4v1748354630015!5m2!1sfr!2sfr\" title=\"Ouvrie le lien\" rel=\"nofollow noopener\" target=\"_blank\">Cliquez ici pour visualiser le contenu<\/a><\/p>\n<p>Une femme de 31\u00a0ans retrouv\u00e9e pendue<\/p>\n<p class=\" wall-content\">Alors qu\u2019il faisait sa ronde, vendredi 23\u00a0mai 2025, un <strong>agent de la Ville de Toulouse<\/strong> a retrouv\u00e9<strong> une jeune femme, \u00e2g\u00e9e de 31 ans, suspendue \u00e0 une corde<\/strong> devant la paroi du mur d\u2019escalade. \u00ab\u2009La corde utilis\u00e9e sert \u00e0 l\u2019escalade\u2009\u00bb, pr\u00e9cise une source polici\u00e8re d\u2019Actu Toulouse.<\/p>\n<p class=\" wall-content\">Il est alors 16 heures, environ, lorsque l\u2019agent technique voit cette femme en d\u00e9tresse. \u00ab\u2009Il a demand\u00e9 de l\u2019aide et \u00e0 plusieurs, ils l\u2019ont d\u00e9croch\u00e9 et ont appel\u00e9 les secours. Elle a \u00e9t\u00e9 prise en charge\u2009\u00bb, informe la mairie de Toulouse, indiquant par ailleurs que les agents se trouvent encore en \u00e9tat de choc, quatre jours apr\u00e8s les faits.<\/p>\n<p>Elle est transport\u00e9e inanim\u00e9e<\/p>\n<p class=\" wall-content\">Policiers et pompiers ont \u00e9t\u00e9 contact\u00e9s vers 16h45. Les pompiers n\u2019ont pas souhait\u00e9 communiquer sur leur intervention \u00ab\u2009en raison de la sensibilit\u00e9 de l\u2019\u00e9v\u00e9nement\u2009\u00bb.<\/p>\n<p>Vid\u00e9os : en ce moment sur Actu<\/p>\n<p class=\" wall-content\">\u00ab\u2009Son \u00e9tat \u00e9tait d\u00e9sesp\u00e9r\u00e9. Elle a \u00e9t\u00e9 <strong>transport\u00e9e inanim\u00e9e au CHU de Rangueil<\/strong>\u2009\u00bb, r\u00e9v\u00e8le une source polici\u00e8re d\u2019Actu Toulouse. Elle se trouve, depuis, dans le <strong>coma artificiel,<\/strong> selon une information de<a href=\"https:\/\/www.ladepeche.fr\/2025\/05\/27\/ils-decouvrent-une-femme-pendue-a-un-mur-descalade-les-agents-de-la-ville-la-sauvent-in-extremis-on-espere-quelle-ne-gardera-pas-de-sequelles-12721946.php\" rel=\"nofollow noopener\" target=\"_blank\"> La D\u00e9p\u00eache du Midi<\/a> qu\u2019Actu Toulouse est en mesure de confirmer.<\/p>\n<p>Une enqu\u00eate ouverte<\/p>\n<p class=\" wall-content\">Une enqu\u00eate a \u00e9t\u00e9 ouverte pour rechercher les causes des blessures et comprendre les circonstances de ce drame qui n\u2019a, fort heureusement, pas \u00e9t\u00e9 vu par les enfants du centre culturel.<\/p>\n<p class=\" wall-content\">Suivez toute l\u2019actualit\u00e9 de vos villes et m\u00e9dias favoris en vous inscrivant \u00e0 <a href=\"https:\/\/moncompte.actu.fr\" title=\"D\u00e9couvez Mon Actu\" rel=\"nofollow noopener\" data-trk=\"{&quot;cta&quot;:{&quot;action&quot;:&quot;https:\\\/\\\/moncompte.actu.fr&quot;,&quot;category&quot;:&quot;mon compte&quot;,&quot;from&quot;:&quot;article footer&quot;,&quot;name&quot;:&quot;Mon actu&quot;,&quot;type&quot;:&quot;cta&quot;}}\" target=\"_blank\">Mon Actu<\/a>.<\/p>\n","protected":false},"excerpt":{"rendered":"Par Mar\u00e9va Laville Publi\u00e9 le 27 mai 2025 \u00e0 16h56 Macabre et triste d\u00e9couverte dans le gymnase du&hellip;\n","protected":false},"author":2,"featured_media":132976,"comment_status":"","ping_status":"","sticky":false,"template":"","format":"standard","meta":{"footnotes":""},"categories":[2816],"tags":[1111,11,1777,674,118,1011,27,12,2680,1072,1311,25,2312],"class_list":{"0":"post-132975","1":"post","2":"type-post","3":"status-publish","4":"format-standard","5":"has-post-thumbnail","7":"category-toulouse","8":"tag-actu","9":"tag-actualites","10":"tag-eu","11":"tag-europe","12":"tag-faits-divers","13":"tag-fr","14":"tag-france","15":"tag-news","16":"tag-occitanie","17":"tag-police","18":"tag-pompiers","19":"tag-republique-francaise","20":"tag-toulouse"},"share_on_mastodon":{"url":"https:\/\/pubeurope.com\/@fr\/114582517401004605","error":""},"_links":{"self":[{"href":"https:\/\/www.europesays.com\/fr\/wp-json\/wp\/v2\/posts\/132975","targetHints":{"allow":["GET"]}}],"collection":[{"href":"https:\/\/www.europesays.com\/fr\/wp-json\/wp\/v2\/posts"}],"about":[{"href":"https:\/\/www.europesays.com\/fr\/wp-json\/wp\/v2\/types\/post"}],"author":[{"embeddable":true,"href":"https:\/\/www.europesays.com\/fr\/wp-json\/wp\/v2\/users\/2"}],"replies":[{"embeddable":true,"href":"https:\/\/www.europesays.com\/fr\/wp-json\/wp\/v2\/comments?post=132975"}],"version-history":[{"count":0,"href":"https:\/\/www.europesays.com\/fr\/wp-json\/wp\/v2\/posts\/132975\/revisions"}],"wp:featuredmedia":[{"embeddable":true,"href":"https:\/\/www.europesays.com\/fr\/wp-json\/wp\/v2\/media\/132976"}],"wp:attachment":[{"href":"https:\/\/www.europesays.com\/fr\/wp-json\/wp\/v2\/media?parent=132975"}],"wp:term":[{"taxonomy":"category","embeddable":true,"href":"https:\/\/www.europesays.com\/fr\/wp-json\/wp\/v2\/categories?post=132975"},{"taxonomy":"post_tag","embeddable":true,"href":"https:\/\/www.europesays.com\/fr\/wp-json\/wp\/v2\/tags?post=132975"}],"curies":[{"name":"wp","href":"https:\/\/api.w.org\/{rel}","templated":true}]}}