{"id":132977,"date":"2025-05-28T00:00:10","date_gmt":"2025-05-28T00:00:10","guid":{"rendered":"https:\/\/www.europesays.com\/fr\/132977\/"},"modified":"2025-05-28T00:00:10","modified_gmt":"2025-05-28T00:00:10","slug":"previsions-du-mercredi-28-mai-2025-6","status":"publish","type":"post","link":"https:\/\/www.europesays.com\/fr\/132977\/","title":{"rendered":"pr\u00e9visions du mercredi 28 mai 2025"},"content":{"rendered":"<p>Un superbe soleil brillera sur Toulouse, o\u00f9 la journ\u00e9e s&rsquo;annoncera des plus agr\u00e9ables. Il va faire en moyenne 19\u00b0C. Un petit vent de nord-ouest soufflera. Les valeurs tourneront autour des 19\u00b0C au cours de la matin\u00e9e. Une m\u00e9t\u00e9o plus chaude est \u00e0 pr\u00e9voir l&rsquo;apr\u00e8s-midi puisque les temp\u00e9ratures vont conna\u00eetre une l\u00e9g\u00e8re hausse. Les valeurs s&rsquo;\u00e9chelonneront entre 23 et 25\u00b0C. Le ciel sera limpide dans la nuit de mercredi \u00e0 jeudi.<\/p>\n<p>Demain, les Toulousains vont pouvoir b\u00e9n\u00e9ficier d&rsquo;un soleil magnifique. C&rsquo;est une hausse de quelques degr\u00e9s que vont enregistrer les temp\u00e9ratures. Il fera 21\u00b0C en moyenne. Une modeste brise de nord-ouest sera ressentie par les habitants. Le matin, le thermom\u00e8tre affichera 20\u00b0C en moyenne. Le temps va se r\u00e9chauffer demain apr\u00e8s-midi avec une augmentation de plusieurs degr\u00e9s. Les valeurs seront comprises entre 25 et 27\u00b0C. Demain soir, on pr\u00e9voit des temp\u00e9ratures d&rsquo;environ 22\u00b0C.<\/p>\n<p>Peu d&rsquo;\u00e9volutions au fil des jours. Il va faire un temps plut\u00f4t ensoleill\u00e9 avec des temp\u00e9ratures autour de 24\u00b0C.<\/p>\n<p><\/p>\n","protected":false},"excerpt":{"rendered":"Un superbe soleil brillera sur Toulouse, o\u00f9 la journ\u00e9e s&rsquo;annoncera des plus agr\u00e9ables. Il va faire en moyenne&hellip;\n","protected":false},"author":2,"featured_media":132978,"comment_status":"","ping_status":"","sticky":false,"template":"","format":"standard","meta":{"footnotes":""},"categories":[2816],"tags":[1111,11,1777,674,1011,27,2722,2721,12,2680,2119,25,2312],"class_list":{"0":"post-132977","1":"post","2":"type-post","3":"status-publish","4":"format-standard","5":"has-post-thumbnail","7":"category-toulouse","8":"tag-actu","9":"tag-actualites","10":"tag-eu","11":"tag-europe","12":"tag-fr","13":"tag-france","14":"tag-haute-garonne","15":"tag-midi-pyrenees","16":"tag-news","17":"tag-occitanie","18":"tag-previsions-meteo","19":"tag-republique-francaise","20":"tag-toulouse"},"share_on_mastodon":{"url":"https:\/\/pubeurope.com\/@fr\/114582521351270282","error":""},"_links":{"self":[{"href":"https:\/\/www.europesays.com\/fr\/wp-json\/wp\/v2\/posts\/132977","targetHints":{"allow":["GET"]}}],"collection":[{"href":"https:\/\/www.europesays.com\/fr\/wp-json\/wp\/v2\/posts"}],"about":[{"href":"https:\/\/www.europesays.com\/fr\/wp-json\/wp\/v2\/types\/post"}],"author":[{"embeddable":true,"href":"https:\/\/www.europesays.com\/fr\/wp-json\/wp\/v2\/users\/2"}],"replies":[{"embeddable":true,"href":"https:\/\/www.europesays.com\/fr\/wp-json\/wp\/v2\/comments?post=132977"}],"version-history":[{"count":0,"href":"https:\/\/www.europesays.com\/fr\/wp-json\/wp\/v2\/posts\/132977\/revisions"}],"wp:featuredmedia":[{"embeddable":true,"href":"https:\/\/www.europesays.com\/fr\/wp-json\/wp\/v2\/media\/132978"}],"wp:attachment":[{"href":"https:\/\/www.europesays.com\/fr\/wp-json\/wp\/v2\/media?parent=132977"}],"wp:term":[{"taxonomy":"category","embeddable":true,"href":"https:\/\/www.europesays.com\/fr\/wp-json\/wp\/v2\/categories?post=132977"},{"taxonomy":"post_tag","embeddable":true,"href":"https:\/\/www.europesays.com\/fr\/wp-json\/wp\/v2\/tags?post=132977"}],"curies":[{"name":"wp","href":"https:\/\/api.w.org\/{rel}","templated":true}]}}