{"id":132979,"date":"2025-05-28T00:01:08","date_gmt":"2025-05-28T00:01:08","guid":{"rendered":"https:\/\/www.europesays.com\/fr\/132979\/"},"modified":"2025-05-28T00:01:08","modified_gmt":"2025-05-28T00:01:08","slug":"previsions-du-mercredi-28-mai-2025-7","status":"publish","type":"post","link":"https:\/\/www.europesays.com\/fr\/132979\/","title":{"rendered":"pr\u00e9visions du mercredi 28 mai 2025"},"content":{"rendered":"<p>Le soleil se fera d\u00e9sirer aujourd&rsquo;hui sur Lille, o\u00f9 des nuages sont bien install\u00e9s. Le thermom\u00e8tre affichera 16\u00b0C en moyenne. Le matin, des nuages ne voudront pas faire place au soleil. Du mauvais temps est \u00e0 pr\u00e9voir. Des pluies \u00e9parses vont tomber. Un vent d&rsquo;ouest est pr\u00e9vu : il soufflera \u00e0 25 km\/h. De l\u00e9g\u00e8res averses sont \u00e0 pr\u00e9voir dans l&rsquo;apr\u00e8s-midi. Les temp\u00e9ratures s&rsquo;\u00e9chelonneront de 17 \u00e0 19\u00b0C. Il va pleuvoir le soir. Il va faire 15\u00b0C en moyenne. On pr\u00e9voit une nuit claire entre mercredi et jeudi.<\/p>\n<p>La grisaille ne se dissipe toujours pas, il va y avoir encore des nuages demain. Les valeurs seront comprises entre 11 et 21\u00b0C \u00e0 Lille. Un vent de sud-ouest rafra\u00eechira quelque peu l&rsquo;atmosph\u00e8re. Le matin, le soleil sera dissimul\u00e9 derri\u00e8re des nuages. L&rsquo;apr\u00e8s-midi va rester voil\u00e9 \u00e0 cause de nuages qui se maintiennent dans le ciel. Des pluies \u00e9parses vont tomber. En revanche, l&rsquo;air ambiant va se r\u00e9chauffer avec une hausse de plusieurs degr\u00e9s. Les temp\u00e9ratures s&rsquo;\u00e9chelonneront entre 19 et 21\u00b0C.<\/p>\n<p>Les conditions m\u00e9t\u00e9orologiques seront ensoleill\u00e9es vendredi mais elles conna\u00eetront une d\u00e9gradation samedi.<\/p>\n<p><\/p>\n","protected":false},"excerpt":{"rendered":"Le soleil se fera d\u00e9sirer aujourd&rsquo;hui sur Lille, o\u00f9 des nuages sont bien install\u00e9s. Le thermom\u00e8tre affichera 16\u00b0C&hellip;\n","protected":false},"author":2,"featured_media":132980,"comment_status":"","ping_status":"","sticky":false,"template":"","format":"standard","meta":{"footnotes":""},"categories":[2815],"tags":[1111,11,1777,674,1011,27,811,1307,12,2119,25],"class_list":{"0":"post-132979","1":"post","2":"type-post","3":"status-publish","4":"format-standard","5":"has-post-thumbnail","7":"category-lille","8":"tag-actu","9":"tag-actualites","10":"tag-eu","11":"tag-europe","12":"tag-fr","13":"tag-france","14":"tag-hauts-de-france","15":"tag-lille","16":"tag-news","17":"tag-previsions-meteo","18":"tag-republique-francaise"},"share_on_mastodon":{"url":"https:\/\/pubeurope.com\/@fr\/114582526101119695","error":""},"_links":{"self":[{"href":"https:\/\/www.europesays.com\/fr\/wp-json\/wp\/v2\/posts\/132979","targetHints":{"allow":["GET"]}}],"collection":[{"href":"https:\/\/www.europesays.com\/fr\/wp-json\/wp\/v2\/posts"}],"about":[{"href":"https:\/\/www.europesays.com\/fr\/wp-json\/wp\/v2\/types\/post"}],"author":[{"embeddable":true,"href":"https:\/\/www.europesays.com\/fr\/wp-json\/wp\/v2\/users\/2"}],"replies":[{"embeddable":true,"href":"https:\/\/www.europesays.com\/fr\/wp-json\/wp\/v2\/comments?post=132979"}],"version-history":[{"count":0,"href":"https:\/\/www.europesays.com\/fr\/wp-json\/wp\/v2\/posts\/132979\/revisions"}],"wp:featuredmedia":[{"embeddable":true,"href":"https:\/\/www.europesays.com\/fr\/wp-json\/wp\/v2\/media\/132980"}],"wp:attachment":[{"href":"https:\/\/www.europesays.com\/fr\/wp-json\/wp\/v2\/media?parent=132979"}],"wp:term":[{"taxonomy":"category","embeddable":true,"href":"https:\/\/www.europesays.com\/fr\/wp-json\/wp\/v2\/categories?post=132979"},{"taxonomy":"post_tag","embeddable":true,"href":"https:\/\/www.europesays.com\/fr\/wp-json\/wp\/v2\/tags?post=132979"}],"curies":[{"name":"wp","href":"https:\/\/api.w.org\/{rel}","templated":true}]}}