{"id":132988,"date":"2025-05-28T00:06:16","date_gmt":"2025-05-28T00:06:16","guid":{"rendered":"https:\/\/www.europesays.com\/fr\/132988\/"},"modified":"2025-05-28T00:06:16","modified_gmt":"2025-05-28T00:06:16","slug":"ligue-1-la-fifa-leve-linterdiction-de-recrutement-de-lyon","status":"publish","type":"post","link":"https:\/\/www.europesays.com\/fr\/132988\/","title":{"rendered":"Ligue\u00a01\u00a0: la Fifa l\u00e8ve l\u2019interdiction de recrutement de Lyon"},"content":{"rendered":"<p>Mardi apr\u00e8s-midi, Lyon n\u2019\u00e9tait en effet plus sur la liste, des pr\u00e8s de 1 200 clubs interdits de recrutement par l\u2019instance mondiale du football. La Fifa n\u2019avait donn\u00e9 aucune pr\u00e9cision mais cette somme, correspondant \u00e0 un reliquat de transfert. Laquelle, \u00e9voquant une \u00ab n\u00e9gligence \u00bb, assurait qu\u2019elle avait \u00e9t\u00e9 r\u00e9gl\u00e9e le m\u00eame jour. \u00ab L\u2019interdiction de la Fifa a \u00e9t\u00e9 lev\u00e9e \u00bb, a affirm\u00e9 mardi, l\u2019OL dans un message laconique aux m\u00e9dias.<\/p>\n<p>\u00ab Nous avons examin\u00e9 certaines proc\u00e9dures internes au cours des derni\u00e8res semaines et ce probl\u00e8me en faisait partie. Nous avons mis en place de nouvelles proc\u00e9dures pour l\u2019avenir \u00bb, avait indiqu\u00e9 l\u2019OL, lundi. Priv\u00e9 de Ligue des champions l\u2019an prochain mais qualifi\u00e9 pour la Ligue Europa, l\u2019OL figurait parmi les clubs vis\u00e9s par cette mesure \u00ab en raison de diff\u00e9rentes infractions, telles que les litiges financiers ou des entorses r\u00e9glementaires \u00bb.<\/p>\n<p>L\u2019OL peut toujours \u00eatre interdit de Coupe d\u2019Europe<\/p>\n<p>\u00a0L\u2019interdiction couvrait trois p\u00e9riodes de transferts (\u00e9t\u00e9 2025 et 2026, hiver 2025-2026).<\/p>\n<p>La formation lyonnaise avait d\u00e9j\u00e0 \u00e9t\u00e9 priv\u00e9e de recrutement en novembre par la DNCG, gendarme financier du football fran\u00e7ais, et s\u2019\u00e9tait vue menacer d\u2019une r\u00e9trogradation en Ligue 2.<\/p>\n<p>Par ailleurs, l\u2019OL, qui f\u00eate ses 75 ans cette ann\u00e9e, court encore le risque d\u2019\u00eatre interdit de participation \u00e0 une coupe d\u2019Europe par l\u2019UEFA, l\u00e0 aussi pour ses finances d\u00e9faillantes. L\u2019instance europ\u00e9enne et le club discutent d\u2019un accord n\u00e9goci\u00e9 avec une amende de plusieurs millions d\u2019euros. Apr\u00e8s avoir encaiss\u00e9 75 millions d\u2019euros de recettes de transferts l\u2019hiver dernier, l\u2019OL pourrait \u00eatre contraint de vendre des joueurs \u00e0 forte valeur marchande tels que Rayan Cherki et Malick Fofana.<\/p>\n","protected":false},"excerpt":{"rendered":"Mardi apr\u00e8s-midi, Lyon n\u2019\u00e9tait en effet plus sur la liste, des pr\u00e8s de 1 200 clubs interdits de&hellip;\n","protected":false},"author":2,"featured_media":132989,"comment_status":"","ping_status":"","sticky":false,"template":"","format":"standard","meta":{"footnotes":""},"categories":[1889],"tags":[1111,11,2430,3166,1777,674,63,1011,27,66,2428,12,25,60],"class_list":{"0":"post-132988","1":"post","2":"type-post","3":"status-publish","4":"format-standard","5":"has-post-thumbnail","7":"category-lyon","8":"tag-actu","9":"tag-actualites","10":"tag-auvergne-rhone-alpes","11":"tag-en-continu-sports","12":"tag-eu","13":"tag-europe","14":"tag-football","15":"tag-fr","16":"tag-france","17":"tag-ligue-1","18":"tag-lyon","19":"tag-news","20":"tag-republique-francaise","21":"tag-sports"},"share_on_mastodon":{"url":"https:\/\/pubeurope.com\/@fr\/114582544960120144","error":""},"_links":{"self":[{"href":"https:\/\/www.europesays.com\/fr\/wp-json\/wp\/v2\/posts\/132988","targetHints":{"allow":["GET"]}}],"collection":[{"href":"https:\/\/www.europesays.com\/fr\/wp-json\/wp\/v2\/posts"}],"about":[{"href":"https:\/\/www.europesays.com\/fr\/wp-json\/wp\/v2\/types\/post"}],"author":[{"embeddable":true,"href":"https:\/\/www.europesays.com\/fr\/wp-json\/wp\/v2\/users\/2"}],"replies":[{"embeddable":true,"href":"https:\/\/www.europesays.com\/fr\/wp-json\/wp\/v2\/comments?post=132988"}],"version-history":[{"count":0,"href":"https:\/\/www.europesays.com\/fr\/wp-json\/wp\/v2\/posts\/132988\/revisions"}],"wp:featuredmedia":[{"embeddable":true,"href":"https:\/\/www.europesays.com\/fr\/wp-json\/wp\/v2\/media\/132989"}],"wp:attachment":[{"href":"https:\/\/www.europesays.com\/fr\/wp-json\/wp\/v2\/media?parent=132988"}],"wp:term":[{"taxonomy":"category","embeddable":true,"href":"https:\/\/www.europesays.com\/fr\/wp-json\/wp\/v2\/categories?post=132988"},{"taxonomy":"post_tag","embeddable":true,"href":"https:\/\/www.europesays.com\/fr\/wp-json\/wp\/v2\/tags?post=132988"}],"curies":[{"name":"wp","href":"https:\/\/api.w.org\/{rel}","templated":true}]}}