{"id":132996,"date":"2025-05-28T00:10:13","date_gmt":"2025-05-28T00:10:13","guid":{"rendered":"https:\/\/www.europesays.com\/fr\/132996\/"},"modified":"2025-05-28T00:10:13","modified_gmt":"2025-05-28T00:10:13","slug":"une-elue-ecologiste-de-paris-accusee-dantisemitisme","status":"publish","type":"post","link":"https:\/\/www.europesays.com\/fr\/132996\/","title":{"rendered":"une \u00e9lue \u00e9cologiste de Paris accus\u00e9e d\u2019antis\u00e9mitisme"},"content":{"rendered":"<p>Lors d\u2019une s\u00e9ance du Conseil du 20e arrondissement de Paris, Lila Djellali a d\u00e9natur\u00e9 une phrase du G\u00e9n\u00e9ral de Gaulle, prononc\u00e9e en 1967 apr\u00e8s la guerre des Six jours, opposant Isra\u00ebl \u00e0 plusieurs pays arabes. Elle a pr\u00e9sent\u00e9 ses \u00abexcuses\u00bb ce mardi.<\/p>\n<p class=\"fig-paragraph\">Depuis quelques heures, une s\u00e9quence fait le tour des r\u00e9seaux sociaux. Au cours d\u2019un d\u00e9bat organis\u00e9 lundi par le Conseil du 20e arrondissement autour d\u2019un \u00abv\u0153u\u00bb relatif \u00e0 la guerre entre\u00a0<a href=\"http:\/\/www.lefigaro.fr\/international\/en-israel-benyamin-netanyahou-durcit-son-offensive-contre-la-justice-20250525\" data-fig-type=\"Article\" data-gtm-custom-categorie=\"navigation\" data-gtm-custom-action=\"crossclick\" data-gtm-custom-label=\"Contextuel\" data-gtm-event=\"customEventSPE\" data-fig-domain=\"LEFIGARO\" target=\"_blank\" rel=\"noopener\">Isra\u00ebl\u00a0<\/a>et le Hamas ainsi que sur la situation dans la bande de Gaza, l\u2019\u00e9lue \u00e9cologiste Lila Djellali a provoqu\u00e9 une vive pol\u00e9mique. Elle est accus\u00e9e d\u2019y avoir tenu des propos jug\u00e9s antis\u00e9mites. \u00c9voquant la r\u00e9ponse militaire de l\u2019\u00c9tat h\u00e9breu aux attaques terroristes du\u00a0<a href=\"http:\/\/www.lefigaro.fr\/vox\/monde\/samy-cohen-apres-le-7-octobre-il-n-y-a-plus-grand-monde-en-israel-qui-croit-en-la-paix-avec-les-palestiniens-20250515\" data-fig-type=\"Article\" data-gtm-custom-categorie=\"navigation\" data-gtm-custom-action=\"crossclick\" data-gtm-custom-label=\"Contextuel\" data-gtm-event=\"customEventSPE\" data-fig-domain=\"LEFIGARO\" target=\"_blank\" rel=\"noopener\">7 octobre 2023<\/a>\u00a0sur son sol, dont les cons\u00e9quences humanitaires sont unanimement condamn\u00e9es par la communaut\u00e9 internationale, cette adjointe au maire a d\u2019entr\u00e9e de jeu dit son intention\u00a0: \u00abMettre en lumi\u00e8re\u00bb ce qu\u2019elle consid\u00e8re comme des \u00absignes de g\u00e9nocide\u00bb visant la population gazaouie.<\/p>\n<p class=\"fig-paragraph\">Si la qualification de l\u2019action isra\u00e9lienne dans l\u2019enclave palestinienne divise la classe politique fran\u00e7aise comme les sp\u00e9cialistes du droit international, Lila Djellali assume pleinement l\u2019usage du terme\u00a0: \u00abCe mot est important\u00bb, a-t-elle insist\u00e9. Selon l\u2019\u00e9lue, \u00abon ne parle pas de g\u00e9nocide depuis\u00bb l\u2019attaque du Hamas mais \u00abdepuis des ann\u00e9es et des ann\u00e9es\u00bb, bien qu\u2019elle n\u2019ait avanc\u00e9 aucun \u00e9l\u00e9ment historique pour appuyer son affirmation. C\u2019est alors qu\u2019elle choisit de se r\u00e9f\u00e9rer au\u00a0<a href=\"http:\/\/www.lefigaro.fr\/politique\/reconnaissance-d-un-etat-palestinien-de-de-gaulle-a-macron-comment-la-position-francaise-a-evolue-20250410\" data-fig-type=\"Article\" data-gtm-custom-categorie=\"navigation\" data-gtm-custom-action=\"crossclick\" data-gtm-custom-label=\"Contextuel\" data-gtm-event=\"customEventSPE\" data-fig-domain=\"LEFIGARO\" target=\"_blank\" rel=\"noopener\">g\u00e9n\u00e9ral de Gaulle<\/a>\u00a0\u00e0 qui elle attribue la phrase suivante\u00a0: \u00abLe jour o\u00f9 on rassemblera au m\u00eame endroit les juifs, nous avons peur aujourd\u2019hui qu\u2019ils puissent devenir des dominateurs, qu\u2019ils fassent l\u2019impensable\u00bb, dit-elle, avec certitude. Or, cette citation est non seulement d\u00e9form\u00e9e, mais elle est surtout sortie de son contexte historique.<\/p>\n<p class=\"fig-body-link\">\n            \u00c0 lire aussi<br \/>\n        <a class=\"fig-body-link__link fig-premium-mark\" href=\"http:\/\/www.lefigaro.fr\/international\/la-fusillade-du-musee-juif-de-washington-confirme-les-craintes-d-israel-20250522\" data-fig-type=\"Article\" data-gtm-custom-categorie=\"navigation\" data-gtm-custom-action=\"crossclick\" data-gtm-custom-label=\"Contextuel\" data-gtm-event=\"customEventSPE\" data-fig-domain=\"LEFIGARO\" target=\"_blank\" rel=\"noopener\">La fusillade du mus\u00e9e juif de Washington confirme les craintes d\u2019Isra\u00ebl<br \/>\n    <\/a>\n<\/p>\n<p class=\"fig-paragraph\">Certes, l\u2019homme du 18-Juin a parl\u00e9 des \u00abJuifs\u00bb comme d\u2019un \u00abpeuple d\u2019\u00e9lite, s\u00fbr de lui-m\u00eame et dominateur\u00bb dans une c\u00e9l\u00e8bre conf\u00e9rence de presse en 1967, dans le sillage de la guerre des Six jours, opposant Isra\u00ebl \u00e0 plusieurs pays arabes. Mais ses propos sont ici manifestement d\u00e9natur\u00e9s. Lila Djellali va m\u00eame plus loin, pr\u00e9tendant lire dans les intentions de de Gaulle &#8211; en poste quelques ann\u00e9es apr\u00e8s la cr\u00e9ation de l\u2019\u00c9tat h\u00e9breu en 1948\u00a0: \u00abIl a pris la parole pour dire qu\u2019on est en train de faire une b\u00eatise de r\u00e9unir tout le monde dans un m\u00eame \u00c9tat et qu\u2019il serait peut-\u00eatre possible de cr\u00e9er deux \u00c9tats\u00bb, a-t-elle assur\u00e9. Une interpr\u00e9tation discutable puisqu\u2019elle n\u2019est \u00e9tay\u00e9e par aucune d\u00e9claration connue de l\u2019ancien pr\u00e9sident sur la fondation d\u2019un \u00c9tat palestinien.<\/p>\n<p>Un \u00abd\u00e9go\u00fbt\u00bb<\/p>\n<p class=\"fig-paragraph\">La phrase choc passe d\u2019abord inaper\u00e7ue au sein de l\u2019assembl\u00e9e municipale. Mais en fin de s\u00e9ance, le maire du 20e arrondissement, \u00c9ric Pliez (divers gauche) choisit de revenir sur les propos de Lila Djellali, esp\u00e9rant qu\u2019ils ont \u00abd\u00e9pass\u00e9 (sa) pens\u00e9e\u00bb. \u00abTels qu\u2019ils ont \u00e9t\u00e9 tenus ici, ils ne sont pas acceptables dans cette enceinte (&#8230;) Ce n\u2019est pas possible de dire \u00e7a, c\u2019est puni par la loi\u00bb, a grinc\u00e9 l\u2019\u00e9dile divers gauche, exhortant l\u2019\u00e9cologiste \u00e0 \u00abretirer\u00bb ses paroles controvers\u00e9es. La socialiste Lamia El Aaraje lui embo\u00eete le pas et exprime son profond \u00abd\u00e9go\u00fbt\u00bb.<\/p>\n<p class=\"fig-paragraph\">\u00abCes propos peuvent faire l\u2019objet d\u2019une qualification p\u00e9nale, parce que vous mettez dans la bouche d\u2019un ancien pr\u00e9sident de la R\u00e9publique des propos qui datent de 1967 pour en faire l\u2019ex\u00e9g\u00e8se aujourd\u2019hui. Ce n\u2019est ni r\u00e9publicain, ni respectueux, je les trouve teint\u00e9s d\u2019une forme d\u2019antis\u00e9mitisme\u00bb, a lanc\u00e9 l\u2019\u00e9lue PS en direction de sa coll\u00e8gue \u00e9cologiste. Piqu\u00e9e au vif, l\u2019int\u00e9ress\u00e9e a r\u00e9agi avec v\u00e9h\u00e9mence avant de quitter la salle, parlant d\u2019elle \u00e0 la troisi\u00e8me personne\u00a0: \u00abMettre dans la m\u00eame phrase Lila Djellali et antis\u00e9mite, je vous l\u2019interdis, c\u2019est du p\u00e9nal aussi. Que ce soit du conditionnel ou pas\u00a0!\u00bb.<\/p>\n<p>Une \u00abformation dans la lutte contre l\u2019antis\u00e9mitisme\u00bb<\/p>\n<p class=\"fig-paragraph\">Face \u00e0 la vague d\u2019indignation provoqu\u00e9e par ses propos, Lila Djellali a fini par pr\u00e9senter ses \u00abexcuses\u00bb ce mardi. Dans un communiqu\u00e9 diffus\u00e9 sur les r\u00e9seaux sociaux, elle reconna\u00eet que \u00abla citation de de Gaulle \u00e9tait blessante et inappropri\u00e9e\u00bb, tout en \u00e9vitant d\u2019admettre explicitement que ladite phrase \u00e9tait erron\u00e9e. Elle ajoute qu\u2019elle \u00abn\u2019aurait pas d\u00fb reprendre cette citation qui rev\u00eat tous les poncifs de l\u2019antis\u00e9mitisme essentialisant les juifs\u00bb, avant de \u00abs\u2019engager \u00e0 se former pour ne plus commettre cette erreur\u00bb.<\/p>\n<p class=\"fig-paragraph\">Le chef de file des \u00e9cologistes \u00e0 Paris, David Belliard, a confirm\u00e9 de son c\u00f4t\u00e9 que Lila Djellali \u00absuivra une formation sp\u00e9cialis\u00e9e dans la lutte contre l\u2019antis\u00e9mitisme\u00bb, apr\u00e8s des propos \u00abinadmissibles\u00bb et qui utilisent selon lui \u00abune citation relayant des pr\u00e9jug\u00e9s antis\u00e9mites.\u00bb La secr\u00e9taire nationale du parti Les \u00c9cologistes, Marine Tondelier, elle, n\u2019a pas r\u00e9agi.<\/p>\n","protected":false},"excerpt":{"rendered":"Lors d\u2019une s\u00e9ance du Conseil du 20e arrondissement de Paris, Lila Djellali a d\u00e9natur\u00e9 une phrase du G\u00e9n\u00e9ral&hellip;\n","protected":false},"author":2,"featured_media":132997,"comment_status":"","ping_status":"","sticky":false,"template":"","format":"standard","meta":{"footnotes":""},"categories":[1888],"tags":[1111,1928,11,1927,6155,426,427,422,423,2286,1777,674,1011,27,418,424,425,420,421,12,1926,419,626,1925,316,429,25,428],"class_list":{"0":"post-132996","1":"post","2":"type-post","3":"status-publish","4":"format-standard","5":"has-post-thumbnail","7":"category-paris","8":"tag-actu","9":"tag-actu-paris","10":"tag-actualites","11":"tag-actualites-paris","12":"tag-antisemitisme","13":"tag-candidat","14":"tag-candidats","15":"tag-depute","16":"tag-deputes","17":"tag-eelv","18":"tag-eu","19":"tag-europe","20":"tag-fr","21":"tag-france","22":"tag-gouvernement","23":"tag-institution","24":"tag-institutions","25":"tag-loi","26":"tag-lois","27":"tag-news","28":"tag-news-paris","29":"tag-opposition","30":"tag-paris","31":"tag-paris-news","32":"tag-politique","33":"tag-ps","34":"tag-republique-francaise","35":"tag-ump"},"share_on_mastodon":{"url":"https:\/\/pubeurope.com\/@fr\/114582560776057457","error":""},"_links":{"self":[{"href":"https:\/\/www.europesays.com\/fr\/wp-json\/wp\/v2\/posts\/132996","targetHints":{"allow":["GET"]}}],"collection":[{"href":"https:\/\/www.europesays.com\/fr\/wp-json\/wp\/v2\/posts"}],"about":[{"href":"https:\/\/www.europesays.com\/fr\/wp-json\/wp\/v2\/types\/post"}],"author":[{"embeddable":true,"href":"https:\/\/www.europesays.com\/fr\/wp-json\/wp\/v2\/users\/2"}],"replies":[{"embeddable":true,"href":"https:\/\/www.europesays.com\/fr\/wp-json\/wp\/v2\/comments?post=132996"}],"version-history":[{"count":0,"href":"https:\/\/www.europesays.com\/fr\/wp-json\/wp\/v2\/posts\/132996\/revisions"}],"wp:featuredmedia":[{"embeddable":true,"href":"https:\/\/www.europesays.com\/fr\/wp-json\/wp\/v2\/media\/132997"}],"wp:attachment":[{"href":"https:\/\/www.europesays.com\/fr\/wp-json\/wp\/v2\/media?parent=132996"}],"wp:term":[{"taxonomy":"category","embeddable":true,"href":"https:\/\/www.europesays.com\/fr\/wp-json\/wp\/v2\/categories?post=132996"},{"taxonomy":"post_tag","embeddable":true,"href":"https:\/\/www.europesays.com\/fr\/wp-json\/wp\/v2\/tags?post=132996"}],"curies":[{"name":"wp","href":"https:\/\/api.w.org\/{rel}","templated":true}]}}