{"id":132998,"date":"2025-05-28T00:11:09","date_gmt":"2025-05-28T00:11:09","guid":{"rendered":"https:\/\/www.europesays.com\/fr\/132998\/"},"modified":"2025-05-28T00:11:09","modified_gmt":"2025-05-28T00:11:09","slug":"previsions-du-mercredi-28-mai-2025-8","status":"publish","type":"post","link":"https:\/\/www.europesays.com\/fr\/132998\/","title":{"rendered":"pr\u00e9visions du mercredi 28 mai 2025"},"content":{"rendered":"<p>Aujourd&rsquo;hui, encore des nuages dans le ciel qui emp\u00eachent le soleil d&rsquo;appara\u00eetre \u00e0 Paris. Des pluies \u00e9parses vont tomber sur la ville. Les temp\u00e9ratures s&rsquo;\u00e9chelonneront entre 13 et 21\u00b0C. Dans la matin\u00e9e, les temp\u00e9ratures avoisineront les 15\u00b0C. Un l\u00e9ger vent de sud-ouest sera ressenti par les habitants. On observera la pr\u00e9sence persistante de nuages l&rsquo;apr\u00e8s-midi. En revanche, c&rsquo;est une hausse de plusieurs degr\u00e9s que vont conna\u00eetre les temp\u00e9ratures. Les valeurs afficheront entre 19 et 21\u00b0C. La ville sera touch\u00e9e par un vent de nord-ouest de 22 km\/h. Entre mercredi et jeudi, la nuit sera claire.<\/p>\n<p>Les nuages dans le ciel de demain g\u00eanent l&rsquo;arriv\u00e9e du soleil \u00e0 Paris. Les temp\u00e9ratures seront comprises entre 11 et 22\u00b0C. Un vent de sud-ouest rafra\u00eechira un peu l&rsquo;atmosph\u00e8re. D&rsquo;un autre c\u00f4t\u00e9, des \u00e9claircies sont pr\u00e9vues : on passera une matin\u00e9e cl\u00e9mente. Il va faire en moyenne 18\u00b0C. L&rsquo;apparition du soleil demain apr\u00e8s-midi sera retard\u00e9e par un bon nombre de nuages. Le temps va peu \u00e0 peu s&rsquo;obscurcir avec l&rsquo;arriv\u00e9e de nuages. En revanche, une m\u00e9t\u00e9o plus chaude est pr\u00e9vue puisque les temp\u00e9ratures vont enregistrer une augmentation. Les maximales pourront atteindre 22\u00b0C alors que les minimales seront de 21\u00b0C. Demain soir, on pr\u00e9voit des valeurs d&rsquo;environ 20\u00b0C.<\/p>\n<p>Les conditions m\u00e9t\u00e9orologiques des jours suivants vont s&rsquo;am\u00e9liorer. Il va faire un temps plut\u00f4t ensoleill\u00e9 avec des temp\u00e9ratures avoisinant 23\u00b0C.<\/p>\n<p><\/p>\n","protected":false},"excerpt":{"rendered":"Aujourd&rsquo;hui, encore des nuages dans le ciel qui emp\u00eachent le soleil d&rsquo;appara\u00eetre \u00e0 Paris. Des pluies \u00e9parses vont&hellip;\n","protected":false},"author":2,"featured_media":132999,"comment_status":"","ping_status":"","sticky":false,"template":"","format":"standard","meta":{"footnotes":""},"categories":[1888],"tags":[11,1777,674,1011,27,662,12,626,2119,25],"class_list":{"0":"post-132998","1":"post","2":"type-post","3":"status-publish","4":"format-standard","5":"has-post-thumbnail","7":"category-paris","8":"tag-actualites","9":"tag-eu","10":"tag-europe","11":"tag-fr","12":"tag-france","13":"tag-ile-de-france","14":"tag-news","15":"tag-paris","16":"tag-previsions-meteo","17":"tag-republique-francaise"},"share_on_mastodon":{"url":"https:\/\/pubeurope.com\/@fr\/114582564593043253","error":""},"_links":{"self":[{"href":"https:\/\/www.europesays.com\/fr\/wp-json\/wp\/v2\/posts\/132998","targetHints":{"allow":["GET"]}}],"collection":[{"href":"https:\/\/www.europesays.com\/fr\/wp-json\/wp\/v2\/posts"}],"about":[{"href":"https:\/\/www.europesays.com\/fr\/wp-json\/wp\/v2\/types\/post"}],"author":[{"embeddable":true,"href":"https:\/\/www.europesays.com\/fr\/wp-json\/wp\/v2\/users\/2"}],"replies":[{"embeddable":true,"href":"https:\/\/www.europesays.com\/fr\/wp-json\/wp\/v2\/comments?post=132998"}],"version-history":[{"count":0,"href":"https:\/\/www.europesays.com\/fr\/wp-json\/wp\/v2\/posts\/132998\/revisions"}],"wp:featuredmedia":[{"embeddable":true,"href":"https:\/\/www.europesays.com\/fr\/wp-json\/wp\/v2\/media\/132999"}],"wp:attachment":[{"href":"https:\/\/www.europesays.com\/fr\/wp-json\/wp\/v2\/media?parent=132998"}],"wp:term":[{"taxonomy":"category","embeddable":true,"href":"https:\/\/www.europesays.com\/fr\/wp-json\/wp\/v2\/categories?post=132998"},{"taxonomy":"post_tag","embeddable":true,"href":"https:\/\/www.europesays.com\/fr\/wp-json\/wp\/v2\/tags?post=132998"}],"curies":[{"name":"wp","href":"https:\/\/api.w.org\/{rel}","templated":true}]}}