{"id":13300,"date":"2025-04-09T18:40:09","date_gmt":"2025-04-09T18:40:09","guid":{"rendered":"https:\/\/www.europesays.com\/fr\/13300\/"},"modified":"2025-04-09T18:40:09","modified_gmt":"2025-04-09T18:40:09","slug":"denitsa-ikonomova-ca-a-chauffe-en-coulisses-avec-cette-personnalite-de-danse-avec-les-stars-on-sest-embrouille","status":"publish","type":"post","link":"https:\/\/www.europesays.com\/fr\/13300\/","title":{"rendered":"Denitsa Ikonomova : \u00e7a a chauff\u00e9 en coulisses avec cette personnalit\u00e9 de \u00ab\u00a0Danse avec les stars\u00a0\u00bb, \u00ab\u00a0on s&rsquo;est embrouill\u00e9\u00a0\u00bb"},"content":{"rendered":"<p>Depuis 2022, <a href=\"https:\/\/www.public.fr\/clap-de-fin-denitsa-ikonomova-des-adieux-malgre-une-union-solide\" target=\"_blank\" rel=\"noopener\">Denitsa Ikonomova<\/a> n\u2019officie plus dans <strong>\u00ab\u00a0Danse avec les stars\u00a0\u00bb<\/strong>. Pourtant figure embl\u00e9matique du programme de TF1, <a href=\"https:\/\/www.public.fr\/elle-est-bulgare-magnifique-francois-alu-se-lache-au-sujet-de-denitsa-ikonomova\" target=\"_blank\" rel=\"noopener\">la compagne de Fran\u00e7ois Alu<\/a> a pr\u00e9f\u00e9r\u00e9 quitter le navire pour se consacrer \u00e0 d\u2019autres projets, et quels projets !<\/p>\n<p>Depuis novembre 2024, la jeune artiste a endoss\u00e9 l\u2019un des plus beaux r\u00f4les d\u2019une vie : celui de maman. Un nouveau r\u00f4le qui la comble de bonheur et qui l\u2019attriste parfois. Notamment lorsqu\u2019elle doit quitter la chair de sa chair quelques jours pour aller travailler.\u00a0<\/p>\n<p>Malgr\u00e9 cette nouvelle vie de maman, la gagnante, \u00e0 4 reprises, du t\u00e9l\u00e9 crochet de TF1, se tient toujours au courant de l\u2019actualit\u00e9 de l\u2019\u00e9mission. Et n\u2019h\u00e9site pas non plus \u00e0 en parler lorsque l\u2019occasion se pr\u00e9sente.<\/p>\n<p>Denitsa Ikonomova et son exp\u00e9rience compliqu\u00e9e avec Ta\u00efg Khris<\/p>\n<p>La preuve, avec sa r\u00e9cente interview accord\u00e9e \u00e0 M\u00e9lina Flahaut pour le podcast<strong> \u00ab\u00a0Objectif Reconversion\u00a0\u00bb<\/strong>. Au cours de cet entretien, publi\u00e9 ce mardi 8 avril 2025, Denitsa Ikonomova a accept\u00e9 d\u2019\u00e9voquer ses d\u00e9buts dans <strong>\u00ab\u00a0Danse avec les stars\u00a0\u00bb<\/strong>, dans la saison 3, durant laquelle elle concourait <a href=\"https:\/\/vsd.fr\/23447-le-catch-sur-roller-arrive-en-france\/\" target=\"_blank\" rel=\"noopener\">avec Ta\u00efg Khris.\u00a0<\/a><\/p>\n<p>Si elle garde d\u2019excellents souvenirs de sa premi\u00e8re ann\u00e9e dans le programme de TF1, et sa collaboration avec le sportif, elle reconna\u00eet avoir connu des moments compliqu\u00e9s \u00e0 ses c\u00f4t\u00e9s. A tel point qu\u2019elle esp\u00e9rait une \u00e9limination pr\u00e9coce.\u00a0<\/p>\n<p>\u00ab\u00a0Quand on a fait le face-\u00e0-face contre Lorie et Christian, la favorite, quand on voit qu&rsquo;on passe&#8230; Je me dis :\u00a0&lsquo;C&rsquo;est pas possible\u2019\u00a0\u00bb, avoue-t-elle \u00e0 M\u00e9lina Flahaut. En effet, elle explique que les entra\u00eenements avec l\u2019athl\u00e8te ont \u00e9t\u00e9 compliqu\u00e9s.<\/p>\n<p>Une embrouille entre les deux dans \u00ab\u00a0Danse avec les stars\u00a0\u00bb<\/p>\n<p>\u00ab\u00a0<strong>Avec Ta\u00efg, c&rsquo;\u00e9tait vraiment une relation chien et chat, on \u00e9tait comme un couple mari\u00e9 qui s&rsquo;aime et qui se d\u00e9teste.<\/strong> Il sait qu&rsquo;il m&rsquo;a beaucoup fait gal\u00e9rer et moi j&rsquo;\u00e9tais tr\u00e8s contente de me faire \u00e9liminer juste avant la finale, il le savait, je lui ai dit :\u00a0&lsquo;Je vais enfin pouvoir dormir\u2019\u00a0\u00bb, poursuit Denitsa Ikonomova.<\/p>\n<p>Finalement, le bin\u00f4me se rend en finale de <strong>\u00ab\u00a0Danse avec les stars\u00a0\u00bb<\/strong>. La fin d\u2019une aventure tr\u00e8s attendue par la danseuse : \u00ab\u00a0On a fait la finale et je l&rsquo;aimais beaucoup, mais vraiment&#8230; J&rsquo;avais plus de filtre avec lui, c&rsquo;est pour \u00e7a qu&rsquo;on s&rsquo;engueulait tout le temps\u00a0\u00bb. <\/p>\n<p>\u00ab\u00a0On a pass\u00e9 des supers moments aussi\u00a0\u00bb, reconna\u00eet tout de m\u00eame la danseuse avant de nuancer : \u00ab\u00a0mais <strong>un moment donn\u00e9 les cam\u00e9ras sont sorties quand on s&rsquo;est embrouill\u00e9\u00a0\u00bb.<\/strong><\/p>\n<p>      Mentionn\u00e9s dans cet article<\/p>\n<p>\u00c0 lire aussi<\/p>\n","protected":false},"excerpt":{"rendered":"Depuis 2022, Denitsa Ikonomova n\u2019officie plus dans \u00ab\u00a0Danse avec les stars\u00a0\u00bb. Pourtant figure embl\u00e9matique du programme de TF1,&hellip;\n","protected":false},"author":2,"featured_media":13301,"comment_status":"","ping_status":"","sticky":false,"template":"","format":"standard","meta":{"footnotes":""},"categories":[8],"tags":[194,5986,58,59,1011,27,5987,5988],"class_list":{"0":"post-13300","1":"post","2":"type-post","3":"status-publish","4":"format-standard","5":"has-post-thumbnail","7":"category-divertissement","8":"tag-danse-avec-les-stars","9":"tag-denitsa-ikonomova","10":"tag-divertissement","11":"tag-entertainment","12":"tag-fr","13":"tag-france","14":"tag-francois-alu","15":"tag-taig-khris"},"share_on_mastodon":{"url":"https:\/\/pubeurope.com\/@fr\/114309472239692241","error":""},"_links":{"self":[{"href":"https:\/\/www.europesays.com\/fr\/wp-json\/wp\/v2\/posts\/13300","targetHints":{"allow":["GET"]}}],"collection":[{"href":"https:\/\/www.europesays.com\/fr\/wp-json\/wp\/v2\/posts"}],"about":[{"href":"https:\/\/www.europesays.com\/fr\/wp-json\/wp\/v2\/types\/post"}],"author":[{"embeddable":true,"href":"https:\/\/www.europesays.com\/fr\/wp-json\/wp\/v2\/users\/2"}],"replies":[{"embeddable":true,"href":"https:\/\/www.europesays.com\/fr\/wp-json\/wp\/v2\/comments?post=13300"}],"version-history":[{"count":0,"href":"https:\/\/www.europesays.com\/fr\/wp-json\/wp\/v2\/posts\/13300\/revisions"}],"wp:featuredmedia":[{"embeddable":true,"href":"https:\/\/www.europesays.com\/fr\/wp-json\/wp\/v2\/media\/13301"}],"wp:attachment":[{"href":"https:\/\/www.europesays.com\/fr\/wp-json\/wp\/v2\/media?parent=13300"}],"wp:term":[{"taxonomy":"category","embeddable":true,"href":"https:\/\/www.europesays.com\/fr\/wp-json\/wp\/v2\/categories?post=13300"},{"taxonomy":"post_tag","embeddable":true,"href":"https:\/\/www.europesays.com\/fr\/wp-json\/wp\/v2\/tags?post=13300"}],"curies":[{"name":"wp","href":"https:\/\/api.w.org\/{rel}","templated":true}]}}