{"id":133000,"date":"2025-05-28T00:12:10","date_gmt":"2025-05-28T00:12:10","guid":{"rendered":"https:\/\/www.europesays.com\/fr\/133000\/"},"modified":"2025-05-28T00:12:10","modified_gmt":"2025-05-28T00:12:10","slug":"emmanuel-macron-va-inviter-les-parties-prenantes-a-paris-a-partir-de-la-mi-juin","status":"publish","type":"post","link":"https:\/\/www.europesays.com\/fr\/133000\/","title":{"rendered":"Emmanuel Macron va inviter les \u00abparties prenantes\u00bb \u00e0 Paris \u00ab\u00e0 partir de la mi-juin\u00bb"},"content":{"rendered":"<p>Apr\u00e8s l\u2019\u00e9chec des n\u00e9gociations men\u00e9es par Manuel Valls d\u00e9but mai, le pr\u00e9sident de la R\u00e9publique souhaite qu\u2019ind\u00e9pendantistes et non-ind\u00e9pendantistes se mettent d\u2019accord sur l\u2019avenir de l\u2019archipel.<\/p>\n<p class=\"fig-paragraph\">Le pr\u00e9sident Emmanuel Macron va inviter \u00ables parties prenantes de la Nouvelle-Cal\u00e9donie\u00bb \u00e0 Paris \u00e0 partir de la mi-juin, afin de \u00abclarifier les sujets \u00e9conomiques, politiques et institutionnels en vue de parvenir \u00e0 un accord partag\u00e9\u00bb, apr\u00e8s l&rsquo;\u00e9chec des r\u00e9centes n\u00e9gociations, a indiqu\u00e9 mardi l&rsquo;\u00c9lys\u00e9e.<\/p>\n<p class=\"fig-paragraph\">Le ministre des\u00a0<a href=\"http:\/\/www.lefigaro.fr\/politique\/nouvelle-caledonie-c-est-moi-qui-m-occupe-du-dossier-reaffirme-manuel-valls-20250525\" data-fig-type=\"NewsFlash\" data-gtm-custom-categorie=\"navigation\" data-gtm-custom-action=\"crossclick\" data-gtm-custom-label=\"Contextuel\" data-gtm-event=\"customEventSPE\" data-fig-domain=\"LEFIGARO\" target=\"_blank\" rel=\"noopener\">Outre-mer Manuel Valls<\/a>\u00a0avait men\u00e9 en vain d\u00e9but mai trois jours de n\u00e9gociations dans un h\u00f4tel de Deva, \u00e0 Bourail (centre) pour mettre ind\u00e9pendantistes et non-ind\u00e9pendantistes d&rsquo;accord sur un nouveau statut pour la Nouvelle-Cal\u00e9donie, frapp\u00e9e \u00e0 partir de la mi-mai 2024 par des\u00a0<a href=\"http:\/\/www.lefigaro.fr\/vox\/politique\/pour-resister-face-aux-pressions-independantistes-la-nouvelle-caledonie-doit-devenir-le-102e-departement-francais-20250506\" data-fig-type=\"Article\" data-gtm-custom-categorie=\"navigation\" data-gtm-custom-action=\"crossclick\" data-gtm-custom-label=\"Contextuel\" data-gtm-event=\"customEventSPE\" data-fig-domain=\"LEFIGARO\" target=\"_blank\" rel=\"noopener\">violences insurrectionnelles<\/a>\u00a0qui ont fait 14 morts et des milliards d&rsquo;euros de d\u00e9g\u00e2ts. Figure du camp non-ind\u00e9pendantiste dans l&rsquo;archipel du Pacifique sud, le d\u00e9put\u00e9 Renaissance Nicolas Metzdorf re\u00e7u vendredi dernier \u00e0 l&rsquo;\u00c9lys\u00e9e, avait annonc\u00e9 \u00e0 l&rsquo;issue de la r\u00e9union qu&rsquo;Emmanuel Macron allait prendre \u00abune initiative afin de relancer les discussions\u00bb sur l&rsquo;avenir de la Nouvelle-Cal\u00e9donie. Le parlementaire avait \u00e9voqu\u00e9 avec le chef de l&rsquo;\u00c9tat \u00able blocage politique \u00e0 l&rsquo;issue des n\u00e9gociations de Deva\u00bb.<\/p>\n<p>\u00ab\u00c9chec des discussions\u00bb<\/p>\n<p class=\"fig-paragraph\">Ce \u00abconclave\u00bb s&rsquo;\u00e9tait conclu sur un \u00e9chec. La frange dure des non-ind\u00e9pendantistes, dont fait partie Nicolas Metzdorf, a estim\u00e9 que le projet de \u00absouverainet\u00e9 avec la France\u00bb pr\u00e9sent\u00e9 par Manuel Valls, qui pr\u00e9voyait une \u00abdouble nationalit\u00e9, fran\u00e7aise de droit et cal\u00e9donienne\u00bb, ainsi qu&rsquo;un \u00abtransfert et une d\u00e9l\u00e9gation imm\u00e9diate des comp\u00e9tences r\u00e9galiennes\u00bb, \u00e9quivalait \u00e0 \u00abl&rsquo;ind\u00e9pendance\u00bb du territoire oc\u00e9anien. Les \u00e9meutes, les plus violentes depuis les ann\u00e9es 1980, \u00e9taient survenues sur fond de mobilisation contre un projet d&rsquo;\u00e9largissement du corps \u00e9lectoral au scrutin provincial cal\u00e9donien, contest\u00e9 par les ind\u00e9pendantistes qui accusaient l&rsquo;ex\u00e9cutif fran\u00e7ais de vouloir minorer la population kanak.<\/p>\n<p class=\"fig-paragraph\">Depuis le dernier r\u00e9f\u00e9rendum d&rsquo;autod\u00e9termination de 2021, boycott\u00e9 par les ind\u00e9pendantistes, la situation politique est fig\u00e9e dans l&rsquo;archipel. Les n\u00e9gociations sur le futur statut de la Nouvelle-Cal\u00e9donie avaient \u00e9t\u00e9 relanc\u00e9es d\u00e9but 2025. Plusieurs cycles de discussion ont eu lieu et Manuel Valls est parvenu \u00e0 remettre autour de la table deux camps aux positions difficilement conciliables, sans pour autant arriver \u00e0 un accord. Pour Manuel Valls, il y a eu \u00abun \u00e9chec des discussions et des n\u00e9gociations\u00bb mais \u00able fil du dialogue n&rsquo;est pas rompu\u00bb, a-t-il assur\u00e9 dimanche.<\/p>\n","protected":false},"excerpt":{"rendered":"Apr\u00e8s l\u2019\u00e9chec des n\u00e9gociations men\u00e9es par Manuel Valls d\u00e9but mai, le pr\u00e9sident de la R\u00e9publique souhaite qu\u2019ind\u00e9pendantistes et&hellip;\n","protected":false},"author":2,"featured_media":133001,"comment_status":"","ping_status":"","sticky":false,"template":"","format":"standard","meta":{"footnotes":""},"categories":[1888],"tags":[11,426,427,422,423,1073,1777,674,1011,27,418,424,425,420,421,12,23874,419,626,316,429,25,428],"class_list":{"0":"post-133000","1":"post","2":"type-post","3":"status-publish","4":"format-standard","5":"has-post-thumbnail","7":"category-paris","8":"tag-actualites","9":"tag-candidat","10":"tag-candidats","11":"tag-depute","12":"tag-deputes","13":"tag-emmanuel-macron","14":"tag-eu","15":"tag-europe","16":"tag-fr","17":"tag-france","18":"tag-gouvernement","19":"tag-institution","20":"tag-institutions","21":"tag-loi","22":"tag-lois","23":"tag-news","24":"tag-nouvelle-caledonie","25":"tag-opposition","26":"tag-paris","27":"tag-politique","28":"tag-ps","29":"tag-republique-francaise","30":"tag-ump"},"share_on_mastodon":{"url":"https:\/\/pubeurope.com\/@fr\/114582568822383612","error":""},"_links":{"self":[{"href":"https:\/\/www.europesays.com\/fr\/wp-json\/wp\/v2\/posts\/133000","targetHints":{"allow":["GET"]}}],"collection":[{"href":"https:\/\/www.europesays.com\/fr\/wp-json\/wp\/v2\/posts"}],"about":[{"href":"https:\/\/www.europesays.com\/fr\/wp-json\/wp\/v2\/types\/post"}],"author":[{"embeddable":true,"href":"https:\/\/www.europesays.com\/fr\/wp-json\/wp\/v2\/users\/2"}],"replies":[{"embeddable":true,"href":"https:\/\/www.europesays.com\/fr\/wp-json\/wp\/v2\/comments?post=133000"}],"version-history":[{"count":0,"href":"https:\/\/www.europesays.com\/fr\/wp-json\/wp\/v2\/posts\/133000\/revisions"}],"wp:featuredmedia":[{"embeddable":true,"href":"https:\/\/www.europesays.com\/fr\/wp-json\/wp\/v2\/media\/133001"}],"wp:attachment":[{"href":"https:\/\/www.europesays.com\/fr\/wp-json\/wp\/v2\/media?parent=133000"}],"wp:term":[{"taxonomy":"category","embeddable":true,"href":"https:\/\/www.europesays.com\/fr\/wp-json\/wp\/v2\/categories?post=133000"},{"taxonomy":"post_tag","embeddable":true,"href":"https:\/\/www.europesays.com\/fr\/wp-json\/wp\/v2\/tags?post=133000"}],"curies":[{"name":"wp","href":"https:\/\/api.w.org\/{rel}","templated":true}]}}