{"id":133018,"date":"2025-05-28T00:21:11","date_gmt":"2025-05-28T00:21:11","guid":{"rendered":"https:\/\/www.europesays.com\/fr\/133018\/"},"modified":"2025-05-28T00:21:11","modified_gmt":"2025-05-28T00:21:11","slug":"entre-fievre-antisemite-et-tragedie-de-gaza-les-tourments-de-la-communaute-juive-francaise","status":"publish","type":"post","link":"https:\/\/www.europesays.com\/fr\/133018\/","title":{"rendered":"Entre fi\u00e8vre antis\u00e9mite et trag\u00e9die de Gaza, les tourments de la communaut\u00e9 juive fran\u00e7aise"},"content":{"rendered":"<p data-module=\"fig-standfirst\" data-context=\"@media (min-width:48em)\"><strong>R\u00c9CIT <\/strong>&#8211; Depuis le 7\u00a0octobre 2023, des voix juives fran\u00e7aises h\u00e9sitent. Comment critiquer un \u00c9tat en guerre sans nourrir l\u2019antis\u00e9mitisme ambiant\u00a0? Peut-on aimer Isra\u00ebl sans approuver sa politique\u00a0? Delphine Horvilleur, Eva Illouz, Alain Finkielkraut\u2026 Plong\u00e9e dans une communaut\u00e9 en proie au doute et au d\u00e9sarroi.<\/p>\n<p class=\"fig-paragraph\">\u00ab Tu aimeras ton prochain comme toi-m\u00eame.\u00a0\u00bb La\u00a0<a href=\"http:\/\/madame.lefigaro.fr\/celebrites\/culture\/delphine-horvilleur-tous-les-traumatismes-de-l-histoire-sont-reveilles-20241007\" data-fig-type=\"Article\" data-gtm-custom-categorie=\"navigation\" data-gtm-custom-action=\"crossclick\" data-gtm-custom-label=\"Contextuel\" data-gtm-event=\"customEventSPE\" data-fig-domain=\"MADAME\" target=\"_blank\" rel=\"noopener\">rabbine Delphine Horvilleur<\/a>\u00a0a \u00e9rig\u00e9 ce verset biblique (chapitre 19 du L\u00e9vitique) en pr\u00e9ambule de sa tribune publi\u00e9e le 7 mai dernier\u00a0<a href=\"https:\/\/tenoua.org\/2025\/05\/07\/gaza-israel-aimer-vraiment-son-prochain-ne-plus-se-taire\/\" target=\"_blank\" rel=\"nofollow noopener\" data-gtm-custom-categorie=\"navigation\" data-gtm-custom-action=\"crossclick\" data-gtm-custom-label=\"Contextuel\" data-gtm-event=\"customEventSPE\">dans Tenoua<\/a>, revue dont elle est directrice de la r\u00e9daction. Ces mots, elle les lit et les red\u00e9couvre quotidiennement sur les murs de sa synagogue. Ce sont eux qui l\u2019ont convaincue, raconte-t-elle, d\u2019\u00e9crire face \u00e0 ce qu\u2019elle per\u00e7oit et d\u00e9nonce aujourd\u2019hui comme \u00ab une d\u00e9route politique et une faillite morale\u00a0\u00bb d\u2019Isra\u00ebl, et de ses actions men\u00e9es dans la bande de Gaza. C\u2019est m\u00eame par amour de l\u2019\u00c9tat h\u00e9breu qu\u2019elle a d\u00e9cid\u00e9 de briser le silence. Les mots sont crus, mais autant que l\u2019est la r\u00e9alit\u00e9 du conflit, s\u2019\u00e9chine-t-elle \u00e0 faire entendre.<\/p>\n<p class=\"fig-paragraph fig-paragraph--dropped\">Et ses mots furent entendus. Car si son discours en tant que tel est loin d\u2019\u00eatre nouveau, il semble avoir lev\u00e9 un voile pour nombre de Fran\u00e7ais sur les tourments et le d\u00e9sarroi qui peuvent habiter la communaut\u00e9 juive, fran\u00e7aise en l\u2019occurrence, depuis le 7 octobre 2023\u2026<\/p>\n<p class=\"fig-premium-paywall__infos\">\n        Cet article est r\u00e9serv\u00e9 aux abonn\u00e9s.        Il vous reste 93% \u00e0 d\u00e9couvrir.\n    <\/p>\n<p>                <img  data- alt=\"Le Figaro\" class=\"fig-img--complete fig-img\"\/><\/p>\n<p class=\"fig-premium-paywall__title\">Vente Flash<\/p>\n<p class=\"fig-premium-paywall__subtitle\">4,99\u20ac par mois pendant 12 mois. Sans engagement.<\/p>\n<p class=\"fig-premium-paywall__connect\">\n                D\u00e9j\u00e0 abonn\u00e9\u00a0?                <a class=\"fig-premium-paywall__connect-link\" href=\"https:\/\/connect.lefigaro.fr\/login?client=horizon_web&amp;type=main&amp;redirect_uri=https%3A%2F%2Fwww.lefigaro.fr%2Fvox%2Fsociete%2Fentre-fievre-antisemite-et-tragedie-de-gaza-les-tourments-de-la-communaute-juive-francaise-20250527\" data-js-gtm=\"{&quot;customCategorie&quot;: &quot;conversion&quot;, &quot;customAction&quot;: &quot;before_Landing_Connexion_paywall_auto&quot;, &quot;customLabel&quot;: &quot;bGVmaWdhcm8uZnJfXzFmMDMwOWNkLTY0MzktNjJkMC1iYzNmLTNiYmNjOWJlZGZhNV9fQXJ0aWNsZQ==_Entre fi\u00e8vre antis\u00e9mite et trag\u00e9die de Gaza, les tourments de la communaut\u00e9 juive fran\u00e7aise_265&quot;, &quot;customIDSPE&quot;: &quot;bGVmaWdhcm8uZnJfXzFmMDMwOWNkLTY0MzktNjJkMC1iYzNmLTNiYmNjOWJlZGZhNV9fQXJ0aWNsZQ==&quot;, &quot;event&quot;: &quot;customEventSPE&quot;}\" target=\"_blank\" rel=\"noopener\"><br \/>\n                    Connectez-vous<br \/>\n                <\/a>\n            <\/p>\n","protected":false},"excerpt":{"rendered":"R\u00c9CIT &#8211; Depuis le 7\u00a0octobre 2023, des voix juives fran\u00e7aises h\u00e9sitent. Comment critiquer un \u00c9tat en guerre sans&hellip;\n","protected":false},"author":2,"featured_media":133019,"comment_status":"","ping_status":"","sticky":false,"template":"","format":"standard","meta":{"footnotes":""},"categories":[2],"tags":[11,1428,1292,5361,5360,1429,1011,27,665,664,12,1427,1426,25,104],"class_list":{"0":"post-133018","1":"post","2":"type-post","3":"status-publish","4":"format-standard","5":"has-post-thumbnail","7":"category-actualites","8":"tag-actualites","9":"tag-chroniqueurs","10":"tag-debat","11":"tag-debat-societe","12":"tag-debats-societaux","13":"tag-figarovox","14":"tag-fr","15":"tag-france","16":"tag-gaza","17":"tag-israel","18":"tag-news","19":"tag-opinions","20":"tag-questions","21":"tag-republique-francaise","22":"tag-societe"},"share_on_mastodon":{"url":"https:\/\/pubeurope.com\/@fr\/114582603925225682","error":""},"_links":{"self":[{"href":"https:\/\/www.europesays.com\/fr\/wp-json\/wp\/v2\/posts\/133018","targetHints":{"allow":["GET"]}}],"collection":[{"href":"https:\/\/www.europesays.com\/fr\/wp-json\/wp\/v2\/posts"}],"about":[{"href":"https:\/\/www.europesays.com\/fr\/wp-json\/wp\/v2\/types\/post"}],"author":[{"embeddable":true,"href":"https:\/\/www.europesays.com\/fr\/wp-json\/wp\/v2\/users\/2"}],"replies":[{"embeddable":true,"href":"https:\/\/www.europesays.com\/fr\/wp-json\/wp\/v2\/comments?post=133018"}],"version-history":[{"count":0,"href":"https:\/\/www.europesays.com\/fr\/wp-json\/wp\/v2\/posts\/133018\/revisions"}],"wp:featuredmedia":[{"embeddable":true,"href":"https:\/\/www.europesays.com\/fr\/wp-json\/wp\/v2\/media\/133019"}],"wp:attachment":[{"href":"https:\/\/www.europesays.com\/fr\/wp-json\/wp\/v2\/media?parent=133018"}],"wp:term":[{"taxonomy":"category","embeddable":true,"href":"https:\/\/www.europesays.com\/fr\/wp-json\/wp\/v2\/categories?post=133018"},{"taxonomy":"post_tag","embeddable":true,"href":"https:\/\/www.europesays.com\/fr\/wp-json\/wp\/v2\/tags?post=133018"}],"curies":[{"name":"wp","href":"https:\/\/api.w.org\/{rel}","templated":true}]}}