{"id":133024,"date":"2025-05-28T00:28:13","date_gmt":"2025-05-28T00:28:13","guid":{"rendered":"https:\/\/www.europesays.com\/fr\/133024\/"},"modified":"2025-05-28T00:28:13","modified_gmt":"2025-05-28T00:28:13","slug":"bagnaia-met-son-pneu-arriere-en-cause-je-glissais-partout","status":"publish","type":"post","link":"https:\/\/www.europesays.com\/fr\/133024\/","title":{"rendered":"Bagnaia met son pneu arri\u00e8re en cause : \u00ab\u00a0Je glissais partout\u00a0\u00bb"},"content":{"rendered":"<p>Le Grand Prix de Grande-Bretagne a d&rsquo;abord montr\u00e9 des signes tr\u00e8s prometteurs pour <a href=\"https:\/\/fr.motorsport.com\/driver\/pecco-bagnaia\/109394\/\" target=\"_blank\" rel=\"noopener\">Pecco Bagnaia<\/a>, avant de tourner au fiasco. Au premier d\u00e9part, le pilote Ducati a \u00e9t\u00e9 doubl\u00e9 par <a href=\"https:\/\/fr.motorsport.com\/driver\/marc-marquez\/92646\/\" target=\"_blank\" rel=\"noopener\">Marc M\u00e1rquez<\/a> mais a profit\u00e9 de la chute de son fr\u00e8re. Il a gagn\u00e9 une place suppl\u00e9mentaire quand son co\u00e9quipier est tomb\u00e9, mais le drapeau rouge a \u00e9t\u00e9 d\u00e9ploy\u00e9 et la course relanc\u00e9e avec la grille initiale.<\/p>\n<p>\u00ab\u00a0Mes sensations \u00e9taient bonnes\u00a0\u00bb, a soulign\u00e9 Bagnaia au sujet de ces premiers tours. \u00ab\u00a0Je n&rsquo;ai pas eu un tr\u00e8s bon d\u00e9part, mais apr\u00e8s la chute de Marc, j&rsquo;\u00e9tais au contact de Fabio [Quartararo], on creusait l&rsquo;\u00e9cart sur ceux de derri\u00e8re et j&rsquo;avais de bonnes sensations sur le pneu arri\u00e8re, le niveau de grip \u00e9tait bon.\u00a0\u00bb<\/p>\n<p>Si Bagnaia insiste sur l&rsquo;adh\u00e9rence, c&rsquo;est parce qu&rsquo;il n&rsquo;a pas retrouv\u00e9 d&rsquo;aussi bonnes sensations apr\u00e8s le deuxi\u00e8me d\u00e9part. Il a certes pris un bon envol et s&rsquo;est empar\u00e9 de la t\u00eate&#8230; mais ne l&rsquo;a pas conserv\u00e9e longtemps. <a href=\"https:\/\/fr.motorsport.com\/driver\/fabio-quartararo\/109400\/\" target=\"_blank\" rel=\"noopener\">Fabio Quartararo<\/a> l&rsquo;a doubl\u00e9 apr\u00e8s quelques virages, <a href=\"https:\/\/fr.motorsport.com\/driver\/jack-miller\/96423\/\" target=\"_blank\" rel=\"noopener\">Jack Miller<\/a> a pris l&rsquo;avantage au deuxi\u00e8me tour, et il a \u00e9t\u00e9 aval\u00e9 par <a href=\"https:\/\/fr.motorsport.com\/driver\/johann-zarco\/96107\/\" target=\"_blank\" rel=\"noopener\">Johann Zarco<\/a> et Marc M\u00e1rquez en un virage durant la troisi\u00e8me boucle. Bagnaia n&rsquo;\u00e9tait plus que cinqui\u00e8me mais il a fait une erreur \u00e0 Copse et s&rsquo;est retrouv\u00e9 dixi\u00e8me.<\/p>\n<p>L&rsquo;Italien a continu\u00e9 \u00e0 perdre des places au profit de <a href=\"https:\/\/fr.motorsport.com\/driver\/fabio-di-giannantonio\/289538\/\" target=\"_blank\" rel=\"noopener\">Fabio Di Giannantonio<\/a> et <a href=\"https:\/\/fr.motorsport.com\/driver\/fermin-aldeguer\/945314\/\" target=\"_blank\" rel=\"noopener\">Ferm\u00edn Aldeguer<\/a>, pour finalement chuter \u00e0 Luffield au quatri\u00e8me tour, alors qu&rsquo;il n&rsquo;\u00e9tait qu&rsquo;un lointain 12e. Il \u00e9tait en grande difficult\u00e9 avec son pneu arri\u00e8re, comme M\u00e1rquez sur l&rsquo;autre Ducati de l&rsquo;\u00e9quipe d&rsquo;usine. Mais alors que l&rsquo;Espagnol <a href=\"https:\/\/fr.motorsport.com\/motogp\/news\/marc-marquez-colere-erreur-silverstone\/10726619\/\" target=\"_blank\" rel=\"noopener\">ne souhaite pas incriminer directement sa gomme<\/a>, Bagnaia y voit clairement la source de ses difficult\u00e9s.<\/p>\n<p>\u00ab\u00a0On a juste chang\u00e9 le pneu arri\u00e8re pour un pneu neuf et \u00e0 partir de l\u00e0, plus rien n&rsquo;a fonctionn\u00e9. Je glissais et je patinais partout, je n&rsquo;avais pas de motricit\u00e9, tout le monde me doublait. J&rsquo;ai perdu l&rsquo;arri\u00e8re au virage 9 [Copse], puis en entrant au virage 7 [Luffied], j&rsquo;ai juste essay\u00e9 de prendre de l&rsquo;angle et j&rsquo;ai juste perdu l&rsquo;arri\u00e8re, je suis tomb\u00e9. C&rsquo;\u00e9tait d\u00e9j\u00e0 une situation difficile mais avec un probl\u00e8me comme \u00e7a, c&rsquo;est pire. Je n&rsquo;ai pas grand-chose \u00e0 dire sur cette journ\u00e9e.\u00a0\u00bb<\/p>\n<p>\u00a0<\/p>\n<p>Interrog\u00e9 sur un potentiel pneu moins bien mis en temp\u00e9rature ou sur un \u00e9ventuel probl\u00e8me, Bagnaia n&rsquo;a pas pu livrer d&rsquo;explication plus pr\u00e9cise\u00a0: \u00ab\u00a0On est partis avec le pneu de course, celui que Michelin donne pour la course. Puis, pour le deuxi\u00e8me d\u00e9part, on l&rsquo;a chang\u00e9.\u00a0\u00bb<\/p>\n<p>\u00ab\u00a0Je ne sais pas pourquoi, mais c&rsquo;\u00e9tait ma situation et j&rsquo;avais m\u00eame du mal \u00e0 prendre de l&rsquo;angle sur ma moto parce que d\u00e8s que j&rsquo;arrivais \u00e0 58 ou 59 degr\u00e9s, je commen\u00e7ais \u00e0 patiner de l&rsquo;arri\u00e8re. C&rsquo;\u00e9tait vraiment bizarre.\u00a0\u00bb<\/p>\n<blockquote>\n<p>Marc a masqu\u00e9 les probl\u00e8mes que l&rsquo;on a eus tout le week-end.<\/p>\n<\/blockquote>\n<p>Cette chute a conclu un week-end difficile de bout en bout pour Pecco Bagnaia, si ce n&rsquo;est une premi\u00e8re ligne <a href=\"https:\/\/fr.motorsport.com\/motogp\/news\/bagnaia-impuissant-passe-etais-pas-la\/10726297\/\" target=\"_blank\" rel=\"noopener\">rest\u00e9e myst\u00e9rieuse \u00e0 ses yeux<\/a>. Une nouvelle fois, <a href=\"https:\/\/fr.motorsport.com\/driver\/alex-marquez\/96324\/\" target=\"_blank\" rel=\"noopener\">\u00c1lex M\u00e1rquez<\/a> a \u00e9t\u00e9 plus performant que lui avec la GP24 et semblait m\u00eame favori pour la victoire, et Marc M\u00e1rquez a mieux su exploiter le mod\u00e8le le plus r\u00e9cent.<\/p>\n<p>\u00ab\u00a0Il faut dire que sans la chute au premier d\u00e9part, \u00c1lex aurait gagn\u00e9 la course une main dans le dos\u00a0\u00bb, a estim\u00e9 Bagnaia. \u00ab\u00a0Il \u00e9tait beaucoup plus rapide que tout le monde. Puis il est tomb\u00e9 et il a d\u00fb utiliser l&rsquo;autre moto, donc \u00e7a n&rsquo;aide pas pour les sensations. Et Marc a masqu\u00e9 les probl\u00e8mes que l&rsquo;on a eus tout le week-end. Il a fait un travail fantastique avec notre moto.\u00a0\u00bb<\/p>\n<p>Apr\u00e8s un z\u00e9ro point\u00e9 au Mans, l&rsquo;abandon de ce dimanche fait encore perdre de gros points \u00e0 Bagnaia, d\u00e9sormais rel\u00e9gu\u00e9 \u00e0 72 points de Marc M\u00e1rquez\u00a0 et 48 d&rsquo;\u00c1lex M\u00e1rquez au <a href=\"https:\/\/fr.motorsport.com\/motogp\/news\/championnat-marc-marquez-conforte-avance\/10726518\/\" target=\"_blank\" rel=\"noopener\">championnat<\/a>.<\/p>\n<p>Lire aussi :<\/p>\n<\/p>\n<p>Dans cet article<\/p>\n<p>    Vincent Lalanne-Sicaud\n<\/p>\n<p>    MotoGP\n<\/p>\n<p>    Pecco Bagnaia\n<\/p>\n<p>    Ducati Team\n<\/p>\n<p>Soyez le premier inform\u00e9 et souscrivez aux alertes mails pour recevoir les infos en temps r\u00e9el<\/p>\n<p>    S&rsquo;abonner aux alertes de news<\/p>\n","protected":false},"excerpt":{"rendered":"Le Grand Prix de Grande-Bretagne a d&rsquo;abord montr\u00e9 des signes tr\u00e8s prometteurs pour Pecco Bagnaia, avant de tourner&hellip;\n","protected":false},"author":2,"featured_media":133025,"comment_status":"","ping_status":"","sticky":false,"template":"","format":"standard","meta":{"footnotes":""},"categories":[1413],"tags":[4950,1011,27,23124,1457,1456,1458,4951,23125,60],"class_list":{"0":"post-133024","1":"post","2":"type-post","3":"status-publish","4":"format-standard","5":"has-post-thumbnail","7":"category-moto","8":"tag-ducati-team","9":"tag-fr","10":"tag-france","11":"tag-gp-de-grande-bretagne","12":"tag-moto","13":"tag-motocycle","14":"tag-motogp","15":"tag-pecco-bagnaia","16":"tag-silverstone","17":"tag-sports"},"share_on_mastodon":{"url":"https:\/\/pubeurope.com\/@fr\/114582631413336272","error":""},"_links":{"self":[{"href":"https:\/\/www.europesays.com\/fr\/wp-json\/wp\/v2\/posts\/133024","targetHints":{"allow":["GET"]}}],"collection":[{"href":"https:\/\/www.europesays.com\/fr\/wp-json\/wp\/v2\/posts"}],"about":[{"href":"https:\/\/www.europesays.com\/fr\/wp-json\/wp\/v2\/types\/post"}],"author":[{"embeddable":true,"href":"https:\/\/www.europesays.com\/fr\/wp-json\/wp\/v2\/users\/2"}],"replies":[{"embeddable":true,"href":"https:\/\/www.europesays.com\/fr\/wp-json\/wp\/v2\/comments?post=133024"}],"version-history":[{"count":0,"href":"https:\/\/www.europesays.com\/fr\/wp-json\/wp\/v2\/posts\/133024\/revisions"}],"wp:featuredmedia":[{"embeddable":true,"href":"https:\/\/www.europesays.com\/fr\/wp-json\/wp\/v2\/media\/133025"}],"wp:attachment":[{"href":"https:\/\/www.europesays.com\/fr\/wp-json\/wp\/v2\/media?parent=133024"}],"wp:term":[{"taxonomy":"category","embeddable":true,"href":"https:\/\/www.europesays.com\/fr\/wp-json\/wp\/v2\/categories?post=133024"},{"taxonomy":"post_tag","embeddable":true,"href":"https:\/\/www.europesays.com\/fr\/wp-json\/wp\/v2\/tags?post=133024"}],"curies":[{"name":"wp","href":"https:\/\/api.w.org\/{rel}","templated":true}]}}