{"id":133026,"date":"2025-05-28T00:29:09","date_gmt":"2025-05-28T00:29:09","guid":{"rendered":"https:\/\/www.europesays.com\/fr\/133026\/"},"modified":"2025-05-28T00:29:09","modified_gmt":"2025-05-28T00:29:09","slug":"linsubmersible-gael-monfils-fidele-a-sa-legende","status":"publish","type":"post","link":"https:\/\/www.europesays.com\/fr\/133026\/","title":{"rendered":"l\u2019insubmersible Ga\u00ebl Monfils fid\u00e8le \u00e0 sa l\u00e9gende"},"content":{"rendered":"<p>Perturb\u00e9 par les cons\u00e9quences de sa chute d\u2019entr\u00e9e de match, le Fran\u00e7ais a longtemps paru devoir perdre face au Bolivien Hugo Dellien, avant de rena\u00eetre de ses cendres pour s\u2019imposer en cinq sets.<\/p>\n<p class=\"fig-paragraph\">Une 12e victoire en cinq sets \u00e0 Roland-Garros. A 38 ans, inoxydable, Ga\u00ebl Monfils a \u00e9crit une nouvelle page de sa l\u00e9gende ce mardi en remontant un retard de deux manches pour se qualifier (4-6, 3-6, 6-1, 7-6, 6-1). Alors certes, il ne s\u2019agissait que d\u2019un 1er tour, face \u00e0 un adversaire qui n\u2019avait rien d\u2019une terreur, bien au contraire, et au terme d\u2019un match o\u00f9 le niveau de jeu a (tr\u00e8s) rarement atteint des sommets. Mais en m\u00eame temps, c\u2019est la \u00abMonf\u2019\u00bb, dont le charisme emporte tout et suffit \u00e0 cr\u00e9er de la magie l\u00e0 o\u00f9, en temps normal, il n\u2019y en aurait pas.<\/p>\n<p class=\"fig-paragraph\">2005 et 2020. En 17 participations jusqu\u2019\u00e0 pr\u00e9sent \u00e0 Roland-Garros, Ga\u00ebl Monfils n\u2019avait connu la d\u00e9faite d\u2019entr\u00e9e qu\u2019\u00e0 deux reprises\u00a0: lors de sa grande premi\u00e8re Porte d\u2019Auteuil, quand il n\u2019avait que 19 ans et qu\u2019il s\u2019\u00e9tait fait cueillir par le redoutable terrien Guillermo Canas (3-6, 1-6, 0-6), et donc en 2020, en plein p\u00e9riode Covid lorsque le tournoi fut d\u00e9cal\u00e9 en septembre et que le Fran\u00e7ais y perdit tous ses rep\u00e8res face au fantasque Alexander Bublik (4-6, 5-7, 6-3, 3-6). Autrement dit, pour le voir perdre pr\u00e9cocement sur sa terre battue parisienne ador\u00e9e, il faut obligatoirement des conditions tr\u00e8s particuli\u00e8res, et des circonstances att\u00e9nuantes. Malheureusement pour lui, l\u2019inattendu est survenu ce mardi soir face \u00e0 Hugo Dellien\u2026<\/p>\n<p class=\"fig-body-link\">\n            \u00c0 lire aussi<br \/>\n        <a class=\"fig-body-link__link\" href=\"http:\/\/www.lefigaro.fr\/sports\/tennis\/roland-garros\/roland-garros-jakub-mensik-chambre-le-public-francais-ambiance-electrique-sur-le-court-14-20250527\" data-fig-type=\"NewsFlash\" data-gtm-custom-categorie=\"navigation\" data-gtm-custom-action=\"crossclick\" data-gtm-custom-label=\"Contextuel\" data-gtm-event=\"customEventSPE\" data-fig-domain=\"LEFIGARO\" target=\"_blank\" rel=\"noopener\">Roland-Garros\u00a0: \u00abC\u2019est n\u2019importe quoi\u00bb, Aliz\u00e9 Cornet cingle le public parisien qui s\u2019en est pris \u00e0 Jakub Mensik<br \/>\n    <\/a>\n<\/p>\n<p class=\"fig-paragraph\">Un Bolivien qui lui-m\u00eame, du haut de ses 31 ans et de sa carri\u00e8re sans relief \u2013 son meilleur classement ATP demeurant une 74e place en 2019 -, ne s\u2019attendait pas \u00e0 \u00eatre \u00e0 pareille f\u00eate. Mais la glorieuse incertitude du sport a encore frapp\u00e9. Au sens propre, et non figur\u00e9, lorsque Ga\u00ebl Monfils, emport\u00e9 par son \u00e9lan tout autant que sa fougue, glissa apr\u00e8s un coup droit en bout de course\u00a0<a href=\"http:\/\/www.lefigaro.fr\/sports\/tennis\/roland-garros\/roland-garros-victime-d-une-lourde-chute-gael-monfils-se-fait-une-grosse-frayeur-video-20250527\" data-fig-type=\"NewsFlash\" data-gtm-custom-categorie=\"navigation\" data-gtm-custom-action=\"crossclick\" data-gtm-custom-label=\"Contextuel\" data-gtm-event=\"customEventSPE\" data-fig-domain=\"LEFIGARO\" target=\"_blank\" rel=\"noopener\">et vint percuter assez violemment la pancarte<\/a>\u00a0publicitaire jouxtant le court du Philippe Chatrier. Le match venait \u00e0 peine de commencer, le Fran\u00e7ais disposait de deux balles de break d\u00e8s le premier jeu et, d\u00e9j\u00e0, le public retenait son souffle. Longtemps soign\u00e9 \u00e0 terre, puis sur sa chaise, le joueur de 38 ans repartait finalement au combat. Mais en mode mineur puisqu\u2019il laissait filer l\u2019occasion de breaker, avant de perdre les trois premiers jeux de la rencontre, truff\u00e9s de fautes directes de sa part. Pas le genre le sc\u00e9nario post-accident esp\u00e9r\u00e9\u2026<\/p>\n<p class=\"fig-paragraph\">Derri\u00e8re, le Parisien parvenait bien \u00e0 se remettre la t\u00eate \u00e0 l\u2019endroit pour revenir sur les talons de son adversaire, au grand bonheur d\u2019une assistance transie d\u2019amour. Mais alors qu\u2019il servait pour \u00e9galiser \u00e0 5-5, la \u00abMonf\u2019\u00bb commettait une terrible double faute sur une balle de set pour le Bolivien, qui n\u2019en demandait pas tant (4-6). N\u00e9anmoins, sur sa lanc\u00e9e, le Fran\u00e7ais breakait pour d\u00e9buter la deuxi\u00e8me manche (2-0). Le d\u00e9but de sa renaissance\u00a0? Pas exactement, \u00e9tant donn\u00e9 qu\u2019il perdait six des sept jeux suivants face \u00e0 un Hugo Dellien plus solide que r\u00e9ellement inspir\u00e9 (3-6). Lest\u00e9 de deux sets de retard, Ga\u00ebl Monfils, fid\u00e8le \u00e0 sa l\u00e9gende de guerrier des courts, n\u2019abdiquait pas pour autant.<\/p>\n<p>Le court Philippe Chatrier en \u00e9bullition<\/p>\n<p class=\"fig-paragraph\">En bon adepte de la remontada, le Fran\u00e7ais a alors pris sa raquette de p\u00e8lerin pour enflammer le public et survoler un troisi\u00e8me set \u00e0 sens unique (6-1). D\u2019autant qu\u2019en face de lui, Hugo Dellien, auteur de 17 fautes directes en sept jeux, faisait soudain bien son classement actuel, \u00e0 savoir 90e mondial (6-1). D\u2019une certaine mani\u00e8re, Ga\u00ebl Monfils n\u2019avait eu qu\u2019\u00e0 se baisser pour saisir l\u2019offrande. Le visage apais\u00e9, arm\u00e9 de l\u2019exp\u00e9rience de toutes ses batailles en cinq sets, le Fran\u00e7ais sentait alors l\u2019odeur du sang face \u00e0 un Sud-Am\u00e9ricain qui n\u2019en menait pas large. En requin de la surface ocre, il jaillissait sur sa proie avec un nouveau break quasi d\u2019entr\u00e9e de quatri\u00e8me set (3-1). Et quand dans la foul\u00e9e le navire tanguait, le 42e mondial pouvait s\u2019appuyer sur la puissance de son service pour garder le cap (4-2, puis 5-3).<\/p>\n<p class=\"fig-body-link\">\n            \u00c0 lire aussi<br \/>\n        <a class=\"fig-body-link__link\" href=\"http:\/\/www.lefigaro.fr\/sports\/tennis\/roland-garros\/roland-garros-en-video-le-coup-de-canon-de-monfils-qui-s-offre-le-quatrieme-set-dans-une-ambiance-de-feu-20250527\" data-fig-type=\"NewsFlash\" data-gtm-custom-categorie=\"navigation\" data-gtm-custom-action=\"crossclick\" data-gtm-custom-label=\"Contextuel\" data-gtm-event=\"customEventSPE\" data-fig-domain=\"LEFIGARO\" target=\"_blank\" rel=\"noopener\">Roland-Garros\u00a0: en vid\u00e9o, le coup de canon de Monfils qui s\u2019offre le quatri\u00e8me set dans une ambiance de feu<br \/>\n    <\/a>\n<\/p>\n<p>Il va falloir r\u00e9cup\u00e9rer avant d\u2019affronter Draper<\/p>\n<p class=\"fig-paragraph\">Sauf qu\u2019\u00e0 5-4, \u00e0 force d\u2019\u00eatre sur la corde raide sur son engagement, la \u00abMonf\u2019\u00bb finissait par se faire surprendre et se retrouver embarqu\u00e9 dans un p\u00e9rilleux jeu d\u00e9cisif. Qu\u2019au grand soulagement du public, il survolait (7 points \u00e0 4), direction son royaume\u00a0: le 5e set. Un territoire sacr\u00e9 o\u00f9, d\u00e9cemment, il ne pouvait plus perdre. Et histoire d\u2019en faire la d\u00e9monstration, il breakait d\u2019entr\u00e9e en incitant du geste un lob de son adversaire \u00e0 \u00eatre trop long (2-0). De quoi galvaniser la foule et faire le show. Ne manquait plus qu\u2019un dernier jeu de dix minutes pour ajouter une ultime touche de dramaturgie, et un double break dans l\u2019escarcelle du Fran\u00e7ais (4-0). Cette fois, la messe \u00e9tait dite pour Dellien, vaincu par un mythe au bout d\u2019un peu plus de 3h30 de jeu (6-1). Qui, au prochain tour, aura fort \u00e0 faire face au 5e mondial, le Britannique Jack Draper.<\/p>\n","protected":false},"excerpt":{"rendered":"Perturb\u00e9 par les cons\u00e9quences de sa chute d\u2019entr\u00e9e de match, le Fran\u00e7ais a longtemps paru devoir perdre face&hellip;\n","protected":false},"author":2,"featured_media":133027,"comment_status":"","ping_status":"","sticky":false,"template":"","format":"standard","meta":{"footnotes":""},"categories":[1412],"tags":[4169,105,1451,2199,1452,1453,1454,1455,1011,27,5385,24473,1960,24472,4171,60,1467,4170],"class_list":{"0":"post-133026","1":"post","2":"type-post","3":"status-publish","4":"format-standard","5":"has-post-thumbnail","7":"category-f1","8":"tag-atp","9":"tag-djokovic","10":"tag-f1","11":"tag-federer","12":"tag-formula-1","13":"tag-formula1","14":"tag-formule-1","15":"tag-formule1","16":"tag-fr","17":"tag-france","18":"tag-gael-monfils","19":"tag-internationaux-de-france","20":"tag-nadal","21":"tag-rg","22":"tag-roland-garros","23":"tag-sports","24":"tag-tennis","25":"tag-wta"},"share_on_mastodon":{"url":"https:\/\/pubeurope.com\/@fr\/114582635349810336","error":""},"_links":{"self":[{"href":"https:\/\/www.europesays.com\/fr\/wp-json\/wp\/v2\/posts\/133026","targetHints":{"allow":["GET"]}}],"collection":[{"href":"https:\/\/www.europesays.com\/fr\/wp-json\/wp\/v2\/posts"}],"about":[{"href":"https:\/\/www.europesays.com\/fr\/wp-json\/wp\/v2\/types\/post"}],"author":[{"embeddable":true,"href":"https:\/\/www.europesays.com\/fr\/wp-json\/wp\/v2\/users\/2"}],"replies":[{"embeddable":true,"href":"https:\/\/www.europesays.com\/fr\/wp-json\/wp\/v2\/comments?post=133026"}],"version-history":[{"count":0,"href":"https:\/\/www.europesays.com\/fr\/wp-json\/wp\/v2\/posts\/133026\/revisions"}],"wp:featuredmedia":[{"embeddable":true,"href":"https:\/\/www.europesays.com\/fr\/wp-json\/wp\/v2\/media\/133027"}],"wp:attachment":[{"href":"https:\/\/www.europesays.com\/fr\/wp-json\/wp\/v2\/media?parent=133026"}],"wp:term":[{"taxonomy":"category","embeddable":true,"href":"https:\/\/www.europesays.com\/fr\/wp-json\/wp\/v2\/categories?post=133026"},{"taxonomy":"post_tag","embeddable":true,"href":"https:\/\/www.europesays.com\/fr\/wp-json\/wp\/v2\/tags?post=133026"}],"curies":[{"name":"wp","href":"https:\/\/api.w.org\/{rel}","templated":true}]}}