{"id":133030,"date":"2025-05-28T00:31:08","date_gmt":"2025-05-28T00:31:08","guid":{"rendered":"https:\/\/www.europesays.com\/fr\/133030\/"},"modified":"2025-05-28T00:31:08","modified_gmt":"2025-05-28T00:31:08","slug":"les-discussions-se-poursuivent-sur-la-possible-parade-du-psg","status":"publish","type":"post","link":"https:\/\/www.europesays.com\/fr\/133030\/","title":{"rendered":"Les discussions se poursuivent sur la possible parade du PSG"},"content":{"rendered":"<p>En cas de victoire du PSG en finale de la Ligue des<br \/>\nchampions, le club aimerait faire une parade dans Paris. Des<br \/>\ndiscussions se poursuivent dans ce sens.<\/p>\n<p>Samedi soir (21 heures, Canal Plus, M6), le<br \/>\n<strong>PSG<\/strong> affronte l\u2019<strong>Inter Milan<\/strong> en<br \/>\nfinale de la <strong><a href=\"https:\/\/canal-supporters.com\/psg-la-programmation-au-fan-meeting-pour-la-finale-de-ldc-face-a-linter-milan\/\" title=\"\" rel=\"nofollow noopener\" target=\"_blank\">Ligue des champions<\/a><\/strong>. Pour sa deuxi\u00e8me finale<br \/>\ndans la comp\u00e9tition apr\u00e8s celle perdue contre le <strong>Bayern<br \/>\nMunich<\/strong> en 2020, le club de la capitale souhaitera cette<br \/>\nfois-ci revenir \u00e0 <strong>Paris<\/strong> avec le troph\u00e9e. Si les<br \/>\nRouge &amp; Bleu remportaient la plus prestigieuse des comp\u00e9titions de<br \/>\nclubs, les dirigeants parisiens aimeraient r\u00e9aliser une parade dans<br \/>\n<strong>Paris<\/strong> le lendemain de la finale. Une possibilit\u00e9<br \/>\nque n\u2019approuvent pas les autorit\u00e9s, notamment en raison de la<br \/>\ns\u00e9curit\u00e9.\u00a0<\/p>\n<p>La possibilit\u00e9<br \/>\nde pr\u00e9sent\u00e9 la C1 sur une sc\u00e8ne devant l\u2019<strong>Arc de<br \/>\nTriomphe<\/strong> pas relanc\u00e9e<\/p>\n<p>Ce mardi, <a href=\"https:\/\/www.lequipe.fr\/Football\/Actualites\/Les-discussions-se-poursuivent-sur-la-parade-du-psg-en-cas-de-victoire-en-ligue-des-champions\/1565416\" target=\"_blank\" rel=\"noopener nofollow\" title=\"\">L\u2019Equipe<\/a> explique<br \/>\nqu\u2019une nouvelle r\u00e9union a eu lieu hier soir du c\u00f4t\u00e9<br \/>\n<strong>pr\u00e9fecture de police de Paris<\/strong>, sur la faisabilit\u00e9<br \/>\nde ce d\u00e9fil\u00e9 urbain. \u00ab\u00a0Une r\u00e9union qui s\u2019est termin\u00e9e au<br \/>\nmoment o\u00f9 les premi\u00e8res informations li\u00e9es au\u00a0drame de<br \/>\n<strong><a href=\"https:\/\/canal-supporters.com\/van-dijk-tres-impressionne-par-le-style-de-jeu-du-psg\/\" title=\"\" rel=\"nofollow noopener\" target=\"_blank\">Liverpool<\/a><\/strong> tombaient (une voiture a fonc\u00e9 dans<br \/>\nla foule pendant les c\u00e9l\u00e9brations du titre de champion d\u2019Angleterre<br \/>\ndes Reds, en faisant 65 bless\u00e9s). Cet \u00e9pisode tragique ne semble<br \/>\npas, en l\u2019\u00e9tat, remettre en cause la possibilit\u00e9 de cette parade du<br \/>\n<strong>PSG<\/strong>, qui verrait donc l\u2019\u00e9quipe de <strong>Luis<br \/>\nEnrique<\/strong> monter les <strong>Champs-\u00c9lys\u00e9es<\/strong>, dans<br \/>\nl\u2019apr\u00e8s-midi du 1er\u00a0juin, dans un bus \u00e0 imp\u00e9riale, dans la<br \/>\nfoul\u00e9e de leur retour en avion \u00e0 Paris, apr\u00e8s avoir pass\u00e9 la nuit<br \/>\ndu samedi \u00e0 dimanche en <strong>Bavi\u00e8re<\/strong>, notamment pour<br \/>\ndes contraintes locales de d\u00e9collage nocturne\u00a0\u00bb, indique<br \/>\nle quotidien sportif. Au d\u00e9but des discussions, le club de la<br \/>\ncapitale r\u00eavait, toujours en cas de sacre, de pr\u00e9senter la<br \/>\n\u00ab\u00a0Coupe aux grandes oreilles\u00a0\u00bb sur une sc\u00e8ne,\u00a0devant<br \/>\nl\u2019<strong>Arc de Triomphe<\/strong>, pour une image symbolique. Une<br \/>\noption refus\u00e9e en fin de semaine derni\u00e8re et qui n\u2019a pas \u00e9t\u00e9<br \/>\nrelanc\u00e9e, face aux pouvoirs publics, par le <strong>Paris<br \/>\nSaint-Germain<\/strong>, explique L\u2019Equipe.<\/p>\n<p>A voir aussi : <a href=\"https:\/\/canal-supporters.com\/ldc-francois-bayrou-garantit-la-securite-absolue-du-quartier-des-champs-elysees-apres-la-finale-de-ldc-entre-le-psg-et-linter-milan\/\" title=\"\" rel=\"nofollow noopener\" target=\"_blank\">LdC \u2013 Fran\u00e7ois Bayrou garantit la s\u00e9curit\u00e9 absolue du<br \/>\nquartier des Champs-Elys\u00e9es apr\u00e8s la finale de LdC entre le PSG et<br \/>\nl\u2019Inter Milan<\/a><\/p>\n<p><a href=\"https:\/\/x.com\/CanalSupporters\" target=\"_blank\" rel=\"noopener nofollow\" title=\"\">canalsupporters.com<\/a><\/p>\n<p>Du c\u00f4t\u00e9 du PSG,<br \/>\nsilence<\/p>\n<p>Concernant ce plan virtuel, le <strong>PSG<\/strong> s\u2019en tient \u00e0<br \/>\nsa ligne de conduite\u00a0: le silence.\u00a0\u00ab\u00a0Ils ne<br \/>\nveulent pas communiquer par superstition\u00a0\u00bb, rappelle un<br \/>\nacteur du dossier. Pour la pr\u00e9fecture de police et les forces de<br \/>\nl\u2019ordre, les enjeux sont connus\u00a0: un dispositif de s\u00e9curit\u00e9<br \/>\nannonc\u00e9\u00a0\u00ab\u00a0exceptionnel\u00a0\u00bb, avec des<br \/>\nincertitudes quant aux incidents \u00e9ventuels, dans la nuit du samedi<br \/>\n31\u00a0mai au dimanche 1er\u00a0juin et, en cas de succ\u00e8s parisien<br \/>\net de validation de la parade, une \u00ab\u00a0sanctuarisation\u00a0\u00bb<br \/>\n(barri\u00e9rage, blocs anti-intrusion\u2026) des <strong><a href=\"https:\/\/canal-supporters.com\/quel-festivite-pour-le-psg-en-cas-de-sacre-en-c1\/\" title=\"\" rel=\"nofollow noopener\" target=\"_blank\">Champs-\u00c9lys\u00e9es<\/a><\/strong> \u00e0 effectuer tr\u00e8s rapidement,<br \/>\nd\u00e8s le dimanche matin, souligne le quotidien sportif.<br \/>\n\u00ab\u00a0Pour le reste, le programme esp\u00e9r\u00e9 par le<br \/>\n<strong>PSG<\/strong>, en version gagnante, n\u2019a pas chang\u00e9 pour le<br \/>\ndimanche, en d\u00e9but de soir\u00e9e\u00a0: direction le <strong>Parc des<br \/>\nPrinces<\/strong>, pour une communion avec les supporters, puis une<br \/>\nr\u00e9ception et un d\u00eener de gala\u00a0\u00bb, conclut<br \/>\nL\u2019Equipe.<\/p><\/p>\n","protected":false},"excerpt":{"rendered":"En cas de victoire du PSG en finale de la Ligue des champions, le club aimerait faire une&hellip;\n","protected":false},"author":2,"featured_media":110361,"comment_status":"","ping_status":"","sticky":false,"template":"","format":"standard","meta":{"footnotes":""},"categories":[1410],"tags":[786,81,448,6984,787,2396,63,1011,27,789,447,18277,25852,626,91,92,93,19330,20357,19331,19332,60,795,796,96],"class_list":{"0":"post-133030","1":"post","2":"type-post","3":"status-publish","4":"format-standard","5":"has-post-thumbnail","7":"category-football","8":"tag-c1","9":"tag-canal-supporters","10":"tag-champions-league","11":"tag-champs-elysees","12":"tag-cs","13":"tag-finale","14":"tag-football","15":"tag-fr","16":"tag-france","17":"tag-ldc","18":"tag-ligue-des-champions","19":"tag-parade","20":"tag-parade-dans-paris","21":"tag-paris","22":"tag-paris-saint-germain","23":"tag-paris-sg","24":"tag-psg","25":"tag-psg-int","26":"tag-psg-inter","27":"tag-psg-inter-milan","28":"tag-psgint","29":"tag-sports","30":"tag-ucl","31":"tag-uefa-champions-league","32":"tag-une"},"share_on_mastodon":{"url":"https:\/\/pubeurope.com\/@fr\/114582643486835416","error":""},"_links":{"self":[{"href":"https:\/\/www.europesays.com\/fr\/wp-json\/wp\/v2\/posts\/133030","targetHints":{"allow":["GET"]}}],"collection":[{"href":"https:\/\/www.europesays.com\/fr\/wp-json\/wp\/v2\/posts"}],"about":[{"href":"https:\/\/www.europesays.com\/fr\/wp-json\/wp\/v2\/types\/post"}],"author":[{"embeddable":true,"href":"https:\/\/www.europesays.com\/fr\/wp-json\/wp\/v2\/users\/2"}],"replies":[{"embeddable":true,"href":"https:\/\/www.europesays.com\/fr\/wp-json\/wp\/v2\/comments?post=133030"}],"version-history":[{"count":0,"href":"https:\/\/www.europesays.com\/fr\/wp-json\/wp\/v2\/posts\/133030\/revisions"}],"wp:featuredmedia":[{"embeddable":true,"href":"https:\/\/www.europesays.com\/fr\/wp-json\/wp\/v2\/media\/110361"}],"wp:attachment":[{"href":"https:\/\/www.europesays.com\/fr\/wp-json\/wp\/v2\/media?parent=133030"}],"wp:term":[{"taxonomy":"category","embeddable":true,"href":"https:\/\/www.europesays.com\/fr\/wp-json\/wp\/v2\/categories?post=133030"},{"taxonomy":"post_tag","embeddable":true,"href":"https:\/\/www.europesays.com\/fr\/wp-json\/wp\/v2\/tags?post=133030"}],"curies":[{"name":"wp","href":"https:\/\/api.w.org\/{rel}","templated":true}]}}