{"id":133036,"date":"2025-05-28T00:35:08","date_gmt":"2025-05-28T00:35:08","guid":{"rendered":"https:\/\/www.europesays.com\/fr\/133036\/"},"modified":"2025-05-28T00:35:08","modified_gmt":"2025-05-28T00:35:08","slug":"les-feux-de-lamour-resume-de-lepisode-du-27-mai-2025-rtbf-resume-et-reactions","status":"publish","type":"post","link":"https:\/\/www.europesays.com\/fr\/133036\/","title":{"rendered":"Les Feux de l&rsquo;Amour: R\u00e9sum\u00e9 de l&rsquo;\u00e9pisode du 27 mai 2025 (Rtbf) | R\u00e9sum\u00e9 et r\u00e9actions"},"content":{"rendered":"<p>Au N\u00e9on \u00c9carlate, <a href=\"https:\/\/www.soap-passion.com\/les-feux-de-l-amour\/personnage\/1289-mariah.html\" target=\"_blank\" rel=\"noopener\">Mariah<\/a> et <a href=\"https:\/\/www.soap-passion.com\/les-feux-de-l-amour\/personnage\/1619-tessa.html\" target=\"_blank\" rel=\"noopener\">Tessa<\/a> sont venues proposer leur aide \u00e0 <a href=\"https:\/\/www.soap-passion.com\/les-feux-de-l-amour\/personnage\/40-sharon.html\" target=\"_blank\" rel=\"noopener\">Sharon<\/a> pour pr\u00e9parer Thanksgiving. Cette ann\u00e9e, <a href=\"https:\/\/www.soap-passion.com\/les-feux-de-l-amour\/personnage\/40-sharon.html\" target=\"_blank\" rel=\"noopener\">Sharon<\/a> s&rsquo;attend \u00e0 ce qu&rsquo;il y ait du monde ! <a href=\"https:\/\/www.soap-passion.com\/les-feux-de-l-amour\/personnage\/6-nick.html\" target=\"_blank\" rel=\"noopener\">Nick<\/a> arrive, et apporte la contribution de Christian ; il tenait \u00e0 participer, et a pr\u00e9par\u00e9 quelques d\u00e9corations \u00e0 accrocher dans le caf\u00e9&#8230; <a href=\"https:\/\/www.soap-passion.com\/les-feux-de-l-amour\/personnage\/6-nick.html\" target=\"_blank\" rel=\"noopener\">Nick<\/a> et <a href=\"https:\/\/www.soap-passion.com\/les-feux-de-l-amour\/personnage\/40-sharon.html\" target=\"_blank\" rel=\"noopener\">Sharon<\/a> regrettent seulement que <a href=\"https:\/\/www.soap-passion.com\/les-feux-de-l-amour\/personnage\/863-faith.html\" target=\"_blank\" rel=\"noopener\">Faith<\/a> ne puisse pas \u00eatre des leurs cette ann\u00e9e.<a href=\"https:\/\/www.soap-passion.com\/les-feux-de-l-amour\/personnage\/1-victoria.html\" target=\"_blank\" rel=\"noopener\">Victoria<\/a> arrive \u00e0 cet instant avec <a href=\"https:\/\/www.soap-passion.com\/les-feux-de-l-amour\/personnage\/1124-johnny.html\" target=\"_blank\" rel=\"noopener\">Johnny<\/a> pour aider ; tandis qu&rsquo;ils discutent avec les autres, <a href=\"https:\/\/www.soap-passion.com\/les-feux-de-l-amour\/personnage\/1089-chelsea.html\" target=\"_blank\" rel=\"noopener\">Chelsea<\/a> et <a href=\"https:\/\/www.soap-passion.com\/les-feux-de-l-amour\/personnage\/1247-connor.html\" target=\"_blank\" rel=\"noopener\">Connor<\/a> arrivent \u00e0 leur tour. M\u00eame s&rsquo;ils ont un repas pr\u00e9vu dans la soir\u00e9e, ils aimeraient participer&#8230; <a href=\"https:\/\/www.soap-passion.com\/les-feux-de-l-amour\/personnage\/1124-johnny.html\" target=\"_blank\" rel=\"noopener\">Johnny<\/a> et <a href=\"https:\/\/www.soap-passion.com\/les-feux-de-l-amour\/personnage\/1-victoria.html\" target=\"_blank\" rel=\"noopener\">Victoria<\/a> s&rsquo;\u00e9changent alors un regard un peu g\u00ean\u00e9.<\/p>\n<p>Au Society, <a href=\"https:\/\/www.soap-passion.com\/les-feux-de-l-amour\/personnage\/71-abby.html\" target=\"_blank\" rel=\"noopener\">Abby<\/a> salue ses parents qui mangent \u00e0 table\u00a0; ils lui demandent si elle se joindra \u00e0 eux pour Thanksgiving avec <a href=\"https:\/\/www.soap-passion.com\/les-feux-de-l-amour\/personnage\/77-chance.html\" target=\"_blank\" rel=\"noopener\">Chance<\/a> et <a href=\"https:\/\/www.soap-passion.com\/les-feux-de-l-amour\/personnage\/1943-dominic.html\" target=\"_blank\" rel=\"noopener\">Dominic<\/a>. &#8230;<\/p>\n<p>    R\u00e9serv\u00e9 aux abonn\u00e9s !<br \/>\n    &#8230; Il vous reste 93% de ce texte \u00e0 lire.<br \/>\n    <br \/>Soutenez Soap-Passion,  <a href=\"https:\/\/www.soap-passion.com\/login\" target=\"_blank\" rel=\"noopener\">abonnez-vous<\/a> pour lire la suite !<\/p>\n<p class=\"text-center fst-italic m-5 pb-5\">Chaque jour en Belgique, d\u00e9couvrez un nouvel \u00e9pisode de \u00ab\u00a0Les Feux de l&rsquo;Amour\u00a0\u00bb\u00e0 11:55 sur la cha\u00eene RTBF<\/p>\n<p>\u00a9 Soap-Passion.com &#8211; Reproduction compl\u00e8te ou partielle interdite <\/p>\n","protected":false},"excerpt":{"rendered":"Au N\u00e9on \u00c9carlate, Mariah et Tessa sont venues proposer leur aide \u00e0 Sharon pour pr\u00e9parer Thanksgiving. Cette ann\u00e9e,&hellip;\n","protected":false},"author":2,"featured_media":133037,"comment_status":"","ping_status":"","sticky":false,"template":"","format":"standard","meta":{"footnotes":""},"categories":[1356],"tags":[58,59,1011,27,1375,252,1364],"class_list":{"0":"post-133036","1":"post","2":"type-post","3":"status-publish","4":"format-standard","5":"has-post-thumbnail","7":"category-television","8":"tag-divertissement","9":"tag-entertainment","10":"tag-fr","11":"tag-france","12":"tag-les-feux-de-l","13":"tag-television","14":"tag-tv"},"share_on_mastodon":{"url":"https:\/\/pubeurope.com\/@fr\/114582658902541522","error":""},"_links":{"self":[{"href":"https:\/\/www.europesays.com\/fr\/wp-json\/wp\/v2\/posts\/133036","targetHints":{"allow":["GET"]}}],"collection":[{"href":"https:\/\/www.europesays.com\/fr\/wp-json\/wp\/v2\/posts"}],"about":[{"href":"https:\/\/www.europesays.com\/fr\/wp-json\/wp\/v2\/types\/post"}],"author":[{"embeddable":true,"href":"https:\/\/www.europesays.com\/fr\/wp-json\/wp\/v2\/users\/2"}],"replies":[{"embeddable":true,"href":"https:\/\/www.europesays.com\/fr\/wp-json\/wp\/v2\/comments?post=133036"}],"version-history":[{"count":0,"href":"https:\/\/www.europesays.com\/fr\/wp-json\/wp\/v2\/posts\/133036\/revisions"}],"wp:featuredmedia":[{"embeddable":true,"href":"https:\/\/www.europesays.com\/fr\/wp-json\/wp\/v2\/media\/133037"}],"wp:attachment":[{"href":"https:\/\/www.europesays.com\/fr\/wp-json\/wp\/v2\/media?parent=133036"}],"wp:term":[{"taxonomy":"category","embeddable":true,"href":"https:\/\/www.europesays.com\/fr\/wp-json\/wp\/v2\/categories?post=133036"},{"taxonomy":"post_tag","embeddable":true,"href":"https:\/\/www.europesays.com\/fr\/wp-json\/wp\/v2\/tags?post=133036"}],"curies":[{"name":"wp","href":"https:\/\/api.w.org\/{rel}","templated":true}]}}