{"id":133042,"date":"2025-05-28T00:38:08","date_gmt":"2025-05-28T00:38:08","guid":{"rendered":"https:\/\/www.europesays.com\/fr\/133042\/"},"modified":"2025-05-28T00:38:08","modified_gmt":"2025-05-28T00:38:08","slug":"un-gastro-enterologue-nous-empresse-de-nous-debarrasser-de-ces-2-ustensiles-de-cuisine-toxiques","status":"publish","type":"post","link":"https:\/\/www.europesays.com\/fr\/133042\/","title":{"rendered":"Un gastro-ent\u00e9rologue nous empresse de nous d\u00e9barrasser de ces 2 ustensiles de cuisine \u00ab\u00a0toxiques\u00a0\u00bb"},"content":{"rendered":"<p>Quand on pense aux substances toxiques auxquelles nous sommes expos\u00e9s au quotidien, ce qui vient imm\u00e9diatement en t\u00eate sont les produits m\u00e9nagers. Mais ces derniers ne sont pas les seuls \u00e0 \u00eatre potentiellement dangereux pour notre organisme. Dans la presse britannique, le Dr Saurabh Sethi, gastro-ent\u00e9rologue, exhorte les lecteurs \u00e0 se d\u00e9barrasser au plus vite de trois objets du quotidien potentiellement tr\u00e8s dangereux pour la sant\u00e9.<\/p>\n<p><strong>1\/ Les bougies parfum\u00e9es <\/strong><\/p>\n<p> \u00ab Elles contiennent des phtalates, connus pour perturber les niveaux hormonaux et provoquer des probl\u00e8mes respiratoires \u00bb, alerte le Dr Sethi. Mais selon l\u2019Ademe (Agence de transition \u00e9cologique), dans un rapport publi\u00e9 en 2017, l\u2019utilisation de bougies parfum\u00e9es peut provoquer des \u00ab irritations respiratoires et oculaires, des c\u00e9phal\u00e9es et des naus\u00e9es \u00bb. En alternative aux bougies parfum\u00e9es, il existe les fondants parfum\u00e9s. Il s\u2019agit de morceaux de cire avec des senteurs, pas directement br\u00fbl\u00e9s mais qui fondent sous l\u2019effet de la chaleur d\u2019une bougie plac\u00e9e en dessous. Cependant, d\u2019apr\u00e8s une r\u00e9cente \u00e9tude publi\u00e9e le 3 f\u00e9vrier dans la revue Lettres sur les sciences et technologies environnementales, des chercheurs ont identifi\u00e9 une production de nanoparticules pouvant entrer dans les poumons et se poser sur les parois et les voies respiratoires. A cause de leur tr\u00e8s petite taille, ces morceaux de cire fondue m\u00e9lang\u00e9s aux \u00e9l\u00e9ments pr\u00e9sents dans l\u2019air peuvent ensuite traverser (&#8230;)<\/p>\n<p><a href=\"https:\/\/www.topsante.com\/medecine\/un-gastro-enterologue-nous-empresse-de-nous-debarrasser-de-ces-2-ustensiles-de-cuisine-toxiques-916837?utm_campaign=partenariat&amp;utm_source=yahoo-articles&amp;utm_medium=flux\" rel=\"nofollow noopener\" target=\"_blank\" data-ylk=\"slk:Lire la suite sur Top Sant\u00e9;elm:context_link;itc:0;sec:content-canvas\" class=\"link \">Lire la suite sur Top Sant\u00e9<\/a><\/p>\n<p><a href=\"https:\/\/www.topsante.com\/medecine\/cancers\/cancer-du-pancreas-cette-boisson-est-finalement-reconnue-par-loms-comme-dangereuse-916793?utm_campaign=partenariat&amp;utm_source=yahoo-articles&amp;utm_medium=flux\" rel=\"nofollow noopener\" target=\"_blank\" data-ylk=\"slk:Cancer du pancr\u00e9as : cette boisson est finalement reconnue par l\u2019OMS comme dangereuse;elm:context_link;itc:0;sec:content-canvas\" class=\"link \">Cancer du pancr\u00e9as : cette boisson est finalement reconnue par l\u2019OMS comme dangereuse<\/a><br \/><a href=\"https:\/\/www.topsante.com\/medecine\/addictions\/jai-retrouve-ma-joie-de-vivre-un-an-sans-tramadol-le-parcours-de-diane-wattrelos-916711?utm_campaign=partenariat&amp;utm_source=yahoo-articles&amp;utm_medium=flux\" rel=\"nofollow noopener\" target=\"_blank\" data-ylk=\"slk:&quot;J&#039;ai retrouv\u00e9 ma joie de vivre&quot; : un an sans Tramadol, le parcours de Diane Wattrelos;elm:context_link;itc:0;sec:content-canvas\" class=\"link \">\u00ab\u00a0J&rsquo;ai retrouv\u00e9 ma joie de vivre\u00a0\u00bb : un an sans Tramadol, le parcours de Diane Wattrelos<\/a><br \/><a href=\"https:\/\/www.topsante.com\/minceur\/perdre_du_poids\/selon-un-celebre-medecin-commencer-chaque-repas-par-cet-aliment-vous-permettra-de-perdre-3-kg-en-3-mois-916771?utm_campaign=partenariat&amp;utm_source=yahoo-articles&amp;utm_medium=flux\" rel=\"nofollow noopener\" target=\"_blank\" data-ylk=\"slk:Selon un c\u00e9l\u00e8bre m\u00e9decin, commencer chaque repas par cet aliment vous permettra de perdre 3 kg en 3 mois;elm:context_link;itc:0;sec:content-canvas\" class=\"link \">Selon un c\u00e9l\u00e8bre m\u00e9decin, commencer chaque repas par cet aliment vous permettra de perdre 3 kg en 3 mois<\/a><br \/><a href=\"https:\/\/www.topsante.com\/medecine\/je-viens-de-me-faire-operer-dun-kyste-ovarien-de-48-cm-voici-5-symptomes-que-jaurais-du-prendre-au-serieux-916744?utm_campaign=partenariat&amp;utm_source=yahoo-articles&amp;utm_medium=flux\" rel=\"nofollow noopener\" target=\"_blank\" data-ylk=\"slk:&quot;Je viens de me faire op\u00e9rer d&#039;un kyste ovarien de 48 cm : voici 5 sympt\u00f4mes que j&#039;aurais d\u00fb prendre au s\u00e9rieux&quot;;elm:context_link;itc:0;sec:content-canvas\" class=\"link \">\u00ab\u00a0Je viens de me faire op\u00e9rer d&rsquo;un kyste ovarien de 48 cm : voici 5 sympt\u00f4mes que j&rsquo;aurais d\u00fb prendre au s\u00e9rieux\u00a0\u00bb<\/a><br \/><a href=\"https:\/\/www.topsante.com\/beaute_soins\/solaire_bronzage\/coup_de_soleil\/la-cause-principale-des-coups-de-soleil-est-enfin-identifiee-et-ce-nest-pas-ce-quon-nous-a-dit-916750?utm_campaign=partenariat&amp;utm_source=yahoo-articles&amp;utm_medium=flux\" rel=\"nofollow noopener\" target=\"_blank\" data-ylk=\"slk:La cause principale des coups de soleil est enfin identifi\u00e9e, et ce n\u2019est pas ce qu\u2019on nous a dit;elm:context_link;itc:0;sec:content-canvas\" class=\"link \">La cause principale des coups de soleil est enfin identifi\u00e9e, et ce n\u2019est pas ce qu\u2019on nous a dit<\/a><\/p>\n","protected":false},"excerpt":{"rendered":"Quand on pense aux substances toxiques auxquelles nous sommes expos\u00e9s au quotidien, ce qui vient imm\u00e9diatement en t\u00eate&hellip;\n","protected":false},"author":2,"featured_media":133043,"comment_status":"","ping_status":"","sticky":false,"template":"","format":"standard","meta":{"footnotes":""},"categories":[10],"tags":[25853,24113,1011,27,72,25854,71,17690,25855],"class_list":{"0":"post-133042","1":"post","2":"type-post","3":"status-publish","4":"format-standard","5":"has-post-thumbnail","7":"category-sante","8":"tag-bougies-parfumees","9":"tag-dr-sethi","10":"tag-fr","11":"tag-france","12":"tag-health","13":"tag-produits-menagers","14":"tag-sante","15":"tag-saurabh-sethi","16":"tag-substances-toxiques"},"share_on_mastodon":{"url":"https:\/\/pubeurope.com\/@fr\/114582670750853363","error":""},"_links":{"self":[{"href":"https:\/\/www.europesays.com\/fr\/wp-json\/wp\/v2\/posts\/133042","targetHints":{"allow":["GET"]}}],"collection":[{"href":"https:\/\/www.europesays.com\/fr\/wp-json\/wp\/v2\/posts"}],"about":[{"href":"https:\/\/www.europesays.com\/fr\/wp-json\/wp\/v2\/types\/post"}],"author":[{"embeddable":true,"href":"https:\/\/www.europesays.com\/fr\/wp-json\/wp\/v2\/users\/2"}],"replies":[{"embeddable":true,"href":"https:\/\/www.europesays.com\/fr\/wp-json\/wp\/v2\/comments?post=133042"}],"version-history":[{"count":0,"href":"https:\/\/www.europesays.com\/fr\/wp-json\/wp\/v2\/posts\/133042\/revisions"}],"wp:featuredmedia":[{"embeddable":true,"href":"https:\/\/www.europesays.com\/fr\/wp-json\/wp\/v2\/media\/133043"}],"wp:attachment":[{"href":"https:\/\/www.europesays.com\/fr\/wp-json\/wp\/v2\/media?parent=133042"}],"wp:term":[{"taxonomy":"category","embeddable":true,"href":"https:\/\/www.europesays.com\/fr\/wp-json\/wp\/v2\/categories?post=133042"},{"taxonomy":"post_tag","embeddable":true,"href":"https:\/\/www.europesays.com\/fr\/wp-json\/wp\/v2\/tags?post=133042"}],"curies":[{"name":"wp","href":"https:\/\/api.w.org\/{rel}","templated":true}]}}