{"id":133046,"date":"2025-05-28T00:40:09","date_gmt":"2025-05-28T00:40:09","guid":{"rendered":"https:\/\/www.europesays.com\/fr\/133046\/"},"modified":"2025-05-28T00:40:09","modified_gmt":"2025-05-28T00:40:09","slug":"face-a-une-karine-le-marchand-consternee-la-redoutable-mimi-marchand-dit-avoir-agi-comme-une-idiote","status":"publish","type":"post","link":"https:\/\/www.europesays.com\/fr\/133046\/","title":{"rendered":"Face \u00e0 une Karine Le Marchand constern\u00e9e, la redoutable Mimi Marchand dit avoir agi \u00ab\u00a0comme une idiote\u00a0\u00bb"},"content":{"rendered":"<p>\u00ab\u00a0Malgr\u00e9 le m\u00e9tier que je fais, j\u2019ai une morale\u00a0\u00bb, assure Mimi Marchand de sa petite voix rauque \u00e0 peine audible, sans sembler convaincre ni \u00e9mouvoir quiconque dans la salle d\u2019audience. \u00c7a fait une petite heure qu\u2019elle s\u2019explique et Karine Le Marchand a d\u00e9j\u00e0 souffl\u00e9 une dizaine de fois, incr\u00e9dule, constern\u00e9e ou furieuse de ce qu\u2019elle entend. Quant \u00e0 la pr\u00e9sidente, elle dit directement\u00a0: \u00ab\u00a0Franchement, Mme Marchand, j\u2019ai du mal \u00e0 vous suivre\u00a0\u00bb.<\/p>\n<p>3\u00a0000 \u20ac pour des photos \u00ab\u00a0invendables\u00a0\u00bb<\/p>\n<p><a href=\"https:\/\/www.letelegramme.fr\/france\/proces-ordonne-pour-lex-reine-de-la-presse-people-mimi-marchand-soupconnee-de-chantage-contre-karine-le-marchand-6650329.php\" rel=\"nofollow noopener\" target=\"_blank\">Les faits<\/a>\u00a0: en f\u00e9vrier 2020, la fille mineure de Karine Le Marchand se retrouve en garde \u00e0 vue pour acquisition de cannabis. L\u2019un des paparazzi habituels de Mimi Marchand planque devant le commissariat en esp\u00e9rant que sa c\u00e9l\u00e8bre m\u00e8re vienne la chercher. Quand il se rend compte que l\u2019animatrice de \u00ab\u00a0L\u2019amour est dans le pr\u00e9\u00a0\u00bb est dans une campagne suisse, le plan perd de son int\u00e9r\u00eat\u00a0: les photos d\u2019une mineure seule, \u00ab\u00a0c\u2019est invendable\u00a0\u00bb.<\/p>\n<p>\u00c0 la barre, Mimi Marchand assure qu\u2019elle n\u2019a jamais r\u00e9clam\u00e9 ces photos, au contraire\u00a0: \u00ab\u00a0J\u2019\u00e9tais tr\u00e8s contrari\u00e9e car elle \u00e9tait mineure et Karine, \u00e0 l\u2019\u00e9poque, est une amie\u00a0\u00bb. Derri\u00e8re elle, l\u2019animatrice nie vigoureusement de la t\u00eate.<\/p>\n<p>\u00ab\u00a0Je lui dis\u00a0: \u00ab\u00a0tu m\u2019envoies \u00e7a tout de suite, il faut pas que \u00e7a fuite\u00a0\u00bb\u00a0\u00bb, soutient encore, devant le tribunal, la petite femme blonde de 78 ans, v\u00eatue d\u2019un ensemble bleu marine en velours satin\u00e9.<\/p>\n<p>Mimi Marchand avait ensuite alert\u00e9 Karine Le Marchand, la rassurant en disant qu\u2019elle avait tout \u00ab\u00a0bloqu\u00e9\u00a0\u00bb en donnant \u00ab\u00a03\u00a0000 euros\u00a0\u00bb au photographe. Pourquoi faire \u00e7a puisque les photos sont invendables\u00a0? Et n\u2019a-t-elle pas toute confiance en ce photographe &#8211; le c\u00e9l\u00e8bre paparazzo S\u00e9bastien Valiela &#8211; avec qui elle travaille depuis 25 ans\u00a0? \u00ab\u00a0Je pr\u00e9f\u00e8re les r\u00e9cup\u00e9rer\u00a0\u00bb, bafouille Mimi Marchand. \u00ab\u00a0Je suis une idiote\u00a0\u00bb, l\u00e2che-t-elle \u00e0 plusieurs reprises.<\/p>\n<p>\u00ab\u00a0Elle peut emp\u00eacher que \u00e7a sorte\u00a0\u00bb<\/p>\n<p>Une assertion difficile \u00e0 croire, vu le profil de la puissante patronne de l\u2019agence Bestimage, celle qui conna\u00eet tout le monde, a longtemps \u00e9t\u00e9 proche de Nicolas Sarkozy, puis de Brigitte et Emmanuel Macron dont elle a organis\u00e9 nombre de \u00ab\u00a0fausses paparazzades\u00a0\u00bb notamment en \u00ab\u00a0maillot de bain sur la plage\u00a0\u00bb comme le d\u00e9crit S\u00e9bastien Valiela, \u00e9galement jug\u00e9. Il est cat\u00e9gorique\u00a0: si elle \u00ab\u00a0voit passer une s\u00e9rie de photos\u00a0\u00bb pas \u00e0 l\u2019avantage d\u2019un de ses c\u00e9l\u00e8bres amis, \u00ab\u00a0elle peut intercepter et emp\u00eacher que \u00e7a sorte\u00a0\u00bb. Elle \u00ab\u00a0arrive en sauveuse\u00a0\u00bb, \u00ab\u00a0attire la sympathie de la personne\u00a0\u00bb, ce qui peut lui \u00eatre utile ensuite, explique-t-il.<\/p>\n<p>La pr\u00e9sidente feint de s\u2019interroger\u00a0: pourquoi faire \u00e7a avec Karine Le Marchand puisque personne n\u2019ach\u00e8terait la photo d\u2019une mineure\u00a0? \u00ab\u00a0Peut-\u00eatre que Karine Le Marchand ne sait pas que cette photo n\u2019est pas vendable. Et elle pense : \u00ab\u00a0merci\u00a0\u00bb\u00bb, imagine le photographe.<\/p>\n<p>\u00ab\u00a0Merci Mimi, je te le revaudrai\u00a0\u00bb, avait effectivement \u00e9crit Karine Le Marchand, avant de lui donner 1\u00a0600 euros (le maximum qu\u2019elle avait pu retirer au distributeur), promettant de compl\u00e9ter rapidement.<\/p>\n<p>\u00ab\u00a0C\u2019est bien qu\u2019elle pense qu\u2019elle a une dette\u00a0\u00bb<\/p>\n<p>\u00c0 la barre, Mimi Marchand conc\u00e8de avoir voulu faire sa \u00ab\u00a0maligne\u00a0\u00bb devant Karine Le Marchand. Se traite \u00e0 nouveau d\u2019\u00ab\u00a0idiote\u00a0\u00bb d\u2019avoir accept\u00e9 cet argent. \u00ab\u00a0Vous ne refusez pas quand elle vous les donne et vous ne refusez pas non plus quand elle vous propose un compl\u00e9ment\u00a0\u00bb, quelques mois plus tard, fait remarquer la pr\u00e9sidente. \u00ab\u00a0Peut-\u00eatre que je consid\u00e8re que c\u2019est bien qu\u2019elle pense qu\u2019elle a une dette\u00a0\u00bb, admet Mimi Marchand.<\/p>\n<p>\u00ab\u00a0Pour une paparazzade arrang\u00e9e\u00a0?\u00a0\u00bb, s\u2019\u00e9tonne la pr\u00e9sidente. \u00ab\u00a0Qu\u2019elle n\u2019acceptait jamais\u00a0\u00bb, se reprend Mimi Marchand. \u00c7a ne l\u2019avait pas emp\u00each\u00e9e de tenter\u00a0: \u00ab\u00a0On peut pas faire des photos de toi, toujours tr\u00e8s belle \u00e0 la plage, seule mais bien gaul\u00e9e\u00a0?\u00a0\u00bb, avait-elle \u00e9crit. Karine Le Marchand avait refus\u00e9. Et finit par signaler \u00e0 la police qu\u2019elle se sentait \u00ab\u00a0harcel\u00e9e\u00a0\u00bb par Mimi Marchand qui n\u2019arr\u00eatait pas de lui demander de la rappeler alors qu\u2019elle manquait de temps. \u00ab\u00a0Ce sera trop tard\u00a0\u00bb, avait envoy\u00e9 Mimi Marchand. \u00ab\u00a0C\u2019est dommage pour la petite\u00a0\u00bb.<\/p>\n","protected":false},"excerpt":{"rendered":"\u00ab\u00a0Malgr\u00e9 le m\u00e9tier que je fais, j\u2019ai une morale\u00a0\u00bb, assure Mimi Marchand de sa petite voix rauque \u00e0&hellip;\n","protected":false},"author":2,"featured_media":133047,"comment_status":"","ping_status":"","sticky":false,"template":"","format":"standard","meta":{"footnotes":""},"categories":[8],"tags":[11,58,765,59,3513,118,1011,27,303,973],"class_list":{"0":"post-133046","1":"post","2":"type-post","3":"status-publish","4":"format-standard","5":"has-post-thumbnail","7":"category-divertissement","8":"tag-actualites","9":"tag-divertissement","10":"tag-en-continu","11":"tag-entertainment","12":"tag-escroquerie","13":"tag-faits-divers","14":"tag-fr","15":"tag-france","16":"tag-justice","17":"tag-people"},"share_on_mastodon":{"url":"https:\/\/pubeurope.com\/@fr\/114582678629293192","error":""},"_links":{"self":[{"href":"https:\/\/www.europesays.com\/fr\/wp-json\/wp\/v2\/posts\/133046","targetHints":{"allow":["GET"]}}],"collection":[{"href":"https:\/\/www.europesays.com\/fr\/wp-json\/wp\/v2\/posts"}],"about":[{"href":"https:\/\/www.europesays.com\/fr\/wp-json\/wp\/v2\/types\/post"}],"author":[{"embeddable":true,"href":"https:\/\/www.europesays.com\/fr\/wp-json\/wp\/v2\/users\/2"}],"replies":[{"embeddable":true,"href":"https:\/\/www.europesays.com\/fr\/wp-json\/wp\/v2\/comments?post=133046"}],"version-history":[{"count":0,"href":"https:\/\/www.europesays.com\/fr\/wp-json\/wp\/v2\/posts\/133046\/revisions"}],"wp:featuredmedia":[{"embeddable":true,"href":"https:\/\/www.europesays.com\/fr\/wp-json\/wp\/v2\/media\/133047"}],"wp:attachment":[{"href":"https:\/\/www.europesays.com\/fr\/wp-json\/wp\/v2\/media?parent=133046"}],"wp:term":[{"taxonomy":"category","embeddable":true,"href":"https:\/\/www.europesays.com\/fr\/wp-json\/wp\/v2\/categories?post=133046"},{"taxonomy":"post_tag","embeddable":true,"href":"https:\/\/www.europesays.com\/fr\/wp-json\/wp\/v2\/tags?post=133046"}],"curies":[{"name":"wp","href":"https:\/\/api.w.org\/{rel}","templated":true}]}}