{"id":133048,"date":"2025-05-28T00:41:08","date_gmt":"2025-05-28T00:41:08","guid":{"rendered":"https:\/\/www.europesays.com\/fr\/133048\/"},"modified":"2025-05-28T00:41:08","modified_gmt":"2025-05-28T00:41:08","slug":"la-guerre-des-satellites-entre-elon-musk-et-apple","status":"publish","type":"post","link":"https:\/\/www.europesays.com\/fr\/133048\/","title":{"rendered":"La guerre des satellites entre Elon Musk et Apple"},"content":{"rendered":"<p>Durant l\u2019\u00e9t\u00e9 2022, Elon Musk a propos\u00e9 \u00e0 Apple d\u2019utiliser les services de Starlink pour les communications satellite qui allaient apparaitre dans l\u2019iPhone 14. Le constructeur a rejet\u00e9 la proposition, poussant le milliardaire \u00e0 lancer en solo son service de t\u00e9l\u00e9phonie par satellite.<\/p>\n<p>Depuis au moins 2015, <strong>Apple<\/strong> s\u2019interroge sur l\u2019opportunit\u00e9 d\u2019investir dans les t\u00e9l\u00e9communications par satellite. Le constructeur informatique avait ainsi discut\u00e9 avec Boeing sur un \u00ab\u00a0projet Eagle\u00a0\u00bb plut\u00f4t ambitieux. Il s\u2019agissait \u00e0 l\u2019\u00e9poque de cr\u00e9er un service d\u2019acc\u00e8s \u00e0 internet par satellite pour l\u2019iPhone et pour la maison.<\/p>\n<p> La rancune d\u2019Elon Musk <\/p>\n<p>Un an plus tard, Tim Cook annulait le projet, comme le rappelle le site The Information. La crainte \u00e9tait de compromettre les relations d\u2019Apple avec l\u2019industrie des t\u00e9l\u00e9coms. Les op\u00e9rateurs sont des partenaires essentiels pour vendre de l\u2019iPhone, et le smartphone a besoin des r\u00e9seaux des op\u00e9rateurs pour fonctionner. Mais d\u00e8s 2018, des conversations s\u2019ouvrent entre Apple et OneWeb (et d\u2019autres fournisseurs satellite) pour investir dans des services d\u2019acc\u00e8s \u00e0 internet par satellite.<\/p>\n<p>Le co\u00fbt ahurissant avanc\u00e9 par OneWeb \u2014 de 30 \u00e0 40 milliards de dollars\u00a0! \u2014 et ces m\u00eames craintes de devoir r\u00e9pondre aux obligations r\u00e9glementaires que les op\u00e9rateurs de t\u00e9l\u00e9phonie mettent de nouveau un terme \u00e0 ce projet. OneWeb fait d\u2019ailleurs faillite en 2020. Mais l\u2019id\u00e9e d\u2019exploiter les satellites continue de faire son chemin chez Apple.<\/p>\n<p>D\u00e9but 2022, Apple et Globalstar scellent leur partenariat, avec l\u2019annonce d\u2019un investissement de 450 millions de dollars dans l\u2019industrie US, dont une bonne partie pour le r\u00e9seau de satellites. Mais sur un coup de t\u00eate, Elon Musk est venu frapper \u00e0 la porte de Cupertino l\u2019\u00e9t\u00e9 de la m\u00eame ann\u00e9e, avec un deal sous le bras.<\/p>\n<p>Le patron de <strong>SpaceX<\/strong> aurait propos\u00e9 \u00e0 Apple un accord d\u2019utilisation exclusive du r\u00e9seau <strong>Starlink<\/strong> pendant 18 moins, le constructeur devant r\u00e9gler la modique somme de 5 milliards de dollars. Ensuite, il faudra allonger 1 milliard chaque ann\u00e9e. Elon Musk pose un ultimatum de 72 heures \u00e0 Apple, assorti de la menace de lancer un r\u00e9seau concurrent si jamais le constructeur rejetait la proposition\u2026 ce qui a \u00e9t\u00e9 le cas.<\/p>\n<p>En ao\u00fbt 2022, SpaceX et T-Mobile d\u00e9voilent leur partenariat pour les messages satellite, <a href=\"https:\/\/www.01net.com\/tests\/starlink-internet-satellite-avis.html\" target=\"_blank\" rel=\"noopener\">via Starlink bien s\u00fbr<\/a>. Une annonce faite deux semaines avant la pr\u00e9sentation de l\u2019iPhone 14, qui <a href=\"https:\/\/www.01net.com\/actualites\/apple-satellite-sos-service-sauver-des-vies.html\" target=\"_blank\" rel=\"noopener\">int\u00e8gre la nouvelle fonction (gratuite\u00a0!) d\u2019appels d\u2019urgence par satellite<\/a>. Elle devient d\u2019ailleurs la caract\u00e9ristique phare de cette g\u00e9n\u00e9ration, alors qu\u2019il n\u2019existe rien d\u2019\u00e9quivalent sur Android.<\/p>\n<p>La rancune tenace, Elon Musk et SpaceX font tout pour ralentir la progression de Globalstar en d\u00e9posant des contestations et des recours contre les demandes d\u2019expansion du r\u00e9seau satellite aupr\u00e8s du r\u00e9gulateur am\u00e9ricain. Depuis, Starlink a fini par faire son apparition dans l\u2019iPhone, avec <a href=\"https:\/\/www.01net.com\/actualites\/apple-active-discretement-service-telephonie-satellite-starlink-iphone.html\" target=\"_blank\" rel=\"noopener\">l\u2019activation (discr\u00e8te) du service de t\u00e9l\u00e9phonie par satellite<\/a> en janvier dernier. Et le service T-Mobile, toujours en b\u00eata, devrait \u00eatre officiellement lanc\u00e9 en juillet.<\/p>\n<p>Mais les tensions sont loin d\u2019\u00eatre termin\u00e9es entre Apple et SpaceX\/Starlink. Elon Musk serait ainsi frustr\u00e9 par le fait que les iPhone plus anciens n\u2019ont pas acc\u00e8s \u00e0 cette technologie, tandis que la firme fait de la connectivit\u00e9 satellitaire un argument de vente pour ses mod\u00e8les plus r\u00e9cents. Reste \u00e0 voir si cette fonction, <a href=\"https:\/\/www.01net.com\/actualites\/apple-ajoute-lassistance-routiere-aux-fonctions-satellite-de-liphone.html\" target=\"_blank\" rel=\"noopener\">qui s\u2019est enrichie au fil du temps<\/a>, restera ind\u00e9finiment en place, et \u00e0 quel prix.<\/p>\n<p>Car les appels d\u2019urgence par satellite demeurent aujourd\u2019hui gratuits. Si Apple devait faire payer le service, l\u2019entreprise se rapprocherait un peu trop dangereusement du statut d\u2019op\u00e9rateur t\u00e9l\u00e9coms, avec les obligations qui s\u2019y rattachent. En interne, certains dirigeants comme le grand patron du logiciel, Craig Federighi, plaideraient pour abandonner cette fonctionnalit\u00e9 et pour ouvrir l\u2019iPhone \u00e0 la concurrence des autres r\u00e9seaux de satellites.<\/p>\n<blockquote>\n<p class=\"text-base text-neutral-700 dark:text-neutral-300\">\ud83d\udd34 Pour ne manquer aucune actualit\u00e9 de 01net, suivez-nous sur <a href=\"https:\/\/news.google.com\/publications\/CAAqBwgKMJPsvAswoIfUAw?hl=fr&amp;gl=FR&amp;ceid=FR%3Afr\" target=\"_blank\" rel=\"noopener\">Google Actualit\u00e9s<\/a> et <a href=\"https:\/\/whatsapp.com\/channel\/0029VaH5gKg6xCSG9nQQhQ1Z\" target=\"_blank\" rel=\"noopener\">WhatsApp<\/a>.<\/p>\n<\/blockquote>\n<p class=\"post-source\">\n            Source :<br \/>\n            <a href=\"https:\/\/www.theinformation.com\/articles\/apples-satellite-ambitions-threatened-elon-musk-internal-resistance\" target=\"_blank\" rel=\"noopener\"><br \/>\n              The Information<br \/>\n            <\/a>\n          <\/p>\n","protected":false},"excerpt":{"rendered":"Durant l\u2019\u00e9t\u00e9 2022, Elon Musk a propos\u00e9 \u00e0 Apple d\u2019utiliser les services de Starlink pour les communications satellite&hellip;\n","protected":false},"author":2,"featured_media":133049,"comment_status":"","ping_status":"","sticky":false,"template":"","format":"standard","meta":{"footnotes":""},"categories":[7],"tags":[733,46,1011,27,43,40,41,39,45,4314,42,44],"class_list":{"0":"post-133048","1":"post","2":"type-post","3":"status-publish","4":"format-standard","5":"has-post-thumbnail","7":"category-sciences-et-technologies","8":"tag-apple","9":"tag-elon-musk","10":"tag-fr","11":"tag-france","12":"tag-science","13":"tag-science-and-technology","14":"tag-sciences","15":"tag-sciences-et-technologies","16":"tag-spacex","17":"tag-starlink","18":"tag-technologies","19":"tag-technology"},"share_on_mastodon":{"url":"https:\/\/pubeurope.com\/@fr\/114582682811752681","error":""},"_links":{"self":[{"href":"https:\/\/www.europesays.com\/fr\/wp-json\/wp\/v2\/posts\/133048","targetHints":{"allow":["GET"]}}],"collection":[{"href":"https:\/\/www.europesays.com\/fr\/wp-json\/wp\/v2\/posts"}],"about":[{"href":"https:\/\/www.europesays.com\/fr\/wp-json\/wp\/v2\/types\/post"}],"author":[{"embeddable":true,"href":"https:\/\/www.europesays.com\/fr\/wp-json\/wp\/v2\/users\/2"}],"replies":[{"embeddable":true,"href":"https:\/\/www.europesays.com\/fr\/wp-json\/wp\/v2\/comments?post=133048"}],"version-history":[{"count":0,"href":"https:\/\/www.europesays.com\/fr\/wp-json\/wp\/v2\/posts\/133048\/revisions"}],"wp:featuredmedia":[{"embeddable":true,"href":"https:\/\/www.europesays.com\/fr\/wp-json\/wp\/v2\/media\/133049"}],"wp:attachment":[{"href":"https:\/\/www.europesays.com\/fr\/wp-json\/wp\/v2\/media?parent=133048"}],"wp:term":[{"taxonomy":"category","embeddable":true,"href":"https:\/\/www.europesays.com\/fr\/wp-json\/wp\/v2\/categories?post=133048"},{"taxonomy":"post_tag","embeddable":true,"href":"https:\/\/www.europesays.com\/fr\/wp-json\/wp\/v2\/tags?post=133048"}],"curies":[{"name":"wp","href":"https:\/\/api.w.org\/{rel}","templated":true}]}}