{"id":133050,"date":"2025-05-28T00:42:26","date_gmt":"2025-05-28T00:42:26","guid":{"rendered":"https:\/\/www.europesays.com\/fr\/133050\/"},"modified":"2025-05-28T00:42:26","modified_gmt":"2025-05-28T00:42:26","slug":"voici-lalpine-a390-une-voiture-electrique-ultra-performante-et-made-in-france","status":"publish","type":"post","link":"https:\/\/www.europesays.com\/fr\/133050\/","title":{"rendered":"Voici l\u2019Alpine A390, une voiture \u00e9lectrique ultra performante et made in France"},"content":{"rendered":"<p>Un an apr\u00e8s l\u2019A290, Alpine l\u00e8ve le voile sur sa 2\u1d49 voiture \u00e9lectrique, la nouvelle A390. Ce grand SUV ultra performant produit en France sera dot\u00e9 de trois moteurs, dont la puissance se rapproche des 500 chevaux.<\/p>\n<p><a href=\"https:\/\/images.frandroid.com\/wp-content\/uploads\/2025\/05\/1-lot1-exter-inter-majeurs-ext-alpinebleuvision-gtsbs1-3-4avantgaucheconducteur-16-9.jpg\" target=\"_blank\" class=\"article-content__figure\" rel=\"noopener\"><img fetchpriority=\"high\" decoding=\"async\" loading=\"eager\" width=\"1200\" height=\"675\" src=\"https:\/\/www.europesays.com\/fr\/wp-content\/uploads\/2025\/05\/1-lot1-exter-inter-majeurs-ext-alpinebleuvision-gtsbs1-3-4avantgaucheconducteur-16-9-1200x675-1.jpg\" alt=\"\" class=\"wp-image-2625779 wp-image wp-image\"  \/><\/a>Cr\u00e9dit : Alpine<\/p>\n<p>N\u00e9e pour la 2\u1d49 fois en 2018, <a href=\"https:\/\/www.frandroid.com\/tag\/alpine\" target=\"_blank\" rel=\"noopener\">Alpine <\/a>est en train de vivre un nouveau tournant. Apr\u00e8s avoir relanc\u00e9 son A110 \u00e0 moteur essence, la marque dieppoise doit d\u00e9sormais \u00e9lectrifier sa gamme, <strong>sous la pression de l\u2019Union Europ\u00e9enne<\/strong>.<\/p>\n<p>C\u2019est dans ce contexte qu\u2019elle a d\u00e9voil\u00e9 en 2024 sa toute premi\u00e8re voiture \u00e9lectrique, une citadine baptis\u00e9e <a href=\"https:\/\/www.frandroid.com\/produits\/voitures\/alpine\/2043366-alpine-a290\" target=\"_blank\" rel=\"noopener\">A290<\/a>, d\u00e9riv\u00e9e de la <a href=\"https:\/\/www.frandroid.com\/produits\/voitures\/renault\/1515362-renault-5-electrique\" target=\"_blank\" rel=\"noopener\">Renault 5 E-Tech<\/a>.<\/p>\n<p>Un grand SUV au style affut\u00e9<\/p>\n<p>Un an plus tard, le constructeur dieppois fond\u00e9 en 1955 fait \u00e0 nouveau parler de lui avec l\u2019arriv\u00e9e de sa deuxi\u00e8me voiture \u00e9lectrique. Annonc\u00e9e par le concept <a href=\"https:\/\/www.frandroid.com\/survoltes\/2364416_on-a-vu-lalpine-a390_%CE%B2-enfin-une-voiture-electrique-francaise-hyper-performante\" target=\"_blank\" rel=\"noopener\">A390_\u03b2\u00a0<\/a>que nous avions d\u00e9couvert au Mondial de l\u2019auto de Paris, cette derni\u00e8re<strong> prend le nom d\u2019Alpine A390<\/strong>. <a href=\"https:\/\/www.frandroid.com\/survoltes\/voitures-electriques\/2625201_on-est-montes-a-bord-de-lalpine-a390-electrique-trois-moteurs-pour-une-puissance-phenomenale\" target=\"_blank\" rel=\"noopener\">On a pu monter dedans pour se faire un premier avis<\/a>.<\/p>\n<p class=\"shortcode-container see-more\">\n    Pour aller plus loin<br \/><a href=\"https:\/\/www.frandroid.com\/survoltes\/voitures-electriques\/2625201_on-est-montes-a-bord-de-lalpine-a390-electrique-trois-moteurs-pour-une-puissance-phenomenale\" target=\"_blank\" rel=\"noopener\">On est mont\u00e9s \u00e0 bord de l\u2019Alpine A390 \u00e9lectrique : trois moteurs pour une puissance ph\u00e9nom\u00e9nale<\/a>\n            <\/p>\n<p>Et sans surprise, il reste tr\u00e8s proche du showcar, malgr\u00e9 quelques petites \u00e9volutions esth\u00e9tiques afin d\u2019\u00eatre compatible avec la grande s\u00e9rie. Cela se voit notamment au niveau de la face avant, dont le traitement est tr\u00e8s l\u00e9g\u00e8rement diff\u00e9rent. N\u00e9anmoins, la voiture conserve<strong> des lignes toujours tr\u00e8s muscl\u00e9es<\/strong>.<\/p>\n<p><a href=\"https:\/\/images.frandroid.com\/wp-content\/uploads\/2025\/05\/12-lot1-exter-inter-majeurs-ext-alpinebleuvision-gtsbs1-3-4arriecregaucheconducteur-16-9.jpg\" target=\"_blank\" class=\"article-content__figure\" rel=\"noopener\"><img loading=\"lazy\" decoding=\"async\" width=\"1200\" height=\"675\" src=\"https:\/\/www.europesays.com\/fr\/wp-content\/uploads\/2025\/05\/12-lot1-exter-inter-majeurs-ext-alpinebleuvision-gtsbs1-3-4arriecregaucheconducteur-16-9-1200x675.jp.jpeg\" alt=\"\" class=\"wp-image-2625773 wp-image\"  \/><\/a>Cr\u00e9dit : Alpine<\/p>\n<p>Attention, ne parlez pas de SUV, mais<strong> plut\u00f4t de \u00ab\u00a0Sport Fastback\u00a0\u00bb <\/strong>pour qualifier cette nouvelle arrivante dans le catalogue. Et ce malgr\u00e9 sa garde au sol \u00e9lev\u00e9e, et ses grandes<strong> jantes allant jusqu\u2019\u00e0 21 pouces<\/strong>. On remarque aussi que les passages de roues sont compl\u00e9t\u00e9s par des inserts en noir brillant. La silhouette est quant \u00e0 elle tr\u00e8s \u00e9lanc\u00e9e et dynamique, avec une ligne de toit particuli\u00e8rement inclin\u00e9e, tout comme la lunette arri\u00e8re. De quoi all\u00e9ger visuellement le v\u00e9hicule, qui affiche des dimensions assez g\u00e9n\u00e9reuses.<\/p>\n<p>Il mesure en effet <strong>4,62 m\u00e8tres de long<\/strong>, soit 15 centim\u00e8tres de plus qu\u2019un <a href=\"https:\/\/www.frandroid.com\/produits\/voitures\/renault\/1786433-renault-scenic-e-tech\" target=\"_blank\" rel=\"noopener\">Sc\u00e9nic E-Tech<\/a>, pour 1,53 m\u00e8tre de haut\u00a0et 1,89 m\u00e8tre de large. Un gabarit assez massif pour cette Alpine A390, qui affiche clairement ses ambitions sportives. De profil, les flancs sont sculpt\u00e9s, tandis que la face avant se pare de prises d\u2019air assez massives. On retrouve \u00e9galement<strong> un motif en forme de triangle<\/strong> un peu partout, comme une signature de la marque tricolore. Et la partie arri\u00e8re vaut \u00e9galement le coup d\u2019\u0153il.<\/p>\n<p><a href=\"https:\/\/images.frandroid.com\/wp-content\/uploads\/2025\/05\/7-lot1-exter-inter-majeurs-ext-alpinebleuvision-gtsbs1-elevationconducteur-16-9.jpg\" target=\"_blank\" class=\"article-content__figure\" rel=\"noopener\"><img loading=\"lazy\" decoding=\"async\" width=\"1200\" height=\"675\" src=\"https:\/\/www.europesays.com\/fr\/wp-content\/uploads\/2025\/05\/7-lot1-exter-inter-majeurs-ext-alpinebleuvision-gtsbs1-elevationconducteur-16-9-1200x675.jpg\" alt=\"\" class=\"wp-image-2625775 wp-image\"  \/><\/a>Cr\u00e9dit : Alpine<\/p>\n<p>Tr\u00e8s sportive, cette derni\u00e8re a le droit \u00e0 une signature lumineuse prenant la forme d\u2019<strong>une fine bande \u00e0 LED<\/strong>. On remarque que le nom du constructeur est inscrit en lettres r\u00e9tro-\u00e9clair\u00e9es \u00e9galement. Le bouclier est quant \u00e0 lui peint en noir brillant. Malheureusement, Alpine n\u2019a pas encore donn\u00e9 de pr\u00e9cisions sur le <a href=\"https:\/\/www.frandroid.com\/survoltes\/voitures-electriques\/1723317_les-secrets-de-laerodynamisme-pourquoi-le-cx-est-crucial-pour-les-voitures-electriques\" target=\"_blank\" rel=\"noopener\">Cx (coefficient de tra\u00een\u00e9e)<\/a> de sa nouvelle A390 pour le moment. Celle-ci <strong>se d\u00e9clinera en six teintes de carrosserie<\/strong>, dont le superbe Bleu Alpine Vision des photos officielles.<\/p>\n<p>Un poste de conduite dans la continuit\u00e9<\/p>\n<p>Si le style ext\u00e9rieur de la nouvelle Alpine A390 est tr\u00e8s diff\u00e9rent du reste de la gamme, le poste de conduite est quant \u00e0 lui plus familier. Et pour cause, <strong>il reprend les grandes lignes de celui du Renault Sc\u00e9nic E-Tech<\/strong>, avec quelques touches reprises de l\u2019A290, comme le volant sport ou le s\u00e9lecteur de rapport sur la console centrale.<\/p>\n<p><a href=\"https:\/\/images.frandroid.com\/wp-content\/uploads\/2025\/05\/25-lot1-exter-inter-majeurs-int-alpinebleuvision-gtsbs1-grandinteurieur3vueconsole.jpg\" target=\"_blank\" class=\"article-content__figure\" rel=\"noopener\"><img loading=\"lazy\" decoding=\"async\" width=\"1200\" height=\"800\" src=\"https:\/\/www.europesays.com\/fr\/wp-content\/uploads\/2025\/05\/25-lot1-exter-inter-majeurs-int-alpinebleuvision-gtsbs1-grandinteurieur3vueconsole-1200x800.jpg\" alt=\"\" class=\"wp-image-2625763 wp-image\"  \/><\/a>Cr\u00e9dit : Alpine<\/p>\n<p>            <img decoding=\"async\" width=\"1200\" height=\"446\" loading=\"lazy\" alt=\"Mini A\" title=\"Mini A\" class=\"is-radiusless placeholder-default wp-image\" src=\"https:\/\/www.europesays.com\/fr\/wp-content\/uploads\/2025\/05\/mini-a-1200x446.png\" \/>        <\/p>\n<p>\n                MINI Countryman : l\u2019aventure 100% \u00e9lectrique            <\/p>\n<p class=\"has-text-weight-medium is-size-6 is-line-height-normal\">\n                Et si vous mettiez un peu d\u2019aventure dans votre week-end ? Rien de plus simple avec le MINI Countryman, il vous suffit de r\u00e9server votre essai d\u00e8s maintenant en ligne ou dans votre MINI Store le plus proche.            <\/p>\n<p>Nous retrouvons donc une disposition similaire au SUV Renault, avec un \u00e9cran tactile vertical <strong>de 12 pouces<\/strong>. Celui-ci repose sur Android Automotive et int\u00e8gre Google Assistant ainsi qu\u2019un <a href=\"https:\/\/www.frandroid.com\/tag\/planificateur-ditineraire\" target=\"_blank\" rel=\"noopener\">planificateur d\u2019itin\u00e9raire<\/a> inclus dans Maps, qui g\u00e8re la navigation. Il est aussi compatible avec <a href=\"https:\/\/www.frandroid.com\/tag\/apple-carplay\" target=\"_blank\" rel=\"noopener\">Apple CarPlay<\/a> et <a href=\"https:\/\/www.frandroid.com\/android\/android-auto\" target=\"_blank\" rel=\"noopener\">Android Auto<\/a>.<\/p>\n<p>Le conducteur peut aussi <strong>profiter d\u2019Alpine Telemetrics<\/strong>, qui affiche toutes sortes de donn\u00e9es sur la voiture. Bien s\u00fbr, nous retrouvons aussi un combin\u00e9 d\u2019instrumentation num\u00e9rique d\u2019une diagonale de 12,3 pouces. Celui-ci est personnalisable et il affiche toutes les informations n\u00e9cessaires \u00e0 la conduite. On retrouve enfin<strong> plusieurs ports USB-C<\/strong> et un chargeur pour smartphone \u00e0 induction.<\/p>\n<p><a href=\"https:\/\/images.frandroid.com\/wp-content\/uploads\/2025\/05\/52-lot3-closeup-interieurs-int-alpinebleuvision-gtsbs1-feelatonecockpit.jpg\" target=\"_blank\" class=\"article-content__figure\" rel=\"noopener\"><img loading=\"lazy\" decoding=\"async\" width=\"1200\" height=\"800\" src=\"https:\/\/www.europesays.com\/fr\/wp-content\/uploads\/2025\/05\/52-lot3-closeup-interieurs-int-alpinebleuvision-gtsbs1-feelatonecockpit-1200x800.jpg\" alt=\"\" class=\"wp-image-2629029 wp-image\"  \/><\/a>Cr\u00e9dit : Alpine<\/p>\n<p>L\u2019habitabilit\u00e9 et le confort sont les ma\u00eetre-mots \u00e0 bord de cette nouvelle arrivante dans la gamme, dont l\u2019empattement est<strong> annonc\u00e9 \u00e0 2,71 m\u00e8tres<\/strong>. Comme nous avons pu le voir lors de notre premi\u00e8re d\u00e9couverte de la voiture, la banquette arri\u00e8re est agr\u00e9able et la garde au toit est \u00e9galement assez g\u00e9n\u00e9reuse. Le volume de coffre est affich\u00e9 \u00e0 532 litres.<\/p>\n<p>Il faut \u00e9galement noter que la nouvelle Alpine A390 fait appel \u00e0<strong> l\u2019entreprise fran\u00e7aise Devialet <\/strong>pour fournir le syst\u00e8me audio,<a href=\"https:\/\/www.frandroid.com\/survoltes\/voitures-electriques\/1645003_grande-premiere-le-son-parfait-a-la-francaise-sinvite-dans-un-suv-electrique-soutenu-par-mercedes\" target=\"_blank\" rel=\"noopener\"> comme sur la Denza N7<\/a>. Les passagers ont le droit \u00e0 deux versions, allant<strong> jusqu\u2019\u00e0 13 haut-parleurs <\/strong>pour une ambiance totalement immersive. Outre l\u2019habitabilit\u00e9, un travail important a \u00e9galement \u00e9t\u00e9 effectu\u00e9 sur la qualit\u00e9 des mat\u00e9riaux.<\/p>\n<p><a href=\"https:\/\/images.frandroid.com\/wp-content\/uploads\/2025\/05\/124-scaled.jpg\" target=\"_blank\" class=\"article-content__figure\" rel=\"noopener\"><img loading=\"lazy\" decoding=\"async\" width=\"1200\" height=\"801\" src=\"https:\/\/www.europesays.com\/fr\/wp-content\/uploads\/2025\/05\/124-1200x801.jpg\" alt=\"\" class=\"wp-image-2625267 wp-image\"  \/><\/a>Alpine A390 \/\/ Source : Thomas Antoine pour Alpine<\/p>\n<p>Alpine annonce dans son communiqu\u00e9 que le volant est <strong>recouvert de cuir Nappa<\/strong>, que l\u2019on retrouve aussi sur les si\u00e8ges baquet Alpine Sport Seat. Ces derniers sont r\u00e9glables \u00e9lectriquement et sont \u00e9galement chauffants. \u00c0 noter qu\u2019ils sont recouverts d\u2019Alcantara, en fonction de la finition choisie. Le SUV peut accueillir <strong>jusqu\u2019\u00e0 cinq personnes \u00e0 son bord<\/strong>, et s\u2019offre une console centrale pratique int\u00e9grant la commande de la bo\u00eete de vitesse, comme sur la citadine A290.<\/p>\n<p>Deux niveaux de puissance au programme<\/p>\n<p>Il faut savoir que la nouvelle Alpine A390 repose sur la <strong>plateforme AmpR Medium<\/strong> d\u00e9velopp\u00e9e par la division du groupe Renault d\u00e9di\u00e9e \u00e0 la voiture \u00e9lectrique, et sur laquelle reposent les M\u00e9gane et Sc\u00e9nic E-Tech.<\/p>\n<p><a href=\"https:\/\/images.frandroid.com\/wp-content\/uploads\/2025\/05\/13-lot1-exter-inter-majeurs-ext-alpinebleuvision-gtsbs1-topshot-02-16-9.jpg\" target=\"_blank\" class=\"article-content__figure\" rel=\"noopener\"><img loading=\"lazy\" decoding=\"async\" width=\"1200\" height=\"675\" src=\"https:\/\/www.europesays.com\/fr\/wp-content\/uploads\/2025\/05\/13-lot1-exter-inter-majeurs-ext-alpinebleuvision-gtsbs1-topshot-02-16-9-1200x675.jpg\" alt=\"\" class=\"wp-image-2625771 wp-image\"  \/><\/a>Cr\u00e9dit : Alpine<\/p>\n<p>\u00c0 la diff\u00e9rence majeure des Renault \u00e9lectrique, la plateforme accueille ici pas moins de <strong>trois moteurs<\/strong>, soit \u00e0 un l\u2019avant et deux \u00e0 l\u2019arri\u00e8re. Cependant, le SUV se d\u00e9cline tout de m\u00eame <strong>en deux versions bien distinctes<\/strong>, avec des puissances qui varient. La gamme commence avec la GT, qui affiche <strong>une puissance de 400 chevaux <\/strong>et qui r\u00e9alise le 0 \u00e0 100 km\/h en 4,8 secondes, pour une vitesse maximale de 200 km\/h.<\/p>\n<p>La seconde, baptis\u00e9e GTS <strong>atteint quant \u00e0 elle les 470 chevaux <\/strong>pour un couple maximal de 808 Nm. Ce qui lui permet d\u2019atteindre les 100 km\/h en seulement 3,9 secondes, tandis que la vitesse de pointe est port\u00e9e \u00e0 220 km\/h.<\/p>\n<p><a href=\"https:\/\/images.frandroid.com\/wp-content\/uploads\/2025\/05\/11-lot1-exter-inter-majeurs-ext-alpinebleuvision-gtsbs1-fullarriecre-16-9.jpg\" target=\"_blank\" class=\"article-content__figure\" rel=\"noopener\"><img loading=\"lazy\" decoding=\"async\" width=\"1200\" height=\"675\" src=\"https:\/\/www.europesays.com\/fr\/wp-content\/uploads\/2025\/05\/11-lot1-exter-inter-majeurs-ext-alpinebleuvision-gtsbs1-fullarriecre-16-9-1200x675.jpg\" alt=\"\" class=\"wp-image-2629031 wp-image\"  \/><\/a>Cr\u00e9dit : Alpine<\/p>\n<p>L\u2019agilit\u00e9 est optimis\u00e9e par<strong> le syst\u00e8me Alpine Torque Vectoring<\/strong>, qui permet une r\u00e9partition optimale du couple entre les trois moteurs et les roues. \u00c0 noter que la voiture peut aussi profiter d\u2019un gain de puissance pendant 10 secondes gr\u00e2ce au bouton Overtake sur le volant. Elle a aussi le droit \u00e0 un mode launch control.<\/p>\n<p>Si l\u2019A390 est disponible avec deux niveaux de puissance, elle n\u2019a en revanche le droit qu\u2019\u00e0 <strong>une seule batterie<\/strong>. Produite en France par Verkor, elle affiche une capacit\u00e9 de 89 kWh utiles, et offre une autonomie maximale de <strong>555 kilom\u00e8tres<\/strong> selon le <a href=\"https:\/\/www.frandroid.com\/comment-faire\/652748_wltp-nedc-epa-comment-mesure-t-on-lautonomie-des-voitures-electriques\" target=\"_blank\" rel=\"noopener\">cycle WLTP<\/a>.<\/p>\n<p>De plus, elle est associ\u00e9e \u00e0 une <a href=\"https:\/\/www.frandroid.com\/survoltes\/voitures-electriques\/1492968_a-quoi-sert-loption-pompe-a-chaleur-sur-les-voitures-electriques\" target=\"_blank\" rel=\"noopener\">pompe \u00e0 chaleur<\/a> livr\u00e9e de s\u00e9rie, de m\u00eame que la <a href=\"https:\/\/www.frandroid.com\/survoltes\/voitures-electriques\/1275609_charge-bidirectionnelle-v2l-v2x-v2g-quest-ce-que-cest-et-a-quoi-ca-sert%E2%80%89\" target=\"_blank\" rel=\"noopener\">charge bidirectionnelle<\/a>, capable d\u2019injecter de l\u2019\u00e9nergie de la batterie vers le r\u00e9seau et d\u2019\u00eatre r\u00e9mun\u00e9r\u00e9 pour.<\/p>\n<p>La recharge s\u2019effectue de 15 \u00e0 80\u00a0% en moins de 25 minutes, \u00e0 une puissance maximale de 190 kW. Et ce alors que la voiture fait l\u2019impasse sur l\u2019<a href=\"https:\/\/www.frandroid.com\/survoltes\/voitures-electriques\/1537354_pourquoi-les-voitures-electriques-800-volts-vont-ringardiser-les-modeles-actuels\" target=\"_blank\" rel=\"noopener\">architecture 800 volts<\/a>.<\/p>\n<p><a href=\"https:\/\/images.frandroid.com\/wp-content\/uploads\/2025\/05\/19-lot1-exter-inter-majeurs-ext-alpinebleuvision-gtsbs1-3-4arriecre-16-9.jpg\" target=\"_blank\" class=\"article-content__figure\" rel=\"noopener\"><img loading=\"lazy\" decoding=\"async\" width=\"1200\" height=\"675\" src=\"https:\/\/www.europesays.com\/fr\/wp-content\/uploads\/2025\/05\/19-lot1-exter-inter-majeurs-ext-alpinebleuvision-gtsbs1-3-4arriecre-16-9-1200x675.jpg\" alt=\"\" class=\"wp-image-2625767 wp-image\"  \/><\/a>Cr\u00e9dit : Alpine<\/p>\n<p>En courant alternatif, elle a le droit \u00e0 <strong>un chargeur embarqu\u00e9 de 11 kW<\/strong>, mais cette puissance peut \u00eatre port\u00e9e \u00e0 22 kW en option. A noter que le SUV propose jusqu\u2019\u00e0 quatre modes de<a href=\"https:\/\/www.frandroid.com\/comment-faire\/comment-fonctionne-la-technologie\/675859_comment-fonctionne-le-systeme-de-freinage-regeneratif\" target=\"_blank\" rel=\"noopener\"> freinage r\u00e9g\u00e9n\u00e9ratif<\/a>, et la conduite \u00e0 une p\u00e9dale, jusqu\u2019\u00e0 l\u2019arr\u00eat complet donc.<\/p>\n<p>Enfin, le constructeur a mis au point deux sonorit\u00e9 Alpine Drive Sound, afin de rendre la conduite plus dynamique. Cependant, et contrairement \u00e0 ce que propose <a href=\"https:\/\/www.frandroid.com\/tag\/abarth\" target=\"_blank\" rel=\"noopener\">Abarth<\/a>, le but n\u2019est pas ici d\u2019imiter le son d\u2019un moteur thermique.<\/p>\n<p>Une production made in France<\/p>\n<p><strong>La nouvelle Alpine A390 sera produite en France<\/strong>, et plus particuli\u00e8rement au sein de l\u2019usine historique de Dieppe, en Normandie. Ce qui pourrait la rendre \u00e9ligible au <a href=\"https:\/\/www.frandroid.com\/survoltes\/voitures-electriques\/660794_bonus-ecologique-dossier\" target=\"_blank\" rel=\"noopener\">bonus \u00e9cologique<\/a>, du moins si son prix reste sous les 47 000 euros \u2013 seuil maximal d\u2019\u00e9ligibilit\u00e9.<\/p>\n<p><a href=\"https:\/\/images.frandroid.com\/wp-content\/uploads\/2025\/05\/5-lot1-exter-inter-majeurs-ext-alpinebleuvision-gtsbs1-7-8avantdroitpassager-16-9.jpg\" target=\"_blank\" class=\"article-content__figure\" rel=\"noopener\"><img loading=\"lazy\" decoding=\"async\" width=\"1200\" height=\"675\" src=\"https:\/\/www.europesays.com\/fr\/wp-content\/uploads\/2025\/05\/5-lot1-exter-inter-majeurs-ext-alpinebleuvision-gtsbs1-7-8avantdroitpassager-16-9-1200x675.jpg\" alt=\"\" class=\"wp-image-2625777 wp-image\"  \/><\/a>Cr\u00e9dit : Alpine<\/p>\n<p>L\u2019Alpine A390 d\u00e9marrera \u00e0 partir de 65 000 euros pour l\u2019entr\u00e9e de gamme et jusqu\u2019\u00e0 76 000 euros pour la version la plus performante. L\u2019ouverture des commandes est fix\u00e9e<strong> au cours du 4\u1d49 trimestre 2025<\/strong>. Les premi\u00e8res livraisons pourraient d\u00e9marrer au d\u00e9but de l\u2019ann\u00e9e 2026.<\/p>\n<p>Une s\u00e9rie sp\u00e9ciale, baptis\u00e9e Alpine A390 Premi\u00e8re, sera d\u2019abord propos\u00e9e dans un premier temps. Les clients pourront alors b\u00e9n\u00e9ficier d\u2019<strong>\u00e9couteurs Devialet X Alpine<\/strong> en \u00e9dition limit\u00e9e pour l\u2019achat de cette derni\u00e8re, sans oublier une ouverture anticip\u00e9e des commandes.<\/p>\n","protected":false},"excerpt":{"rendered":"Un an apr\u00e8s l\u2019A290, Alpine l\u00e8ve le voile sur sa 2\u1d49 voiture \u00e9lectrique, la nouvelle A390. Ce grand&hellip;\n","protected":false},"author":2,"featured_media":133051,"comment_status":"","ping_status":"","sticky":false,"template":"","format":"standard","meta":{"footnotes":""},"categories":[6],"tags":[2674,25856,35,33,34,1011,27,25857],"class_list":{"0":"post-133050","1":"post","2":"type-post","3":"status-publish","4":"format-standard","5":"has-post-thumbnail","7":"category-economie","8":"tag-alpine","9":"tag-alpine-a390","10":"tag-business","11":"tag-economie","12":"tag-economy","13":"tag-fr","14":"tag-france","15":"tag-suv-electrique"},"share_on_mastodon":{"url":"https:\/\/pubeurope.com\/@fr\/114582686730958290","error":""},"_links":{"self":[{"href":"https:\/\/www.europesays.com\/fr\/wp-json\/wp\/v2\/posts\/133050","targetHints":{"allow":["GET"]}}],"collection":[{"href":"https:\/\/www.europesays.com\/fr\/wp-json\/wp\/v2\/posts"}],"about":[{"href":"https:\/\/www.europesays.com\/fr\/wp-json\/wp\/v2\/types\/post"}],"author":[{"embeddable":true,"href":"https:\/\/www.europesays.com\/fr\/wp-json\/wp\/v2\/users\/2"}],"replies":[{"embeddable":true,"href":"https:\/\/www.europesays.com\/fr\/wp-json\/wp\/v2\/comments?post=133050"}],"version-history":[{"count":0,"href":"https:\/\/www.europesays.com\/fr\/wp-json\/wp\/v2\/posts\/133050\/revisions"}],"wp:featuredmedia":[{"embeddable":true,"href":"https:\/\/www.europesays.com\/fr\/wp-json\/wp\/v2\/media\/133051"}],"wp:attachment":[{"href":"https:\/\/www.europesays.com\/fr\/wp-json\/wp\/v2\/media?parent=133050"}],"wp:term":[{"taxonomy":"category","embeddable":true,"href":"https:\/\/www.europesays.com\/fr\/wp-json\/wp\/v2\/categories?post=133050"},{"taxonomy":"post_tag","embeddable":true,"href":"https:\/\/www.europesays.com\/fr\/wp-json\/wp\/v2\/tags?post=133050"}],"curies":[{"name":"wp","href":"https:\/\/api.w.org\/{rel}","templated":true}]}}