{"id":133059,"date":"2025-05-28T00:47:21","date_gmt":"2025-05-28T00:47:21","guid":{"rendered":"https:\/\/www.europesays.com\/fr\/133059\/"},"modified":"2025-05-28T00:47:21","modified_gmt":"2025-05-28T00:47:21","slug":"nouvelle-gouvernance-pour-la-french-tech-saint-etienne-lyon","status":"publish","type":"post","link":"https:\/\/www.europesays.com\/fr\/133059\/","title":{"rendered":"Nouvelle gouvernance pour la French Tech Saint-Etienne Lyon"},"content":{"rendered":"<p><img loading=\"lazy\" decoding=\"async\" alt=\"\u00a9 DR - Denise Hoblingre (Keranova) et Maud Charaf (Hub612) prennent la t\u00eate de la French Tech Saint-Etienne Lyon.\" data-zoom-src=\"https:\/\/www.europesays.com\/fr\/wp-content\/uploads\/2025\/05\/initial-french-tech-saint-etienne-lyon-deux-nouvelles-co-presidentes-mai-2025.jpg\" data-zoomable=\"\" height=\"702\" src=\"https:\/\/www.europesays.com\/fr\/wp-content\/uploads\/2025\/05\/initial-french-tech-saint-etienne-lyon-deux-nouvelles-co-presidentes-mai-2025.jpg\" width=\"1248\"\/>  <\/p>\n<p class=\"article-desc\">\u00a9 DR &#8211; Denise Hoblingre (Keranova) et Maud Charaf (Hub612) prennent la t\u00eate de la French Tech Saint-Etienne Lyon. <\/p>\n<p title=\"La French Tech Saint-Etienne Lyon\">La <strong>French Tech Saint-Etienne Lyon<\/strong>, association au service des <strong>start-up<\/strong>\u00a0de Lyon et de\u00a0<strong>Saint-\u00c9tienne<\/strong> vient de renouveler sa gouvernance avec l\u2019\u00e9lection d\u2019un nouveau conseil d\u2019administration et d\u2019un bureau. Vingt nouveaux membres ont \u00e9t\u00e9 \u00e9lus. <\/p>\n<p>Maud Charaf et Denise Hoblingre nomm\u00e9es \u00e0 la t\u00eate de la French Tech Saint-Etienne Lyon <\/p>\n<p title=\"La French Tech Saint-Etienne Lyon\">\u00c0 sa t\u00eate, deux nouvelles co-pr\u00e9sidentes :\u00a0<strong>Maud Charaf<\/strong>, directrice du Hub612, <a href=\"https:\/\/mesinfos.fr\/69000-lyon\/maud-charaf-creer-d-abord-de-la-valeur-par-le-travail-190478.html\" rel=\"nofollow noopener\" target=\"_blank\">l&rsquo;acc\u00e9l\u00e9rateur de la Caisse d&rsquo;\u00e9pargne Rh\u00f4ne Alpes \u00e0 Lyon<\/a>, et <strong>Denise Hoblingre<\/strong>,\u00a0<a href=\"https:\/\/mesinfos.fr\/auvergne-rhone-alpes\/decideures-2023-focus-sur-denise-hoblingre-keranova-151181.html\" rel=\"nofollow noopener\" target=\"_blank\">CEO de la start-up st\u00e9phanoise Keranova S.A<\/a><strong>.<\/strong> <\/p>\n<p>Elles succ\u00e8dent pour deux ans \u00e0 <strong>Emilie Legoff <\/strong>et<strong> Marc Chassaub\u00e9n\u00e9<\/strong>, et porteront avec le bureau une <strong>feuille de route <\/strong>pour soutenir l\u2019innovation, renforcer l\u2019acc\u00e8s au financement et d\u00e9velopper les opportunit\u00e9s business pour les start-up de Lyon et Saint-\u00c9tienne.<\/p>\n","protected":false},"excerpt":{"rendered":"\u00a9 DR &#8211; Denise Hoblingre (Keranova) et Maud Charaf (Hub612) prennent la t\u00eate de la French Tech Saint-Etienne&hellip;\n","protected":false},"author":2,"featured_media":133060,"comment_status":"","ping_status":"","sticky":false,"template":"","format":"standard","meta":{"footnotes":""},"categories":[9653],"tags":[1111,11,2430,25859,1777,674,1011,27,25858,12,9350,25,4001],"class_list":{"0":"post-133059","1":"post","2":"type-post","3":"status-publish","4":"format-standard","5":"has-post-thumbnail","7":"category-saint-etienne","8":"tag-actu","9":"tag-actualites","10":"tag-auvergne-rhone-alpes","11":"tag-cluster","12":"tag-eu","13":"tag-europe","14":"tag-fr","15":"tag-france","16":"tag-french-tech","17":"tag-news","18":"tag-nominations","19":"tag-republique-francaise","20":"tag-saint-etienne"},"share_on_mastodon":{"url":"https:\/\/pubeurope.com\/@fr\/114582706200711257","error":""},"_links":{"self":[{"href":"https:\/\/www.europesays.com\/fr\/wp-json\/wp\/v2\/posts\/133059","targetHints":{"allow":["GET"]}}],"collection":[{"href":"https:\/\/www.europesays.com\/fr\/wp-json\/wp\/v2\/posts"}],"about":[{"href":"https:\/\/www.europesays.com\/fr\/wp-json\/wp\/v2\/types\/post"}],"author":[{"embeddable":true,"href":"https:\/\/www.europesays.com\/fr\/wp-json\/wp\/v2\/users\/2"}],"replies":[{"embeddable":true,"href":"https:\/\/www.europesays.com\/fr\/wp-json\/wp\/v2\/comments?post=133059"}],"version-history":[{"count":0,"href":"https:\/\/www.europesays.com\/fr\/wp-json\/wp\/v2\/posts\/133059\/revisions"}],"wp:featuredmedia":[{"embeddable":true,"href":"https:\/\/www.europesays.com\/fr\/wp-json\/wp\/v2\/media\/133060"}],"wp:attachment":[{"href":"https:\/\/www.europesays.com\/fr\/wp-json\/wp\/v2\/media?parent=133059"}],"wp:term":[{"taxonomy":"category","embeddable":true,"href":"https:\/\/www.europesays.com\/fr\/wp-json\/wp\/v2\/categories?post=133059"},{"taxonomy":"post_tag","embeddable":true,"href":"https:\/\/www.europesays.com\/fr\/wp-json\/wp\/v2\/tags?post=133059"}],"curies":[{"name":"wp","href":"https:\/\/api.w.org\/{rel}","templated":true}]}}