{"id":133063,"date":"2025-05-28T00:49:17","date_gmt":"2025-05-28T00:49:17","guid":{"rendered":"https:\/\/www.europesays.com\/fr\/133063\/"},"modified":"2025-05-28T00:49:17","modified_gmt":"2025-05-28T00:49:17","slug":"10-500-places-ont-deja-ete-vendues-a-nancy-pour-le-match-de-lequipe-de-france-feminine-ligue-des-nations-j5-france-suisse","status":"publish","type":"post","link":"https:\/\/www.europesays.com\/fr\/133063\/","title":{"rendered":"10 500 places ont d\u00e9j\u00e0 \u00e9t\u00e9 vendues \u00e0 Nancy pour le match de l\u2019\u00e9quipe de France f\u00e9minine &#8211; Ligue des nations &#8211; J5 &#8211; France-Suisse"},"content":{"rendered":"<p>Qui s\u2019y frotte s\u2019y pla\u00eet.<\/p>\n<p data-start=\"61\" data-end=\"403\">Pour la r\u00e9ception de la Suisse ce vendredi 30 mai \u00e0 Nancy, les Bleues attirent le public <strong>: 10 500 billets ont d\u00e9j\u00e0 \u00e9t\u00e9 vendus pour assister \u00e0 la rencontre au stade Marcel-Picot<\/strong>, pour une jauge de 17 000 places.\u00a0<a target=\"_blank\" href=\"https:\/\/www.sofoot.com\/breves\/pas-de-wendie-renard-ni-de-eugenie-le-sommer-appelees-avec-les-bleues-pour-la-ligue-des-nations\" rel=\"nofollow noopener\">Sans Wendie Renard et Eug\u00e9nie Le Sommer, non convoqu\u00e9es,<\/a> l\u2019\u00e9quipe dirig\u00e9e par Laurent Bonadei devra reproduire la performance du match aller, <a target=\"_blank\" href=\"https:\/\/www.sofoot.com\/breves\/ligue-des-nations-feminine-la-france-controle-la-suisse-sandy-baltimore-et-selma-bacha-buteuses\" rel=\"nofollow noopener\">remport\u00e9 2-0 sur le sol helv\u00e8te.<\/a><\/p>\n<p>Trois matchs \u00e0 disputer en juin<\/p>\n<p data-start=\"405\" data-end=\"800\">Premi\u00e8res de leur groupe avec quatre victoires en autant de matchs, <strong>les Bleues sont d\u2019ores et d\u00e9j\u00e0 qualifi\u00e9es pour la phase finale de la Ligue des nations 2024-2025.<\/strong> Elles avaient d\u00e9j\u00e0 atteint la finale lors de la pr\u00e9c\u00e9dente \u00e9dition. Pour conclure id\u00e9alement cette phase de groupes,<strong> l\u2019\u00e9quipe de France f\u00e9minine recevra donc la Suisse, avant de se d\u00e9placer en Islande quatre jours plus tard.<\/strong><\/p>\n<p data-start=\"802\" data-end=\"982\">Laurent Bonadei r\u00e9unira de nouveau son groupe \u00e0 la fin du mois pour disputer deux matchs amicaux :<strong> l\u2019un contre la Belgique le 20 juin, l\u2019autre face au Br\u00e9sil le 27 juin<\/strong>, avant de mettre le cap sur l\u2019Euro.<\/p>\n<p>Une occasion en or de remporter le premier troph\u00e9e majeur de leur histoire.<\/p>\n<p>\t\t\t\t\t\t\t\t\t\t<a class=\"lien-connexe\" href=\"https:\/\/www.sofoot.com\/breves\/kenza-dali-vole-au-secours-deugenie-le-sommer-non-selectionnee-avec-les-bleues\" rel=\"nofollow noopener\" target=\"_blank\">Kenza Dali vole au secours d&rsquo;Eug\u00e9nie Le Sommer<\/a>\t\t\t\t\t<\/p>\n","protected":false},"excerpt":{"rendered":"Qui s\u2019y frotte s\u2019y pla\u00eet. Pour la r\u00e9ception de la Suisse ce vendredi 30 mai \u00e0 Nancy, les&hellip;\n","protected":false},"author":2,"featured_media":133064,"comment_status":"","ping_status":"","sticky":false,"template":"","format":"standard","meta":{"footnotes":""},"categories":[9635],"tags":[1111,47,11,61,69,65,64,1777,674,63,1011,27,775,68,66,1702,12,62,70,25,67],"class_list":{"0":"post-133063","1":"post","2":"type-post","3":"status-publish","4":"format-standard","5":"has-post-thumbnail","7":"category-nancy","8":"tag-actu","9":"tag-actualite","10":"tag-actualites","11":"tag-actus-football","12":"tag-bundesliga","13":"tag-championnats-europeens","14":"tag-equipe-de-france","15":"tag-eu","16":"tag-europe","17":"tag-football","18":"tag-fr","19":"tag-france","20":"tag-grand-est","21":"tag-ligua","22":"tag-ligue-1","23":"tag-nancy","24":"tag-news","25":"tag-news-foot","26":"tag-premier-league","27":"tag-republique-francaise","28":"tag-serie-a"},"share_on_mastodon":{"url":"https:\/\/pubeurope.com\/@fr\/114582713994053051","error":""},"_links":{"self":[{"href":"https:\/\/www.europesays.com\/fr\/wp-json\/wp\/v2\/posts\/133063","targetHints":{"allow":["GET"]}}],"collection":[{"href":"https:\/\/www.europesays.com\/fr\/wp-json\/wp\/v2\/posts"}],"about":[{"href":"https:\/\/www.europesays.com\/fr\/wp-json\/wp\/v2\/types\/post"}],"author":[{"embeddable":true,"href":"https:\/\/www.europesays.com\/fr\/wp-json\/wp\/v2\/users\/2"}],"replies":[{"embeddable":true,"href":"https:\/\/www.europesays.com\/fr\/wp-json\/wp\/v2\/comments?post=133063"}],"version-history":[{"count":0,"href":"https:\/\/www.europesays.com\/fr\/wp-json\/wp\/v2\/posts\/133063\/revisions"}],"wp:featuredmedia":[{"embeddable":true,"href":"https:\/\/www.europesays.com\/fr\/wp-json\/wp\/v2\/media\/133064"}],"wp:attachment":[{"href":"https:\/\/www.europesays.com\/fr\/wp-json\/wp\/v2\/media?parent=133063"}],"wp:term":[{"taxonomy":"category","embeddable":true,"href":"https:\/\/www.europesays.com\/fr\/wp-json\/wp\/v2\/categories?post=133063"},{"taxonomy":"post_tag","embeddable":true,"href":"https:\/\/www.europesays.com\/fr\/wp-json\/wp\/v2\/tags?post=133063"}],"curies":[{"name":"wp","href":"https:\/\/api.w.org\/{rel}","templated":true}]}}