{"id":133076,"date":"2025-05-28T01:01:28","date_gmt":"2025-05-28T01:01:28","guid":{"rendered":"https:\/\/www.europesays.com\/fr\/133076\/"},"modified":"2025-05-28T01:01:28","modified_gmt":"2025-05-28T01:01:28","slug":"dix-clients-dun-restaurant-hospitalises-dont-trois-grievement-a-cause-dun-tataki-de-thon-2","status":"publish","type":"post","link":"https:\/\/www.europesays.com\/fr\/133076\/","title":{"rendered":"Dix clients d\u2019un restaurant hospitalis\u00e9s, dont trois gri\u00e8vement, \u00e0 cause d\u2019un tataki de thon"},"content":{"rendered":"<p>Sc\u00e8ne de panique ce mardi en d\u00e9but d\u2019apr\u00e8s-midi au restaurant L\u2019Unik \u00e0 Bruz, <a href=\"https:\/\/www.20minutes.fr\/rennes\/\" class=\"color-ultramarine c-link\" rel=\"nofollow noopener\" target=\"_blank\">pr\u00e8s de Rennes<\/a>. Alors qu\u2019un groupe de personnes d\u00e9jeunait dans le cadre d\u2019un s\u00e9minaire professionnel, plusieurs d\u2019entre elles ont subitement ressenti des suffocations et des bouff\u00e9es de chaleur ainsi que des rougeurs au visage. Le quotidien <a href=\"http:\/\/ouest-france.fr\/societe\/faits-divers\/victimes-dune-soudaine-intoxication-au-restaurant-dix-clients-a-lhopital-en-ille-et-vilaine-5416b7de-3af5-11f0-88b0-943c4d024772\" target=\"_blank\" class=\"color-ultramarine c-link\" rel=\"nofollow noopener\">Ouest-France <\/a>\u00e9voque une intoxication alimentaire caus\u00e9e par un tataki de thon, \u00e0 base de poisson cru saisi tr\u00e8s bri\u00e8vement \u00e0 feu vif, qui a \u00e9t\u00e9 servi aux clients.<\/p>\n<\/p>\n<p>Contact\u00e9s par 20 Minutes, <a href=\"https:\/\/www.20minutes.fr\/dossier\/pompiers\" class=\"color-ultramarine c-link\" rel=\"nofollow noopener\" target=\"_blank\">les pompiers<\/a> d\u2019Ille-et-Vilaine indiquent avoir pris en charge dix personnes qui ont \u00e9t\u00e9 hospitalis\u00e9es, dont trois transport\u00e9es en urgence absolue. Leurs jours ne sont cependant pas en danger, selon le quotidien.<\/p>\n","protected":false},"excerpt":{"rendered":"Sc\u00e8ne de panique ce mardi en d\u00e9but d\u2019apr\u00e8s-midi au restaurant L\u2019Unik \u00e0 Bruz, pr\u00e8s de Rennes. Alors qu\u2019un&hellip;\n","protected":false},"author":2,"featured_media":133077,"comment_status":"","ping_status":"","sticky":false,"template":"","format":"standard","meta":{"footnotes":""},"categories":[2821],"tags":[1111,47,11,258,829,1777,674,118,7641,1011,27,848,5447,25838,12,6519,10711,1311,584,25,1340,25860],"class_list":{"0":"post-133076","1":"post","2":"type-post","3":"status-publish","4":"format-standard","5":"has-post-thumbnail","7":"category-rennes","8":"tag-actu","9":"tag-actualite","10":"tag-actualites","11":"tag-alimentation","12":"tag-bretagne","13":"tag-eu","14":"tag-europe","15":"tag-faits-divers","16":"tag-faits-divers-rennes","17":"tag-fr","18":"tag-france","19":"tag-ille-et-vilaine","20":"tag-intoxication","21":"tag-intoxication-alimentaire","22":"tag-news","23":"tag-nourriture","24":"tag-poisson","25":"tag-pompiers","26":"tag-rennes","27":"tag-republique-francaise","28":"tag-restaurant","29":"tag-thon"},"share_on_mastodon":{"url":"https:\/\/pubeurope.com\/@fr\/114582761281473006","error":""},"_links":{"self":[{"href":"https:\/\/www.europesays.com\/fr\/wp-json\/wp\/v2\/posts\/133076","targetHints":{"allow":["GET"]}}],"collection":[{"href":"https:\/\/www.europesays.com\/fr\/wp-json\/wp\/v2\/posts"}],"about":[{"href":"https:\/\/www.europesays.com\/fr\/wp-json\/wp\/v2\/types\/post"}],"author":[{"embeddable":true,"href":"https:\/\/www.europesays.com\/fr\/wp-json\/wp\/v2\/users\/2"}],"replies":[{"embeddable":true,"href":"https:\/\/www.europesays.com\/fr\/wp-json\/wp\/v2\/comments?post=133076"}],"version-history":[{"count":0,"href":"https:\/\/www.europesays.com\/fr\/wp-json\/wp\/v2\/posts\/133076\/revisions"}],"wp:featuredmedia":[{"embeddable":true,"href":"https:\/\/www.europesays.com\/fr\/wp-json\/wp\/v2\/media\/133077"}],"wp:attachment":[{"href":"https:\/\/www.europesays.com\/fr\/wp-json\/wp\/v2\/media?parent=133076"}],"wp:term":[{"taxonomy":"category","embeddable":true,"href":"https:\/\/www.europesays.com\/fr\/wp-json\/wp\/v2\/categories?post=133076"},{"taxonomy":"post_tag","embeddable":true,"href":"https:\/\/www.europesays.com\/fr\/wp-json\/wp\/v2\/tags?post=133076"}],"curies":[{"name":"wp","href":"https:\/\/api.w.org\/{rel}","templated":true}]}}