{"id":133080,"date":"2025-05-28T01:03:18","date_gmt":"2025-05-28T01:03:18","guid":{"rendered":"https:\/\/www.europesays.com\/fr\/133080\/"},"modified":"2025-05-28T01:03:18","modified_gmt":"2025-05-28T01:03:18","slug":"rosheim-lensemble-vocal-de-strasbourg-a-ravi-son-public","status":"publish","type":"post","link":"https:\/\/www.europesays.com\/fr\/133080\/","title":{"rendered":"Rosheim. L\u2019Ensemble vocal de Strasbourg a ravi son public"},"content":{"rendered":"<p>Dimanche 25\u00a0mai, l\u2019Ensemble vocal de Strasbourg a retrouv\u00e9 un public d\u2019habitu\u00e9s et de nouveaux amateurs de belle musique pour son concert \u00e0 l\u2019\u00e9glise Saint-Etienne de Rosheim, dans laquelle il vient souvent \u00e0 la p\u00e9riode de No\u00ebl.<\/p>\n<p>L\u2019Ensemble a interpr\u00e9t\u00e9 cette fois-ci le Te Deum  de Giuseppe Verdi, enrichi par la voix cristalline de la soprano Lidia Izossimova. Et la Messa di Gloria  de Giacomo Puccini ponctu\u00e9e par Sangbae Choi, t\u00e9nor, et Maurice Sutter, bass, e pour une belle conciliation de tessitures. Le public conquis est reparti serein.<\/p>\n","protected":false},"excerpt":{"rendered":"Dimanche 25\u00a0mai, l\u2019Ensemble vocal de Strasbourg a retrouv\u00e9 un public d\u2019habitu\u00e9s et de nouveaux amateurs de belle musique&hellip;\n","protected":false},"author":2,"featured_media":133081,"comment_status":"","ping_status":"","sticky":false,"template":"","format":"standard","meta":{"footnotes":""},"categories":[2820],"tags":[1111,11,1687,24625,1777,674,1011,27,775,873,12,25862,25,25861,640],"class_list":{"0":"post-133080","1":"post","2":"type-post","3":"status-publish","4":"format-standard","5":"has-post-thumbnail","7":"category-strasbourg","8":"tag-actu","9":"tag-actualites","10":"tag-culture-loisirs","11":"tag-edition-molsheim-obernai","12":"tag-eu","13":"tag-europe","14":"tag-fr","15":"tag-france","16":"tag-grand-est","17":"tag-musique","18":"tag-news","19":"tag-obernai-rosheim","20":"tag-republique-francaise","21":"tag-rosheim","22":"tag-strasbourg"},"share_on_mastodon":{"url":"https:\/\/pubeurope.com\/@fr\/114582769119300749","error":""},"_links":{"self":[{"href":"https:\/\/www.europesays.com\/fr\/wp-json\/wp\/v2\/posts\/133080","targetHints":{"allow":["GET"]}}],"collection":[{"href":"https:\/\/www.europesays.com\/fr\/wp-json\/wp\/v2\/posts"}],"about":[{"href":"https:\/\/www.europesays.com\/fr\/wp-json\/wp\/v2\/types\/post"}],"author":[{"embeddable":true,"href":"https:\/\/www.europesays.com\/fr\/wp-json\/wp\/v2\/users\/2"}],"replies":[{"embeddable":true,"href":"https:\/\/www.europesays.com\/fr\/wp-json\/wp\/v2\/comments?post=133080"}],"version-history":[{"count":0,"href":"https:\/\/www.europesays.com\/fr\/wp-json\/wp\/v2\/posts\/133080\/revisions"}],"wp:featuredmedia":[{"embeddable":true,"href":"https:\/\/www.europesays.com\/fr\/wp-json\/wp\/v2\/media\/133081"}],"wp:attachment":[{"href":"https:\/\/www.europesays.com\/fr\/wp-json\/wp\/v2\/media?parent=133080"}],"wp:term":[{"taxonomy":"category","embeddable":true,"href":"https:\/\/www.europesays.com\/fr\/wp-json\/wp\/v2\/categories?post=133080"},{"taxonomy":"post_tag","embeddable":true,"href":"https:\/\/www.europesays.com\/fr\/wp-json\/wp\/v2\/tags?post=133080"}],"curies":[{"name":"wp","href":"https:\/\/api.w.org\/{rel}","templated":true}]}}