{"id":133093,"date":"2025-05-28T01:10:12","date_gmt":"2025-05-28T01:10:12","guid":{"rendered":"https:\/\/www.europesays.com\/fr\/133093\/"},"modified":"2025-05-28T01:10:12","modified_gmt":"2025-05-28T01:10:12","slug":"gagnez-le-concert-de-michel-polnareff-a-toulouse","status":"publish","type":"post","link":"https:\/\/www.europesays.com\/fr\/133093\/","title":{"rendered":"Gagnez le concert de MICHEL POLNAREFF \u00e0 Toulouse"},"content":{"rendered":"<p><strong>Michel Polnareff<\/strong> \u2013 Ma derri\u00e8re tourn\u00e9e<\/p>\n<p>L\u00e9gende vivante de la chanson fran\u00e7aise, Michel Polnareff reprend la route en 2025 pour une tourn\u00e9e inoubliable. Ne manquez pas cette occasion unique de revivre ses plus grands succ\u00e8s en live. R\u00e9servez vite\u2026pour sa derri\u00e8re tourn\u00e9e.<\/p>\n<p>Gagnez vos invitations avc <strong>100%RADIO<\/strong> pour le concert ce 03 juin 2025 &#8211; 20 h au z\u00e9nith de Toulouse<\/p>\n","protected":false},"excerpt":{"rendered":"Michel Polnareff \u2013 Ma derri\u00e8re tourn\u00e9e L\u00e9gende vivante de la chanson fran\u00e7aise, Michel Polnareff reprend la route en&hellip;\n","protected":false},"author":2,"featured_media":133094,"comment_status":"","ping_status":"","sticky":false,"template":"","format":"standard","meta":{"footnotes":""},"categories":[2816],"tags":[20747,1111,11,1777,674,1011,27,330,12,2680,25,2312],"class_list":{"0":"post-133093","1":"post","2":"type-post","3":"status-publish","4":"format-standard","5":"has-post-thumbnail","7":"category-toulouse","8":"tag-20747","9":"tag-actu","10":"tag-actualites","11":"tag-eu","12":"tag-europe","13":"tag-fr","14":"tag-france","15":"tag-jeux","16":"tag-news","17":"tag-occitanie","18":"tag-republique-francaise","19":"tag-toulouse"},"share_on_mastodon":{"url":"https:\/\/pubeurope.com\/@fr\/114582796613788368","error":""},"_links":{"self":[{"href":"https:\/\/www.europesays.com\/fr\/wp-json\/wp\/v2\/posts\/133093","targetHints":{"allow":["GET"]}}],"collection":[{"href":"https:\/\/www.europesays.com\/fr\/wp-json\/wp\/v2\/posts"}],"about":[{"href":"https:\/\/www.europesays.com\/fr\/wp-json\/wp\/v2\/types\/post"}],"author":[{"embeddable":true,"href":"https:\/\/www.europesays.com\/fr\/wp-json\/wp\/v2\/users\/2"}],"replies":[{"embeddable":true,"href":"https:\/\/www.europesays.com\/fr\/wp-json\/wp\/v2\/comments?post=133093"}],"version-history":[{"count":0,"href":"https:\/\/www.europesays.com\/fr\/wp-json\/wp\/v2\/posts\/133093\/revisions"}],"wp:featuredmedia":[{"embeddable":true,"href":"https:\/\/www.europesays.com\/fr\/wp-json\/wp\/v2\/media\/133094"}],"wp:attachment":[{"href":"https:\/\/www.europesays.com\/fr\/wp-json\/wp\/v2\/media?parent=133093"}],"wp:term":[{"taxonomy":"category","embeddable":true,"href":"https:\/\/www.europesays.com\/fr\/wp-json\/wp\/v2\/categories?post=133093"},{"taxonomy":"post_tag","embeddable":true,"href":"https:\/\/www.europesays.com\/fr\/wp-json\/wp\/v2\/tags?post=133093"}],"curies":[{"name":"wp","href":"https:\/\/api.w.org\/{rel}","templated":true}]}}